{"id":38063,"date":"2023-10-09T17:56:47","date_gmt":"2023-10-09T20:56:47","guid":{"rendered":"https:\/\/wpa.wscom.com.br\/?p=926717"},"modified":"2023-10-09T17:56:47","modified_gmt":"2023-10-09T20:56:47","slug":"vereador-flavio-cabare-protocola-licenca-apos-ser-filmado-assediando-menina-de-14-anos-no-conde","status":"publish","type":"post","link":"https:\/\/sindaopcpb.org.br\/index.php\/2023\/10\/09\/vereador-flavio-cabare-protocola-licenca-apos-ser-filmado-assediando-menina-de-14-anos-no-conde\/","title":{"rendered":"Vereador Fl\u00e1vio Cabar\u00e9 protocola licen\u00e7a ap\u00f3s ser filmado assediando menina de 14 anos no Conde"},"content":{"rendered":"<p>O vereador Fl\u00e1vio Cabar\u00e9, do munic\u00edpio de Conde, no litoral sul da Para\u00edba, protocolou nesta segunda-feira (09) um pedido de licen\u00e7a de 120 dias. Segundo o vereador, a licen\u00e7a \u00e9 para \u201ctratar de assuntos particulares\u201d. No entanto, o pedido vem no momento em que Cabar\u00e9 passa por uma acusa\u00e7\u00e3o de aliciamento, ap\u00f3s ter sido filmado na semana passada oferecendo dinheiro a uma garota de 14 anos em troca de sexo.<\/p>\n<p>O crime teria ocorrido no dia 2 de setembro e foi denunciado na \u00faltima quarta-feira (4). A proposta de aliciamento da menor de idade pelo parlamentar foi gravada pela adolescente. Com a c\u00e2mera do celular voltada para o seu pr\u00f3prio rosto, a jovem captava a voz do vereador, quando ele insistia para que ela aceitasse R$ 100 em troca da pedofilia por \u201cs\u00f3 dez minutos\u201d.<\/p>\n<p>O parlamentar chegou a publicar um v\u00eddeo nas redes sociais onde alega ter quebrado o p\u00e9, mostrando o membro inchado, para justificar o afastamento.<\/p>\n<p>Ap\u00f3s aceitar o pedido, o presidente da C\u00e2mara Municipal de Conde, Luzimar Mendes, afirmou que a solicita\u00e7\u00e3o \u00e9 um direito garantido do vereador e que, ao deferir o afastamento, estava cumprindo o que \u00e9 estabelecido no Regimento Interno da Casa.<\/p>\n<p>O post <a rel=\"nofollow noopener\" href=\"https:\/\/wscom.com.br\/vereador-flavio-cabare-protocola-licenca-apos-ser-filmado-assediando-menina-de-14-anos-no-conde\/\" target=\"_blank\">Vereador Fl\u00e1vio Cabar\u00e9 protocola licen\u00e7a ap\u00f3s ser filmado assediando menina de 14 anos no Conde<\/a> apareceu primeiro em <a rel=\"nofollow noopener\" href=\"https:\/\/wscom.com.br\/\" target=\"_blank\">WSCOM<\/a>.<\/p>\n","protected":false},"excerpt":{"rendered":"<p>O vereador Fl\u00e1vio Cabar\u00e9, do munic\u00edpio de Conde, no litoral sul da Para\u00edba, protocolou nesta segunda-feira (09) um pedido de licen\u00e7a de 120 dias. Segundo o vereador, a licen\u00e7a \u00e9 para \u201ctratar de assuntos particulares\u201d. No entanto, o pedido vem no momento em que Cabar\u00e9 passa por uma acusa\u00e7\u00e3o de aliciamento, ap\u00f3s ter sido filmado [\u2026]<\/p>\n<p>O post <a rel=\"nofollow\" href=\"https:\/\/wscom.com.br\/vereador-flavio-cabare-protocola-licenca-apos-ser-filmado-assediando-menina-de-14-anos-no-conde\/\">Vereador Fl\u00e1vio Cabar\u00e9 protocola licen\u00e7a ap\u00f3s ser filmado assediando menina de 14 anos no Conde<\/a> apareceu primeiro em <a rel=\"nofollow\" href=\"https:\/\/wscom.com.br\/\">WSCOM<\/a>.<\/p>\n","protected":false},"author":49,"featured_media":0,"comment_status":"closed","ping_status":"closed","sticky":false,"template":"","format":"standard","meta":{"advgb_blocks_editor_width":"","advgb_blocks_columns_visual_guide":"","footnotes":""},"categories":[8481,248,9941,34,9942,3491,9943,47],"tags":[35],"class_list":["post-38063","post","type-post","status-publish","format-standard","hentry","category-aliciamento","category-conde","category-flavio-cabare","category-g1","category-licenca-parlamentar","category-pedofilia","category-politic","category-politica","tag-g1"],"author_meta":{"display_name":"Cristiane Cavalcante","author_link":"https:\/\/sindaopcpb.org.br\/author\/cristiane-cavalcante\/"},"featured_img":null,"coauthors":[],"tax_additional":{"categories":{"linked":["<a href=\"https:\/\/sindaopcpb.org.br\/aliciamento\/\" class=\"advgb-post-tax-term\">Aliciamento<\/a>","<a href=\"https:\/\/sindaopcpb.org.br\/conde\/\" class=\"advgb-post-tax-term\">Conde<\/a>","<a href=\"https:\/\/sindaopcpb.org.br\/flavio-cabare\/\" class=\"advgb-post-tax-term\">fl\u00e1vio cabar\u00e9<\/a>","<a href=\"https:\/\/sindaopcpb.org.br\/g1\/\" class=\"advgb-post-tax-term\">G1<\/a>","<a href=\"https:\/\/sindaopcpb.org.br\/licenca-parlamentar\/\" class=\"advgb-post-tax-term\">licen\u00e7a parlamentar<\/a>","<a href=\"https:\/\/sindaopcpb.org.br\/pedofilia\/\" class=\"advgb-post-tax-term\">Pedofilia<\/a>","<a href=\"https:\/\/sindaopcpb.org.br\/politic\/\" class=\"advgb-post-tax-term\">pol\u00edtic<\/a>","<a href=\"https:\/\/sindaopcpb.org.br\/politica\/\" class=\"advgb-post-tax-term\">POLITICA<\/a>"],"unlinked":["<span class=\"advgb-post-tax-term\">Aliciamento<\/span>","<span class=\"advgb-post-tax-term\">Conde<\/span>","<span class=\"advgb-post-tax-term\">fl\u00e1vio cabar\u00e9<\/span>","<span class=\"advgb-post-tax-term\">G1<\/span>","<span class=\"advgb-post-tax-term\">licen\u00e7a parlamentar<\/span>","<span class=\"advgb-post-tax-term\">Pedofilia<\/span>","<span class=\"advgb-post-tax-term\">pol\u00edtic<\/span>","<span class=\"advgb-post-tax-term\">POLITICA<\/span>"]},"tags":{"linked":["<a href=\"https:\/\/sindaopcpb.org.br\/politica\/\" class=\"advgb-post-tax-term\">g1<\/a>"],"unlinked":["<span class=\"advgb-post-tax-term\">g1<\/span>"]}},"comment_count":"0","relative_dates":{"created":"Publicado 3 anos atr\u00e1s","modified":"Atualizado 3 anos atr\u00e1s"},"absolute_dates":{"created":"Publicado em 9 de outubro de 2023","modified":"Atualizado em 9 de outubro de 2023"},"absolute_dates_time":{"created":"Publicado em 9 de outubro de 2023 17:56","modified":"Atualizado em 9 de outubro de 2023 17:56"},"featured_img_caption":"","series_order":"","_links":{"self":[{"href":"https:\/\/sindaopcpb.org.br\/index.php\/wp-json\/wp\/v2\/posts\/38063","targetHints":{"allow":["GET"]}}],"collection":[{"href":"https:\/\/sindaopcpb.org.br\/index.php\/wp-json\/wp\/v2\/posts"}],"about":[{"href":"https:\/\/sindaopcpb.org.br\/index.php\/wp-json\/wp\/v2\/types\/post"}],"author":[{"embeddable":true,"href":"https:\/\/sindaopcpb.org.br\/index.php\/wp-json\/wp\/v2\/users\/49"}],"replies":[{"embeddable":true,"href":"https:\/\/sindaopcpb.org.br\/index.php\/wp-json\/wp\/v2\/comments?post=38063"}],"version-history":[{"count":1,"href":"https:\/\/sindaopcpb.org.br\/index.php\/wp-json\/wp\/v2\/posts\/38063\/revisions"}],"predecessor-version":[{"id":38064,"href":"https:\/\/sindaopcpb.org.br\/index.php\/wp-json\/wp\/v2\/posts\/38063\/revisions\/38064"}],"wp:attachment":[{"href":"https:\/\/sindaopcpb.org.br\/index.php\/wp-json\/wp\/v2\/media?parent=38063"}],"wp:term":[{"taxonomy":"category","embeddable":true,"href":"https:\/\/sindaopcpb.org.br\/index.php\/wp-json\/wp\/v2\/categories?post=38063"},{"taxonomy":"post_tag","embeddable":true,"href":"https:\/\/sindaopcpb.org.br\/index.php\/wp-json\/wp\/v2\/tags?post=38063"}],"curies":[{"name":"wp","href":"https:\/\/api.w.org\/{rel}","templated":true}]}}