{"id":38026,"date":"2023-10-09T15:52:40","date_gmt":"2023-10-09T18:52:40","guid":{"rendered":"https:\/\/g1.globo.com\/pb\/paraiba\/noticia\/2023\/10\/09\/crianca-e-levada-para-hospital-apos-ser-agredida-e-mordida-por-homem-em-joao-pessoa.ghtml"},"modified":"2023-10-09T15:52:40","modified_gmt":"2023-10-09T18:52:40","slug":"crianca-e-levada-para-hospital-apos-ser-agredida-e-mordida-por-homem-em-joao-pessoa","status":"publish","type":"post","link":"https:\/\/sindaopcpb.org.br\/index.php\/2023\/10\/09\/crianca-e-levada-para-hospital-apos-ser-agredida-e-mordida-por-homem-em-joao-pessoa\/","title":{"rendered":"Crian\u00e7a \u00e9 levada para hospital ap\u00f3s ser agredida e mordida por homem, em Jo\u00e3o Pessoa"},"content":{"rendered":"   <img src=\"https:\/\/s2.glbimg.com\/dr90Jgo11AooVQ-6nVEm2lc3U1I=\/i.s3.glbimg.com\/v1\/AUTH_59edd422c0c84a879bd37670ae4f538a\/internal_photos\/bs\/2018\/u\/4\/k8kMOrQWWKTqRkRnfTxg\/hospital-de-trauma-de-joao-pessoa.jpg\" \/><br \/>     Vizinhos conseguiram conter o suspeito e chamaram a pol\u00edcia. Caso foi encaminhado para a Delegacia da Inf\u00e2ncia e Juventude. Crian\u00e7a de 2 anos \u00e9 agredida e mordida por homem, no Gerv\u00e1sio Maia, em Jo\u00e3o Pessoa\nUma menina de 2 anos foi mordida e agredida por um homem no \u00faltimo s\u00e1bado (7), no Gerv\u00e1sio Maia, em Jo\u00e3o Pessoa. O suspeito teria entrado em surto ap\u00f3s pedir uma l\u00e2mina de barbear e se trancou com a crian\u00e7a em um quarto, segundo informa\u00e7\u00f5es da pol\u00edcia. \nSegundo a delegada Amindonzele Oliveira, a m\u00e3e da v\u00edtima conheceu o suspeito h\u00e1 quatro dias, e ele pediu ajuda para morar com ela porque estava vivendo na rua. \nNa casa dela, ap\u00f3s pedir uma l\u00e2mina de barbear, o suspeito entrou em surto, pegou a v\u00edtima e se trancou no quarto. \nA m\u00e3e conseguiu arrombar a porta, mas foi agredida fisicamente ao tentar proteger a crian\u00e7a. Os vizinhos escutaram os gritos e foram ao encontro da m\u00e3e e da menina. Eles conseguiram conter o suspeito e chamaram a pol\u00edcia.\nA beb\u00ea teve o cabelo puxado e est\u00e1 com marcas de mordidas fundas no rosto, nas costas e em outras partes do corpo. \nA delegada explicou que o suspeito j\u00e1 tinha tr\u00eas medidas protetivas instauradas e dois autos de pris\u00e3o em flagrante e estava solto pela justi\u00e7a com tornozeleira eletr\u00f4nica.\nEle foi encaminhado para o Hospital de Emerg\u00eancia e Trauma de Jo\u00e3o Pessoa com ferimentos na cabe\u00e7a, uma vez que foi agredido pela popula\u00e7\u00e3o, e est\u00e1 sob cust\u00f3dia da Pol\u00edcia, esperando para ser encaminhado para o pres\u00eddio. O estado de sa\u00fade dele \u00e9 est\u00e1vel. \nSegundo o conselheiro tutelar Carlos Alberto, foi feito um exame sexol\u00f3gico e de corpo de delito na Delegacia da Mulher, e o perito n\u00e3o constatou abuso sexual na crian\u00e7a.\nA v\u00edtima foi deixada com a m\u00e3e e av\u00f3 materna ap\u00f3s receber os cuidados m\u00e9dicos devido aos seus ferimentos. A m\u00e3e da menina tamb\u00e9m pediu medida protetiva contra o suspeito.\nO caso foi encaminhado para a Delegacia da Inf\u00e2ncia e Juventude. O Conselho Tutelar continuar\u00e1 acompanhando o caso. \nHospital de Emerg\u00eancia e Trauma de Jo\u00e3o Pessoa\nReprodu\u00e7\u00e3o\/TV Cabo Branco\nV\u00eddeos mais assistidos do g1 Para\u00edba  ","protected":false},"excerpt":{"rendered":"<p>        Vizinhos conseguiram conter o suspeito e chamaram a pol\u00edcia. Caso foi encaminhado para a Delegacia da Inf\u00e2ncia e Juventude. Crian\u00e7a de 2 anos \u00e9 agredida e mordida por homem, no Gerv\u00e1sio Maia, em Jo\u00e3o Pessoa<br \/>\nUma menina de 2 anos foi mordida e ag&#8230;<\/p>\n","protected":false},"author":2,"featured_media":0,"comment_status":"closed","ping_status":"closed","sticky":false,"template":"","format":"standard","meta":{"advgb_blocks_editor_width":"","advgb_blocks_columns_visual_guide":"","footnotes":""},"categories":[34],"tags":[35],"class_list":["post-38026","post","type-post","status-publish","format-standard","hentry","category-g1","tag-g1"],"author_meta":{"display_name":"g1 &gt; Para\u00edba","author_link":"https:\/\/sindaopcpb.org.br\/author\/g1-paraiba\/"},"featured_img":null,"coauthors":[],"tax_additional":{"categories":{"linked":["<a href=\"https:\/\/sindaopcpb.org.br\/g1\/\" class=\"advgb-post-tax-term\">G1<\/a>"],"unlinked":["<span class=\"advgb-post-tax-term\">G1<\/span>"]},"tags":{"linked":["<a href=\"https:\/\/sindaopcpb.org.br\/g1\/\" class=\"advgb-post-tax-term\">g1<\/a>"],"unlinked":["<span class=\"advgb-post-tax-term\">g1<\/span>"]}},"comment_count":"0","relative_dates":{"created":"Publicado 3 anos atr\u00e1s","modified":"Atualizado 3 anos atr\u00e1s"},"absolute_dates":{"created":"Publicado em 9 de outubro de 2023","modified":"Atualizado em 9 de outubro de 2023"},"absolute_dates_time":{"created":"Publicado em 9 de outubro de 2023 15:52","modified":"Atualizado em 9 de outubro de 2023 15:52"},"featured_img_caption":"","series_order":"","_links":{"self":[{"href":"https:\/\/sindaopcpb.org.br\/index.php\/wp-json\/wp\/v2\/posts\/38026","targetHints":{"allow":["GET"]}}],"collection":[{"href":"https:\/\/sindaopcpb.org.br\/index.php\/wp-json\/wp\/v2\/posts"}],"about":[{"href":"https:\/\/sindaopcpb.org.br\/index.php\/wp-json\/wp\/v2\/types\/post"}],"author":[{"embeddable":true,"href":"https:\/\/sindaopcpb.org.br\/index.php\/wp-json\/wp\/v2\/users\/2"}],"replies":[{"embeddable":true,"href":"https:\/\/sindaopcpb.org.br\/index.php\/wp-json\/wp\/v2\/comments?post=38026"}],"version-history":[{"count":1,"href":"https:\/\/sindaopcpb.org.br\/index.php\/wp-json\/wp\/v2\/posts\/38026\/revisions"}],"predecessor-version":[{"id":38027,"href":"https:\/\/sindaopcpb.org.br\/index.php\/wp-json\/wp\/v2\/posts\/38026\/revisions\/38027"}],"wp:attachment":[{"href":"https:\/\/sindaopcpb.org.br\/index.php\/wp-json\/wp\/v2\/media?parent=38026"}],"wp:term":[{"taxonomy":"category","embeddable":true,"href":"https:\/\/sindaopcpb.org.br\/index.php\/wp-json\/wp\/v2\/categories?post=38026"},{"taxonomy":"post_tag","embeddable":true,"href":"https:\/\/sindaopcpb.org.br\/index.php\/wp-json\/wp\/v2\/tags?post=38026"}],"curies":[{"name":"wp","href":"https:\/\/api.w.org\/{rel}","templated":true}]}}