{"id":38007,"date":"2023-10-09T15:34:01","date_gmt":"2023-10-09T18:34:01","guid":{"rendered":"https:\/\/wpa.wscom.com.br\/?p=926704"},"modified":"2023-10-09T15:34:01","modified_gmt":"2023-10-09T18:34:01","slug":"cicero-diz-que-antecipacao-da-chapa-de-senador-de-joao-azevedo-com-hugo-motta-em-2026-e-uma-virtude-base-muito-ampla","status":"publish","type":"post","link":"https:\/\/sindaopcpb.org.br\/index.php\/2023\/10\/09\/cicero-diz-que-antecipacao-da-chapa-de-senador-de-joao-azevedo-com-hugo-motta-em-2026-e-uma-virtude-base-muito-ampla\/","title":{"rendered":"C\u00edcero diz que antecipa\u00e7\u00e3o da chapa de senador de Jo\u00e3o Azev\u00eado com Hugo Motta em 2026 \u00e9 uma \u2018virtude\u2019: \u201cBase muito ampla\u201d"},"content":{"rendered":"<p>O prefeito de Jo\u00e3o Pessoa, C\u00edcero Lucena (PP), se manifestou, nesta segunda-feira (9) sobre o saldo do encontro realizado semana passada entre as lideran\u00e7as dos partidos que comp\u00f5em a base de aliados do governador Jo\u00e3o Azev\u00eado (PSB). Na reuni\u00e3o com nomes importantes do PSB, Republicanos e Progressistas, foi consolidada a uni\u00e3o das legendas para as elei\u00e7\u00f5es de 2024 e 2026, e antecipada a divulga\u00e7\u00e3o dos nomes de Hugo Motta (Republicanos) e Azev\u00eado para a disputado ao Senado Federal. Para C\u00edcero, o movimento pol\u00edtico s\u00f3 foi poss\u00edvel gra\u00e7as a amplitude da base do governador.<\/p>\n<p>&#8220;Acho que \u00e9 um movimento pol\u00edtico. O governador tem uma base muito ampla e isso lhe permite come\u00e7ar a estabelecer possibilidades que venham a se concretizar no ano de 2026. Sem esquecer que temos uma elei\u00e7\u00e3o mais pr\u00f3xima, que \u00e9 a de 2024. Mas isso \u00e9 a energia da pol\u00edtica, \u00e9 a din\u00e2mica da pol\u00edtica\u201d.<\/p>\n<p>De acordo com o prefeito da capital, ele o governador est\u00e3o em sintonia tanto pol\u00edtica quanto de gest\u00e3o, trabalhando para fortalecer a alian\u00e7a, mas sem esquecer que a prioridade s\u00e3o a\u00e7\u00f5es dos mandatos de ambos para trazer melhorias para a popula\u00e7\u00e3o de Jo\u00e3o Pessoa e da Para\u00edba.<\/p>\n<p>\u201cObviamente, tanto o governador quanto eu, nossa prioridade \u00e9 a gest\u00e3o. Por isso, estamos cuidando e procurando fazer da melhor forma poss\u00edvel, eu aqui em Jo\u00e3o Pessoa, em parceria com ele, e ele cuidando da sua responsabilidade maior, que \u00e9 o estado como um todo.&#8221;<\/p>\n<p>Confira:<\/p>\n<div style=\"width: 600px;\" class=\"wp-video\"><!--[if lt IE 9]><script>document.createElement('video');<\/script><![endif]--><br \/>\n<video class=\"wp-video-shortcode\" id=\"video-926704-1\" width=\"600\" height=\"1067\" preload=\"metadata\" controls=\"controls\"><source type=\"video\/mp4\" src=\"https:\/\/wpa.wscom.com.br\/wp-content\/uploads\/2023\/10\/WhatsApp-Video-2023-10-09-at-14.16.56.mp4?_=1\" \/><a href=\"https:\/\/wpa.wscom.com.br\/wp-content\/uploads\/2023\/10\/WhatsApp-Video-2023-10-09-at-14.16.56.mp4\" rel=\"nofollow noopener\" target=\"_blank\">https:\/\/wpa.wscom.com.br\/wp-content\/uploads\/2023\/10\/WhatsApp-Video-2023-10-09-at-14.16.56.mp4<\/a><\/video><\/div>\n<p>O post <a rel=\"nofollow noopener\" href=\"https:\/\/wscom.com.br\/cicero-diz-que-antecipacao-da-chapa-de-senador-de-joao-azevedo-com-hugo-motta-em-2026-e-uma-virtude-base-muito-ampla\/\" target=\"_blank\">C\u00edcero diz que antecipa\u00e7\u00e3o da chapa de senador de Jo\u00e3o Azev\u00eado com Hugo Motta em 2026 \u00e9 uma \u2018virtude\u2019: &#8220;Base muito ampla&#8221;<\/a> apareceu primeiro em <a rel=\"nofollow noopener\" href=\"https:\/\/wscom.com.br\/\" target=\"_blank\">WSCOM<\/a>.<\/p>\n","protected":false},"excerpt":{"rendered":"<p>O prefeito de Jo\u00e3o Pessoa, C\u00edcero Lucena (PP), se manifestou, nesta segunda-feira (9) sobre o saldo do encontro realizado semana passada entre as lideran\u00e7as dos partidos que comp\u00f5em a base de aliados do governador Jo\u00e3o Azev\u00eado (PSB). Na reuni\u00e3o com nomes importantes do PSB, Republicanos e Progressistas, foi consolidada a uni\u00e3o das legendas para as [\u2026]<\/p>\n<p>O post <a rel=\"nofollow\" href=\"https:\/\/wscom.com.br\/cicero-diz-que-antecipacao-da-chapa-de-senador-de-joao-azevedo-com-hugo-motta-em-2026-e-uma-virtude-base-muito-ampla\/\">C\u00edcero diz que antecipa\u00e7\u00e3o da chapa de senador de Jo\u00e3o Azev\u00eado com Hugo Motta em 2026 \u00e9 uma \u2018virtude\u2019: \u201cBase muito ampla\u201d<\/a> apareceu primeiro em <a rel=\"nofollow\" href=\"https:\/\/wscom.com.br\/\">WSCOM<\/a>.<\/p>\n","protected":false},"author":49,"featured_media":0,"comment_status":"closed","ping_status":"closed","sticky":false,"template":"","format":"standard","meta":{"advgb_blocks_editor_width":"","advgb_blocks_columns_visual_guide":"","footnotes":""},"categories":[227,1636,34,1520,440,47],"tags":[35],"class_list":["post-38007","post","type-post","status-publish","format-standard","hentry","category-cicero-lucena","category-eleicoes-2026","category-g1","category-hugo-motta","category-joao-azevedo","category-politica","tag-g1"],"author_meta":{"display_name":"Cristiane Cavalcante","author_link":"https:\/\/sindaopcpb.org.br\/author\/cristiane-cavalcante\/"},"featured_img":null,"coauthors":[],"tax_additional":{"categories":{"linked":["<a href=\"https:\/\/sindaopcpb.org.br\/cicero-lucena\/\" class=\"advgb-post-tax-term\">cicero lucena<\/a>","<a href=\"https:\/\/sindaopcpb.org.br\/eleicoes-2026\/\" class=\"advgb-post-tax-term\">Elei\u00e7\u00f5es 2026<\/a>","<a href=\"https:\/\/sindaopcpb.org.br\/g1\/\" class=\"advgb-post-tax-term\">G1<\/a>","<a href=\"https:\/\/sindaopcpb.org.br\/hugo-motta\/\" class=\"advgb-post-tax-term\">hugo motta<\/a>","<a href=\"https:\/\/sindaopcpb.org.br\/joao-azevedo\/\" class=\"advgb-post-tax-term\">jo\u00e3o azevedo<\/a>","<a href=\"https:\/\/sindaopcpb.org.br\/politica\/\" class=\"advgb-post-tax-term\">POLITICA<\/a>"],"unlinked":["<span class=\"advgb-post-tax-term\">cicero lucena<\/span>","<span class=\"advgb-post-tax-term\">Elei\u00e7\u00f5es 2026<\/span>","<span class=\"advgb-post-tax-term\">G1<\/span>","<span class=\"advgb-post-tax-term\">hugo motta<\/span>","<span class=\"advgb-post-tax-term\">jo\u00e3o azevedo<\/span>","<span class=\"advgb-post-tax-term\">POLITICA<\/span>"]},"tags":{"linked":["<a href=\"https:\/\/sindaopcpb.org.br\/politica\/\" class=\"advgb-post-tax-term\">g1<\/a>"],"unlinked":["<span class=\"advgb-post-tax-term\">g1<\/span>"]}},"comment_count":"0","relative_dates":{"created":"Publicado 3 anos atr\u00e1s","modified":"Atualizado 3 anos atr\u00e1s"},"absolute_dates":{"created":"Publicado em 9 de outubro de 2023","modified":"Atualizado em 9 de outubro de 2023"},"absolute_dates_time":{"created":"Publicado em 9 de outubro de 2023 15:34","modified":"Atualizado em 9 de outubro de 2023 15:34"},"featured_img_caption":"","series_order":"","_links":{"self":[{"href":"https:\/\/sindaopcpb.org.br\/index.php\/wp-json\/wp\/v2\/posts\/38007","targetHints":{"allow":["GET"]}}],"collection":[{"href":"https:\/\/sindaopcpb.org.br\/index.php\/wp-json\/wp\/v2\/posts"}],"about":[{"href":"https:\/\/sindaopcpb.org.br\/index.php\/wp-json\/wp\/v2\/types\/post"}],"author":[{"embeddable":true,"href":"https:\/\/sindaopcpb.org.br\/index.php\/wp-json\/wp\/v2\/users\/49"}],"replies":[{"embeddable":true,"href":"https:\/\/sindaopcpb.org.br\/index.php\/wp-json\/wp\/v2\/comments?post=38007"}],"version-history":[{"count":3,"href":"https:\/\/sindaopcpb.org.br\/index.php\/wp-json\/wp\/v2\/posts\/38007\/revisions"}],"predecessor-version":[{"id":38065,"href":"https:\/\/sindaopcpb.org.br\/index.php\/wp-json\/wp\/v2\/posts\/38007\/revisions\/38065"}],"wp:attachment":[{"href":"https:\/\/sindaopcpb.org.br\/index.php\/wp-json\/wp\/v2\/media?parent=38007"}],"wp:term":[{"taxonomy":"category","embeddable":true,"href":"https:\/\/sindaopcpb.org.br\/index.php\/wp-json\/wp\/v2\/categories?post=38007"},{"taxonomy":"post_tag","embeddable":true,"href":"https:\/\/sindaopcpb.org.br\/index.php\/wp-json\/wp\/v2\/tags?post=38007"}],"curies":[{"name":"wp","href":"https:\/\/api.w.org\/{rel}","templated":true}]}}