{"id":37981,"date":"2023-10-09T12:59:24","date_gmt":"2023-10-09T15:59:24","guid":{"rendered":"https:\/\/wpa.wscom.com.br\/?p=926659"},"modified":"2023-10-09T12:59:24","modified_gmt":"2023-10-09T15:59:24","slug":"fraude-na-cota-de-genero-defesa-aponta-possivel-falha-na-pericia-que-poderia-anular-condenacao-de-vereadores-de-campina-grande","status":"publish","type":"post","link":"https:\/\/sindaopcpb.org.br\/index.php\/2023\/10\/09\/fraude-na-cota-de-genero-defesa-aponta-possivel-falha-na-pericia-que-poderia-anular-condenacao-de-vereadores-de-campina-grande\/","title":{"rendered":"Fraude na cota de g\u00eanero: defesa aponta poss\u00edvel falha na per\u00edcia que poderia anular condena\u00e7\u00e3o de vereadores de Campina Grande"},"content":{"rendered":"<p>&nbsp;<\/p>\n<p>Em recente manifesta\u00e7\u00e3o ao Tribunal Regional Eleitoral da Para\u00edba, a defesa dos vereadores Waldeny e Dinho Papal\u00e9guas apontou falha no processo que apura fraude na cota de g\u00eanero nas elei\u00e7\u00f5es municipais de 2020 em Campina Grande.<\/p>\n<p>De acordo com o advogado Francisco Fidelis, que defende os vereadores, \u201cn\u00e3o foi anexado ao processo o material sonoro examinado na per\u00edcia, o que pode resultar na nulidade da prova e, por consequ\u00eancia, da pr\u00f3pria senten\u00e7a, caso o v\u00edcio n\u00e3o seja sanado\u201d.<\/p>\n<p>A defesa requereu que o material que serviu de base para a confec\u00e7\u00e3o da per\u00edcia seja anexado aos autos do processo.<\/p>\n<p>O relator do processo est\u00e1 examinando os argumentos apresentados.<\/p>\n<p>Caso Dinho Papal\u00e9guas e Waldeny Santana, eleitos pelo Uni\u00e3o Brasil em 2020, foram condenados em 1\u00ba grau por fraudes na cota de g\u00eanero, mas se mant\u00eam no cargo \u00e0 espera do julgamento no TRE-PB. O parecer do Minist\u00e9rio P\u00fablico Eleitoral \u00e9 pela cassa\u00e7\u00e3o dos dois vereadores.<\/p>\n<p>O post <a rel=\"nofollow noopener\" href=\"https:\/\/wscom.com.br\/fraude-na-cota-de-genero-defesa-aponta-possivel-falha\/\" target=\"_blank\">Fraude na cota de g\u00eanero: defesa aponta poss\u00edvel falha na per\u00edcia que poderia anular condena\u00e7\u00e3o de vereadores de Campina Grande<\/a> apareceu primeiro em <a rel=\"nofollow noopener\" href=\"https:\/\/wscom.com.br\/\" target=\"_blank\">WSCOM<\/a>.<\/p>\n","protected":false},"excerpt":{"rendered":"<p>\u00a0 Em recente manifesta\u00e7\u00e3o ao Tribunal Regional Eleitoral da Para\u00edba, a defesa dos vereadores Waldeny e Dinho Papal\u00e9guas apontou falha no processo que apura fraude na cota de g\u00eanero nas elei\u00e7\u00f5es municipais de 2020 em Campina Grande. De acordo com o advogado Francisco Fidelis, que defende os vereadores, \u201cn\u00e3o foi anexado ao processo o material [\u2026]<\/p>\n<p>O post <a rel=\"nofollow\" href=\"https:\/\/wscom.com.br\/fraude-na-cota-de-genero-defesa-aponta-possivel-falha\/\">Fraude na cota de g\u00eanero: defesa aponta poss\u00edvel falha na per\u00edcia que poderia anular condena\u00e7\u00e3o de vereadores de Campina Grande<\/a> apareceu primeiro em <a rel=\"nofollow\" href=\"https:\/\/wscom.com.br\/\">WSCOM<\/a>.<\/p>\n","protected":false},"author":50,"featured_media":0,"comment_status":"closed","ping_status":"closed","sticky":false,"template":"","format":"standard","meta":{"advgb_blocks_editor_width":"","advgb_blocks_columns_visual_guide":"","footnotes":""},"categories":[8145,592,34,8146,47],"tags":[35],"class_list":["post-37981","post","type-post","status-publish","format-standard","hentry","category-cota","category-fraude","category-g1","category-genero","category-politica","tag-g1"],"author_meta":{"display_name":"Wallyson","author_link":"https:\/\/sindaopcpb.org.br\/author\/wallyson\/"},"featured_img":null,"coauthors":[],"tax_additional":{"categories":{"linked":["<a href=\"https:\/\/sindaopcpb.org.br\/cota\/\" class=\"advgb-post-tax-term\">cota<\/a>","<a href=\"https:\/\/sindaopcpb.org.br\/fraude\/\" class=\"advgb-post-tax-term\">fraude<\/a>","<a href=\"https:\/\/sindaopcpb.org.br\/g1\/\" class=\"advgb-post-tax-term\">G1<\/a>","<a href=\"https:\/\/sindaopcpb.org.br\/genero\/\" class=\"advgb-post-tax-term\">genero<\/a>","<a href=\"https:\/\/sindaopcpb.org.br\/politica\/\" class=\"advgb-post-tax-term\">POLITICA<\/a>"],"unlinked":["<span class=\"advgb-post-tax-term\">cota<\/span>","<span class=\"advgb-post-tax-term\">fraude<\/span>","<span class=\"advgb-post-tax-term\">G1<\/span>","<span class=\"advgb-post-tax-term\">genero<\/span>","<span class=\"advgb-post-tax-term\">POLITICA<\/span>"]},"tags":{"linked":["<a href=\"https:\/\/sindaopcpb.org.br\/politica\/\" class=\"advgb-post-tax-term\">g1<\/a>"],"unlinked":["<span class=\"advgb-post-tax-term\">g1<\/span>"]}},"comment_count":"0","relative_dates":{"created":"Publicado 3 anos atr\u00e1s","modified":"Atualizado 3 anos atr\u00e1s"},"absolute_dates":{"created":"Publicado em 9 de outubro de 2023","modified":"Atualizado em 9 de outubro de 2023"},"absolute_dates_time":{"created":"Publicado em 9 de outubro de 2023 12:59","modified":"Atualizado em 9 de outubro de 2023 12:59"},"featured_img_caption":"","series_order":"","_links":{"self":[{"href":"https:\/\/sindaopcpb.org.br\/index.php\/wp-json\/wp\/v2\/posts\/37981","targetHints":{"allow":["GET"]}}],"collection":[{"href":"https:\/\/sindaopcpb.org.br\/index.php\/wp-json\/wp\/v2\/posts"}],"about":[{"href":"https:\/\/sindaopcpb.org.br\/index.php\/wp-json\/wp\/v2\/types\/post"}],"author":[{"embeddable":true,"href":"https:\/\/sindaopcpb.org.br\/index.php\/wp-json\/wp\/v2\/users\/50"}],"replies":[{"embeddable":true,"href":"https:\/\/sindaopcpb.org.br\/index.php\/wp-json\/wp\/v2\/comments?post=37981"}],"version-history":[{"count":1,"href":"https:\/\/sindaopcpb.org.br\/index.php\/wp-json\/wp\/v2\/posts\/37981\/revisions"}],"predecessor-version":[{"id":37982,"href":"https:\/\/sindaopcpb.org.br\/index.php\/wp-json\/wp\/v2\/posts\/37981\/revisions\/37982"}],"wp:attachment":[{"href":"https:\/\/sindaopcpb.org.br\/index.php\/wp-json\/wp\/v2\/media?parent=37981"}],"wp:term":[{"taxonomy":"category","embeddable":true,"href":"https:\/\/sindaopcpb.org.br\/index.php\/wp-json\/wp\/v2\/categories?post=37981"},{"taxonomy":"post_tag","embeddable":true,"href":"https:\/\/sindaopcpb.org.br\/index.php\/wp-json\/wp\/v2\/tags?post=37981"}],"curies":[{"name":"wp","href":"https:\/\/api.w.org\/{rel}","templated":true}]}}