{"id":37948,"date":"2023-10-09T07:45:57","date_gmt":"2023-10-09T10:45:57","guid":{"rendered":"https:\/\/g1.globo.com\/pb\/paraiba\/noticia\/2023\/10\/09\/festa-da-laranja-2023-comeca-nesta-segunda-feira-9-em-matinhas-pb.ghtml"},"modified":"2023-10-09T07:45:57","modified_gmt":"2023-10-09T10:45:57","slug":"festa-da-laranja-2023-comeca-nesta-segunda-feira-9-em-matinhas-pb","status":"publish","type":"post","link":"https:\/\/sindaopcpb.org.br\/index.php\/2023\/10\/09\/festa-da-laranja-2023-comeca-nesta-segunda-feira-9-em-matinhas-pb\/","title":{"rendered":"Festa da Laranja 2023 come\u00e7a nesta segunda-feira (9) em Matinhas, PB"},"content":{"rendered":"   <img src=\"https:\/\/s2.glbimg.com\/_upAeIAae_wHtpjTkE3C-UBSBY8=\/i.s3.glbimg.com\/v1\/AUTH_59edd422c0c84a879bd37670ae4f538a\/internal_photos\/bs\/2023\/O\/r\/efGJ7mQZSnkevzqIwZvw\/matinhas-paraiba.jpeg\" \/><br \/>     Wesley Safad\u00e3o, Calcinha Preta e Iguinho e Lulinha est\u00e3o entre as atra\u00e7\u00f5es musicais da festa, que acontece at\u00e9 o domingo (15). Matinhas, no Brejo da Para\u00edba, realiza a Festa da Laranja anualmente\nDivulga\u00e7\u00e3o\/Governo da Para\u00edba\nCome\u00e7a nesta segunda-feira (9) em Matinhas, no Brejo da Para\u00edba, a tradicional Festa da Laranja. O evento est\u00e1 em sua 16\u00aa edi\u00e7\u00e3o e re\u00fane atividades de turismo e programa\u00e7\u00e3o musical at\u00e9 o domingo (15). Entre as atra\u00e7\u00f5es confirmadas est\u00e3o o cantor Wesley Safad\u00e3o e a banda Calcinha Preta.\nAcesse o Guia Qual \u00e9 a Boa\nA Festa da Laranja \u00e9 realizada anualmente em Matinhas, cidade conhecida como terra da laranja. \nEste ano, a expectativa do Governo da Para\u00edba \u00e9 que 90 mil pessoas visitem o evento, que oferece feiras gastron\u00f4micas, artesanato, palestras e shows. \nDentro da programa\u00e7\u00e3o, o evento conta tamb\u00e9m com o 7\u00ba Semin\u00e1rio do Festival Nacional da Tangerina e com o Concurso da Rainha da Tangerina. \nNesta segunda-feira (9), abertura do evento, haver\u00e1 oficinas gastron\u00f4micas. A programa\u00e7\u00e3o completa foi divulgada pela organiza\u00e7\u00e3o do evento (confira a programa\u00e7\u00e3o musical abaixo).   \nCantor Wesley Safad\u00e3o \u00e9 uma das atra\u00e7\u00f5es da Festa da Laranja 2023\nReprodu\u00e7\u00e3o\nPrograma\u00e7\u00e3o musical da Festa da Laranja 2023\n12 de outubro (quinta-feira)\n20h - Palco principal\nForr\u00f3 Lampejo\nJefferson Arretado\nWesley Safad\u00e3o\n13 de outubro (sexta-feira)\n21h - Palco principal\nGilson Mania\nCalcinha Preta\nJM Puxado\n14 de outubro (s\u00e1bado)\n19h - Palco principal\nRoberto Silva\nL\u00e9o Magalh\u00e3es\nIguinho e Lulinha\nMurilo Huff\nV\u00eddeos mais assistidos do g1 Para\u00edba  ","protected":false},"excerpt":{"rendered":"<p>        Wesley Safad\u00e3o, Calcinha Preta e Iguinho e Lulinha est\u00e3o entre as atra\u00e7\u00f5es musicais da festa, que acontece at\u00e9 o domingo (15). Matinhas, no Brejo da Para\u00edba, realiza a Festa da Laranja anualmente<br \/>\nDivulga\u00e7\u00e3o\/Governo da Para\u00edba<br \/>\nCome\u00e7a nesta segun&#8230;<\/p>\n","protected":false},"author":2,"featured_media":0,"comment_status":"closed","ping_status":"closed","sticky":false,"template":"","format":"standard","meta":{"advgb_blocks_editor_width":"","advgb_blocks_columns_visual_guide":"","footnotes":""},"categories":[34],"tags":[35],"class_list":["post-37948","post","type-post","status-publish","format-standard","hentry","category-g1","tag-g1"],"author_meta":{"display_name":"g1 &gt; Para\u00edba","author_link":"https:\/\/sindaopcpb.org.br\/author\/g1-paraiba\/"},"featured_img":null,"coauthors":[],"tax_additional":{"categories":{"linked":["<a href=\"https:\/\/sindaopcpb.org.br\/g1\/\" class=\"advgb-post-tax-term\">G1<\/a>"],"unlinked":["<span class=\"advgb-post-tax-term\">G1<\/span>"]},"tags":{"linked":["<a href=\"https:\/\/sindaopcpb.org.br\/g1\/\" class=\"advgb-post-tax-term\">g1<\/a>"],"unlinked":["<span class=\"advgb-post-tax-term\">g1<\/span>"]}},"comment_count":"0","relative_dates":{"created":"Publicado 3 anos atr\u00e1s","modified":"Atualizado 3 anos atr\u00e1s"},"absolute_dates":{"created":"Publicado em 9 de outubro de 2023","modified":"Atualizado em 9 de outubro de 2023"},"absolute_dates_time":{"created":"Publicado em 9 de outubro de 2023 07:45","modified":"Atualizado em 9 de outubro de 2023 07:45"},"featured_img_caption":"","series_order":"","_links":{"self":[{"href":"https:\/\/sindaopcpb.org.br\/index.php\/wp-json\/wp\/v2\/posts\/37948","targetHints":{"allow":["GET"]}}],"collection":[{"href":"https:\/\/sindaopcpb.org.br\/index.php\/wp-json\/wp\/v2\/posts"}],"about":[{"href":"https:\/\/sindaopcpb.org.br\/index.php\/wp-json\/wp\/v2\/types\/post"}],"author":[{"embeddable":true,"href":"https:\/\/sindaopcpb.org.br\/index.php\/wp-json\/wp\/v2\/users\/2"}],"replies":[{"embeddable":true,"href":"https:\/\/sindaopcpb.org.br\/index.php\/wp-json\/wp\/v2\/comments?post=37948"}],"version-history":[{"count":1,"href":"https:\/\/sindaopcpb.org.br\/index.php\/wp-json\/wp\/v2\/posts\/37948\/revisions"}],"predecessor-version":[{"id":37949,"href":"https:\/\/sindaopcpb.org.br\/index.php\/wp-json\/wp\/v2\/posts\/37948\/revisions\/37949"}],"wp:attachment":[{"href":"https:\/\/sindaopcpb.org.br\/index.php\/wp-json\/wp\/v2\/media?parent=37948"}],"wp:term":[{"taxonomy":"category","embeddable":true,"href":"https:\/\/sindaopcpb.org.br\/index.php\/wp-json\/wp\/v2\/categories?post=37948"},{"taxonomy":"post_tag","embeddable":true,"href":"https:\/\/sindaopcpb.org.br\/index.php\/wp-json\/wp\/v2\/tags?post=37948"}],"curies":[{"name":"wp","href":"https:\/\/api.w.org\/{rel}","templated":true}]}}