{"id":37897,"date":"2023-10-08T09:39:45","date_gmt":"2023-10-08T12:39:45","guid":{"rendered":"https:\/\/wpa.wscom.com.br\/?p=926556"},"modified":"2023-10-08T09:39:45","modified_gmt":"2023-10-08T12:39:45","slug":"petistas-votam-para-eleger-presidente-do-diretorio-municipal-em-joao-pessoa-neste-domingo","status":"publish","type":"post","link":"https:\/\/sindaopcpb.org.br\/index.php\/2023\/10\/08\/petistas-votam-para-eleger-presidente-do-diretorio-municipal-em-joao-pessoa-neste-domingo\/","title":{"rendered":"Petistas votam para eleger presidente do Diret\u00f3rio Municipal em Jo\u00e3o Pessoa neste domingo"},"content":{"rendered":"<p>&nbsp;<\/p>\n<p>&nbsp;<\/p>\n<p>Neste domingo (8), membros filiados ao Partido dos Trabalhadores de Jo\u00e3o Pessoa v\u00e3o \u00e0s urnas para eleger o novo Diret\u00f3rio da legenda na capital. A elei\u00e7\u00e3o interna, conhecida como PEDEX, evidencia uma not\u00e1vel diverg\u00eancia entre ex-aliados que, anteriormente, compartilhavam uma vis\u00e3o pol\u00edtica semelhante.<\/p>\n<p>De um lado, o atual presidente, Ant\u00f4nio Barbosa, conta com o apoio de figuras proeminentes como o ex-governador Ricardo Coutinho, o deputado federal Luiz Couto e a ex-deputada Estela Bezerra. Por outro lado, a maioria das lideran\u00e7as petistas expressou seu apoio \u00e0 mudan\u00e7a na lideran\u00e7a do partido, declarando voto em favor de Marcos T\u00falio. Entre os defensores do advogado estavam nomes como Jackson Mac\u00eado, Luciano Cartaxo, Cida Ramos e Marcos Henriques.<\/p>\n<p>A elei\u00e7\u00e3o interna \u00e9 marcada por um clima de expectativa e tens\u00e3o, j\u00e1 que os candidatos representavam diferentes correntes dentro do partido. Ant\u00f4nio Barbosa, buscando a reelei\u00e7\u00e3o, enfatizou a continuidade das pol\u00edticas j\u00e1 implementadas, enquanto Marcos T\u00falio prometia uma nova abordagem e a introdu\u00e7\u00e3o de novas perspectivas na gest\u00e3o do partido na capital paraibana.<\/p>\n<p>O post <a rel=\"nofollow noopener\" href=\"https:\/\/wscom.com.br\/petistas-votam-para-eleger-presidente-do-diretorio-municipal-em-joao-pessoa-neste-domingo\/\" target=\"_blank\">Petistas votam para eleger presidente do Diret\u00f3rio Municipal em Jo\u00e3o Pessoa neste domingo<\/a> apareceu primeiro em <a rel=\"nofollow noopener\" href=\"https:\/\/wscom.com.br\/\" target=\"_blank\">WSCOM<\/a>.<\/p>\n","protected":false},"excerpt":{"rendered":"<p>\u00a0 \u00a0 Neste domingo (8), membros filiados ao Partido dos Trabalhadores de Jo\u00e3o Pessoa v\u00e3o \u00e0s urnas para eleger o novo Diret\u00f3rio da legenda na capital. A elei\u00e7\u00e3o interna, conhecida como PEDEX, evidencia uma not\u00e1vel diverg\u00eancia entre ex-aliados que, anteriormente, compartilhavam uma vis\u00e3o pol\u00edtica semelhante. De um lado, o atual presidente, Ant\u00f4nio Barbosa, conta com [\u2026]<\/p>\n<p>O post <a rel=\"nofollow\" href=\"https:\/\/wscom.com.br\/petistas-votam-para-eleger-presidente-do-diretorio-municipal-em-joao-pessoa-neste-domingo\/\">Petistas votam para eleger presidente do Diret\u00f3rio Municipal em Jo\u00e3o Pessoa neste domingo<\/a> apareceu primeiro em <a rel=\"nofollow\" href=\"https:\/\/wscom.com.br\/\">WSCOM<\/a>.<\/p>\n","protected":false},"author":42,"featured_media":0,"comment_status":"closed","ping_status":"closed","sticky":false,"template":"","format":"standard","meta":{"advgb_blocks_editor_width":"","advgb_blocks_columns_visual_guide":"","footnotes":""},"categories":[6134,1662,34,71,8717,47,813],"tags":[35],"class_list":["post-37897","post","type-post","status-publish","format-standard","hentry","category-diretorio","category-eleicoes","category-g1","category-joao-pessoa","category-pedex","category-politica","category-pt","tag-g1"],"author_meta":{"display_name":"Rafael Andrade","author_link":"https:\/\/sindaopcpb.org.br\/author\/rafael-andrade\/"},"featured_img":null,"coauthors":[],"tax_additional":{"categories":{"linked":["<a href=\"https:\/\/sindaopcpb.org.br\/diretorio\/\" class=\"advgb-post-tax-term\">diret\u00f3rio<\/a>","<a href=\"https:\/\/sindaopcpb.org.br\/eleicoes\/\" class=\"advgb-post-tax-term\">Elei\u00e7\u00f5es<\/a>","<a href=\"https:\/\/sindaopcpb.org.br\/g1\/\" class=\"advgb-post-tax-term\">G1<\/a>","<a href=\"https:\/\/sindaopcpb.org.br\/joao-pessoa\/\" class=\"advgb-post-tax-term\">Jo\u00e3o Pessoa<\/a>","<a href=\"https:\/\/sindaopcpb.org.br\/pedex\/\" class=\"advgb-post-tax-term\">Pedex<\/a>","<a href=\"https:\/\/sindaopcpb.org.br\/politica\/\" class=\"advgb-post-tax-term\">POLITICA<\/a>","<a href=\"https:\/\/sindaopcpb.org.br\/pt\/\" class=\"advgb-post-tax-term\">PT<\/a>"],"unlinked":["<span class=\"advgb-post-tax-term\">diret\u00f3rio<\/span>","<span class=\"advgb-post-tax-term\">Elei\u00e7\u00f5es<\/span>","<span class=\"advgb-post-tax-term\">G1<\/span>","<span class=\"advgb-post-tax-term\">Jo\u00e3o Pessoa<\/span>","<span class=\"advgb-post-tax-term\">Pedex<\/span>","<span class=\"advgb-post-tax-term\">POLITICA<\/span>","<span class=\"advgb-post-tax-term\">PT<\/span>"]},"tags":{"linked":["<a href=\"https:\/\/sindaopcpb.org.br\/pt\/\" class=\"advgb-post-tax-term\">g1<\/a>"],"unlinked":["<span class=\"advgb-post-tax-term\">g1<\/span>"]}},"comment_count":"0","relative_dates":{"created":"Publicado 3 anos atr\u00e1s","modified":"Atualizado 3 anos atr\u00e1s"},"absolute_dates":{"created":"Publicado em 8 de outubro de 2023","modified":"Atualizado em 8 de outubro de 2023"},"absolute_dates_time":{"created":"Publicado em 8 de outubro de 2023 09:39","modified":"Atualizado em 8 de outubro de 2023 09:39"},"featured_img_caption":"","series_order":"","_links":{"self":[{"href":"https:\/\/sindaopcpb.org.br\/index.php\/wp-json\/wp\/v2\/posts\/37897","targetHints":{"allow":["GET"]}}],"collection":[{"href":"https:\/\/sindaopcpb.org.br\/index.php\/wp-json\/wp\/v2\/posts"}],"about":[{"href":"https:\/\/sindaopcpb.org.br\/index.php\/wp-json\/wp\/v2\/types\/post"}],"author":[{"embeddable":true,"href":"https:\/\/sindaopcpb.org.br\/index.php\/wp-json\/wp\/v2\/users\/42"}],"replies":[{"embeddable":true,"href":"https:\/\/sindaopcpb.org.br\/index.php\/wp-json\/wp\/v2\/comments?post=37897"}],"version-history":[{"count":1,"href":"https:\/\/sindaopcpb.org.br\/index.php\/wp-json\/wp\/v2\/posts\/37897\/revisions"}],"predecessor-version":[{"id":37898,"href":"https:\/\/sindaopcpb.org.br\/index.php\/wp-json\/wp\/v2\/posts\/37897\/revisions\/37898"}],"wp:attachment":[{"href":"https:\/\/sindaopcpb.org.br\/index.php\/wp-json\/wp\/v2\/media?parent=37897"}],"wp:term":[{"taxonomy":"category","embeddable":true,"href":"https:\/\/sindaopcpb.org.br\/index.php\/wp-json\/wp\/v2\/categories?post=37897"},{"taxonomy":"post_tag","embeddable":true,"href":"https:\/\/sindaopcpb.org.br\/index.php\/wp-json\/wp\/v2\/tags?post=37897"}],"curies":[{"name":"wp","href":"https:\/\/api.w.org\/{rel}","templated":true}]}}