{"id":37889,"date":"2023-10-08T08:51:18","date_gmt":"2023-10-08T11:51:18","guid":{"rendered":"https:\/\/wpa.wscom.com.br\/?p=926546"},"modified":"2023-10-08T08:51:18","modified_gmt":"2023-10-08T11:51:18","slug":"quase-90-dos-concluintes-do-curso-de-formacao-da-policia-civil-ja-estao-em-atividade-nas-delegacias-da-paraiba","status":"publish","type":"post","link":"https:\/\/sindaopcpb.org.br\/index.php\/2023\/10\/08\/quase-90-dos-concluintes-do-curso-de-formacao-da-policia-civil-ja-estao-em-atividade-nas-delegacias-da-paraiba\/","title":{"rendered":"Quase 90% dos concluintes do curso de forma\u00e7\u00e3o da Pol\u00edcia Civil j\u00e1 est\u00e3o em atividade nas delegacias da Para\u00edba"},"content":{"rendered":"<p>&nbsp;<\/p>\n<p>&nbsp;<\/p>\n<p>Desde a segunda-feira, 02 de outubro, a Pol\u00edcia Civil da Para\u00edba e a Secretaria da Administra\u00e7\u00e3o do Estado v\u00eam dando continuidade aos trabalhos de nomea\u00e7\u00e3o e posse dos 485 novos servidores policiais civis, concluintes da primeira turma do curso de forma\u00e7\u00e3o na Academia de Ensino da Pol\u00edcia Civil (Acadepol) ano 2023. Nesses cinco dias de trabalho, um total de 84,74% dos nomeados j\u00e1 entraram em exerc\u00edcio.<\/p>\n<p>Os novos policiais est\u00e3o sendo lotados em todas as \u00e1reas do estado, de acordo com as necessidades elencadas pelas Superintend\u00eancias de Pol\u00edcia Civil e o Instituto de Pol\u00edcia Cient\u00edfica (IPC). O refor\u00e7o no efetivo ir\u00e1 possibilitar n\u00e3o apenas a realiza\u00e7\u00e3o de mais opera\u00e7\u00f5es policiais de repress\u00e3o qualificada, como j\u00e1 est\u00e1 tornando poss\u00edvel a cria\u00e7\u00e3o de novas delegacias especializadas na Para\u00edba.<\/p>\n<p>De acordo com o delegado-geral da Pol\u00edcia Civil, Andr\u00e9 Rabelo, nos pr\u00f3ximos dias 100% dos nomeados estar\u00e3o devidamente lotados em seus respectivos locais de trabalho, contribuindo na investiga\u00e7\u00e3o de crimes e, consequentemente, proporcionando mais seguran\u00e7a \u00e0 popula\u00e7\u00e3o.<\/p>\n<p>\u201cLembrando que o concurso ofertou 1.400 vagas e, em breve, outras turmas dever\u00e3o ser convocadas para o curso de forma\u00e7\u00e3o na Acadepol. \u00c9, de fato, um refor\u00e7o no nosso efetivo nunca visto antes na institui\u00e7\u00e3o\u201d, disse Rabelo.<\/p>\n<p>O post <a rel=\"nofollow noopener\" href=\"https:\/\/wscom.com.br\/quase-90-dos-concluintes-do-curso-de-formacao-da-policia-civil-ja-estao-em-atividade-nas-delegacias-da-paraiba\/\" target=\"_blank\">Quase 90% dos concluintes do curso de forma\u00e7\u00e3o da Pol\u00edcia Civil j\u00e1 est\u00e3o em atividade nas delegacias da Para\u00edba<\/a> apareceu primeiro em <a rel=\"nofollow noopener\" href=\"https:\/\/wscom.com.br\/\" target=\"_blank\">WSCOM<\/a>.<\/p>\n","protected":false},"excerpt":{"rendered":"<p>\u00a0 \u00a0 Desde a segunda-feira, 02 de outubro, a Pol\u00edcia Civil da Para\u00edba e a Secretaria da Administra\u00e7\u00e3o do Estado v\u00eam dando continuidade aos trabalhos de nomea\u00e7\u00e3o e posse dos 485 novos servidores policiais civis, concluintes da primeira turma do curso de forma\u00e7\u00e3o na Academia de Ensino da Pol\u00edcia Civil (Acadepol) ano 2023. Nesses cinco [\u2026]<\/p>\n<p>O post <a rel=\"nofollow\" href=\"https:\/\/wscom.com.br\/quase-90-dos-concluintes-do-curso-de-formacao-da-policia-civil-ja-estao-em-atividade-nas-delegacias-da-paraiba\/\">Quase 90% dos concluintes do curso de forma\u00e7\u00e3o da Pol\u00edcia Civil j\u00e1 est\u00e3o em atividade nas delegacias da Para\u00edba<\/a> apareceu primeiro em <a rel=\"nofollow\" href=\"https:\/\/wscom.com.br\/\">WSCOM<\/a>.<\/p>\n","protected":false},"author":42,"featured_media":0,"comment_status":"closed","ping_status":"closed","sticky":false,"template":"","format":"standard","meta":{"advgb_blocks_editor_width":"","advgb_blocks_columns_visual_guide":"","footnotes":""},"categories":[9908,9909,34,54,562,66],"tags":[35],"class_list":["post-37889","post","type-post","status-publish","format-standard","hentry","category-concluintes","category-curso-de-formacao","category-g1","category-paraiba","category-policia-civil","category-policial","tag-g1"],"author_meta":{"display_name":"Rafael Andrade","author_link":"https:\/\/sindaopcpb.org.br\/author\/rafael-andrade\/"},"featured_img":null,"coauthors":[],"tax_additional":{"categories":{"linked":["<a href=\"https:\/\/sindaopcpb.org.br\/concluintes\/\" class=\"advgb-post-tax-term\">Concluintes<\/a>","<a href=\"https:\/\/sindaopcpb.org.br\/curso-de-formacao\/\" class=\"advgb-post-tax-term\">Curso de forma\u00e7\u00e3o<\/a>","<a href=\"https:\/\/sindaopcpb.org.br\/g1\/\" class=\"advgb-post-tax-term\">G1<\/a>","<a href=\"https:\/\/sindaopcpb.org.br\/paraiba\/\" class=\"advgb-post-tax-term\">Para\u00edba<\/a>","<a href=\"https:\/\/sindaopcpb.org.br\/policia-civil\/\" class=\"advgb-post-tax-term\">pol\u00edcia civil<\/a>","<a href=\"https:\/\/sindaopcpb.org.br\/policial\/\" class=\"advgb-post-tax-term\">Policial<\/a>"],"unlinked":["<span class=\"advgb-post-tax-term\">Concluintes<\/span>","<span class=\"advgb-post-tax-term\">Curso de forma\u00e7\u00e3o<\/span>","<span class=\"advgb-post-tax-term\">G1<\/span>","<span class=\"advgb-post-tax-term\">Para\u00edba<\/span>","<span class=\"advgb-post-tax-term\">pol\u00edcia civil<\/span>","<span class=\"advgb-post-tax-term\">Policial<\/span>"]},"tags":{"linked":["<a href=\"https:\/\/sindaopcpb.org.br\/policial\/\" class=\"advgb-post-tax-term\">g1<\/a>"],"unlinked":["<span class=\"advgb-post-tax-term\">g1<\/span>"]}},"comment_count":"0","relative_dates":{"created":"Publicado 3 anos atr\u00e1s","modified":"Atualizado 3 anos atr\u00e1s"},"absolute_dates":{"created":"Publicado em 8 de outubro de 2023","modified":"Atualizado em 8 de outubro de 2023"},"absolute_dates_time":{"created":"Publicado em 8 de outubro de 2023 08:51","modified":"Atualizado em 8 de outubro de 2023 08:51"},"featured_img_caption":"","series_order":"","_links":{"self":[{"href":"https:\/\/sindaopcpb.org.br\/index.php\/wp-json\/wp\/v2\/posts\/37889","targetHints":{"allow":["GET"]}}],"collection":[{"href":"https:\/\/sindaopcpb.org.br\/index.php\/wp-json\/wp\/v2\/posts"}],"about":[{"href":"https:\/\/sindaopcpb.org.br\/index.php\/wp-json\/wp\/v2\/types\/post"}],"author":[{"embeddable":true,"href":"https:\/\/sindaopcpb.org.br\/index.php\/wp-json\/wp\/v2\/users\/42"}],"replies":[{"embeddable":true,"href":"https:\/\/sindaopcpb.org.br\/index.php\/wp-json\/wp\/v2\/comments?post=37889"}],"version-history":[{"count":1,"href":"https:\/\/sindaopcpb.org.br\/index.php\/wp-json\/wp\/v2\/posts\/37889\/revisions"}],"predecessor-version":[{"id":37890,"href":"https:\/\/sindaopcpb.org.br\/index.php\/wp-json\/wp\/v2\/posts\/37889\/revisions\/37890"}],"wp:attachment":[{"href":"https:\/\/sindaopcpb.org.br\/index.php\/wp-json\/wp\/v2\/media?parent=37889"}],"wp:term":[{"taxonomy":"category","embeddable":true,"href":"https:\/\/sindaopcpb.org.br\/index.php\/wp-json\/wp\/v2\/categories?post=37889"},{"taxonomy":"post_tag","embeddable":true,"href":"https:\/\/sindaopcpb.org.br\/index.php\/wp-json\/wp\/v2\/tags?post=37889"}],"curies":[{"name":"wp","href":"https:\/\/api.w.org\/{rel}","templated":true}]}}