{"id":37887,"date":"2023-10-08T08:53:52","date_gmt":"2023-10-08T11:53:52","guid":{"rendered":"https:\/\/wpa.wscom.com.br\/?p=926550"},"modified":"2023-10-08T08:53:52","modified_gmt":"2023-10-08T11:53:52","slug":"taca-das-favelas-de-joao-pessoa-define-classificados-para-quartas-de-final-e-semifinais","status":"publish","type":"post","link":"https:\/\/sindaopcpb.org.br\/index.php\/2023\/10\/08\/taca-das-favelas-de-joao-pessoa-define-classificados-para-quartas-de-final-e-semifinais\/","title":{"rendered":"Ta\u00e7a das Favelas de Jo\u00e3o Pessoa define classificados para quartas de final e semifinais"},"content":{"rendered":"<p>&nbsp;<\/p>\n<p>&nbsp;<\/p>\n<p>Foram realizadas neste s\u00e1bado (7), no Centro de Treinamento Ivan Tomaz, as disputas das oitavas de final, estilo mata-mata, onde quem perde se despede da Ta\u00e7a das Favelas \u2013 maior torneio de futebol de campo entre comunidades do mundo. O campeonato \u00e9 promovido pela Secretaria de Juventude, Esporte e Recrea\u00e7\u00e3o (Sejer), em parceria com a Central \u00danica das Favelas (Cufa).<\/p>\n<p>Os jogos s\u00e3o disputados em dois tempos de 20 minutos cada e ao todo foram realizados oito confrontos. Apenas dois terminaram empatados e precisaram ser definidos nas cobran\u00e7as dos p\u00eanaltis. As equipes balan\u00e7aram as redes 15 vezes e nas cobran\u00e7as de p\u00eanaltis, os times anotaram 9 gols.<\/p>\n<p>O secret\u00e1rio de Juventude, Esporte e Recrea\u00e7\u00e3o do munic\u00edpio, Kaio M\u00e1rcio, compareceu ao CT e fortaleceu o apoio da Sejer ao evento. \u201cA gente consegue enxergar jogadores bem habilidosos dentro das equipes e \u00e9 uma oportunidade que estamos gerando dentro das comunidades. Isso \u00e9 muito importante para o futebol, que \u00e9 um esporte muito democr\u00e1tico e que cresce cada vez mais em rela\u00e7\u00e3o a projetos sociais e na gera\u00e7\u00e3o de oportunidades. Com isso, tenho certeza, que teremos um time muito forte para representar o nosso estado em S\u00e3o Paulo\u201d, concluiu.<\/p>\n<p>Os times 4 de Outubro, Citex, S\u00e3o Matheus, Riachinho, Gandanhe, Jardim Itabaiana, Irm\u00e3 Dulce e Vista Alegre disputam, neste domingo (8), \u00e0s quartas de final e semifinal da competi\u00e7\u00e3o. \u201cJ\u00e1 conseguimos identificar alguns nomes para a forma\u00e7\u00e3o da Sele\u00e7\u00e3o Paraibana, um indicativo de quem vai nos representar no fim da temporada. Deu pra sentir a energia de cada jovem, que estava presente e que representa os 16 territ\u00f3rios\u201d, comentou com entusiasmo Emerson Silva, presidente da Cufa Para\u00edba.<\/p>\n<p><strong>Evento \u2013<\/strong>\u00a0No ano passado, a Ta\u00e7a das Favelas teve a primeira edi\u00e7\u00e3o nacional, disputada em S\u00e3o Paulo, com a sele\u00e7\u00e3o do Rio de Janeiro vencendo a edi\u00e7\u00e3o feminina e a de S\u00e3o Paulo vencendo a masculina. Em dez anos, mais de cinco mil favelas, em todo o territ\u00f3rio nacional, participaram do evento, que ao longo dos anos movimentou 400 mil jovens.<\/p>\n<p><strong>Confira os resultados deste s\u00e1bado de competi\u00e7\u00e3o: \u00a0<\/strong><\/p>\n<p>4 de Outubro 1 x 0 S\u00e3o Jos\u00e9<\/p>\n<p>Citex 1 (3\u00d72) 1 S\u00e3o Geraldo<\/p>\n<p>S\u00e3o Matheus 1 x 0<\/p>\n<p>Taipa Riachinho 2 x 0 Aratu<\/p>\n<p>Gadanhe 4 x 0 Nova Cana\u00e3<\/p>\n<p>Jardim Itabaiaba 2 x 0 S\u00e3o Rafael<\/p>\n<p>Irm\u00e3 Dulce 0 (3\u00d71) 0 Mu\u00e7umagro<\/p>\n<p>Vista Alegre 3 x 0 S\u00e3o Luiz<\/p>\n<p><strong>Quartas de Final (domingo)<\/strong><\/p>\n<p>8h \u2013 4 de Outubro x Citex<\/p>\n<p>9h \u2013 S\u00e3o Matheus x\u00a0 Riachinho<\/p>\n<p>14h \u2013 Gadanhe x Jardim Itabaiana<\/p>\n<p>15h \u2013 Irm\u00e3 Dulce x Vista Alegre<\/p>\n<p>O post <a rel=\"nofollow noopener\" href=\"https:\/\/wscom.com.br\/taca-das-favelas-de-joao-pessoa-define-classificados-para-quartas-de-final-e-semifinais\/\" target=\"_blank\">Ta\u00e7a das Favelas de Jo\u00e3o Pessoa define classificados para quartas de final e semifinais<\/a> apareceu primeiro em <a rel=\"nofollow noopener\" href=\"https:\/\/wscom.com.br\/\" target=\"_blank\">WSCOM<\/a>.<\/p>\n","protected":false},"excerpt":{"rendered":"<p>\u00a0 \u00a0 Foram realizadas neste s\u00e1bado (7), no Centro de Treinamento Ivan Tomaz, as disputas das oitavas de final, estilo mata-mata, onde quem perde se despede da Ta\u00e7a das Favelas \u2013 maior torneio de futebol de campo entre comunidades do mundo. O campeonato \u00e9 promovido pela Secretaria de Juventude, Esporte e Recrea\u00e7\u00e3o (Sejer), em parceria [\u2026]<\/p>\n<p>O post <a rel=\"nofollow\" href=\"https:\/\/wscom.com.br\/taca-das-favelas-de-joao-pessoa-define-classificados-para-quartas-de-final-e-semifinais\/\">Ta\u00e7a das Favelas de Jo\u00e3o Pessoa define classificados para quartas de final e semifinais<\/a> apareceu primeiro em <a rel=\"nofollow\" href=\"https:\/\/wscom.com.br\/\">WSCOM<\/a>.<\/p>\n","protected":false},"author":42,"featured_media":0,"comment_status":"closed","ping_status":"closed","sticky":false,"template":"","format":"standard","meta":{"advgb_blocks_editor_width":"","advgb_blocks_columns_visual_guide":"","footnotes":""},"categories":[79,34,71,9736],"tags":[35],"class_list":["post-37887","post","type-post","status-publish","format-standard","hentry","category-futebol","category-g1","category-joao-pessoa","category-taca-das-favelas","tag-g1"],"author_meta":{"display_name":"Rafael Andrade","author_link":"https:\/\/sindaopcpb.org.br\/author\/rafael-andrade\/"},"featured_img":null,"coauthors":[],"tax_additional":{"categories":{"linked":["<a href=\"https:\/\/sindaopcpb.org.br\/futebol\/\" class=\"advgb-post-tax-term\">Futebol<\/a>","<a href=\"https:\/\/sindaopcpb.org.br\/g1\/\" class=\"advgb-post-tax-term\">G1<\/a>","<a href=\"https:\/\/sindaopcpb.org.br\/joao-pessoa\/\" class=\"advgb-post-tax-term\">Jo\u00e3o Pessoa<\/a>","<a href=\"https:\/\/sindaopcpb.org.br\/taca-das-favelas\/\" class=\"advgb-post-tax-term\">Ta\u00e7a das Favelas<\/a>"],"unlinked":["<span class=\"advgb-post-tax-term\">Futebol<\/span>","<span class=\"advgb-post-tax-term\">G1<\/span>","<span class=\"advgb-post-tax-term\">Jo\u00e3o Pessoa<\/span>","<span class=\"advgb-post-tax-term\">Ta\u00e7a das Favelas<\/span>"]},"tags":{"linked":["<a href=\"https:\/\/sindaopcpb.org.br\/taca-das-favelas\/\" class=\"advgb-post-tax-term\">g1<\/a>"],"unlinked":["<span class=\"advgb-post-tax-term\">g1<\/span>"]}},"comment_count":"0","relative_dates":{"created":"Publicado 3 anos atr\u00e1s","modified":"Atualizado 3 anos atr\u00e1s"},"absolute_dates":{"created":"Publicado em 8 de outubro de 2023","modified":"Atualizado em 8 de outubro de 2023"},"absolute_dates_time":{"created":"Publicado em 8 de outubro de 2023 08:53","modified":"Atualizado em 8 de outubro de 2023 08:53"},"featured_img_caption":"","series_order":"","_links":{"self":[{"href":"https:\/\/sindaopcpb.org.br\/index.php\/wp-json\/wp\/v2\/posts\/37887","targetHints":{"allow":["GET"]}}],"collection":[{"href":"https:\/\/sindaopcpb.org.br\/index.php\/wp-json\/wp\/v2\/posts"}],"about":[{"href":"https:\/\/sindaopcpb.org.br\/index.php\/wp-json\/wp\/v2\/types\/post"}],"author":[{"embeddable":true,"href":"https:\/\/sindaopcpb.org.br\/index.php\/wp-json\/wp\/v2\/users\/42"}],"replies":[{"embeddable":true,"href":"https:\/\/sindaopcpb.org.br\/index.php\/wp-json\/wp\/v2\/comments?post=37887"}],"version-history":[{"count":1,"href":"https:\/\/sindaopcpb.org.br\/index.php\/wp-json\/wp\/v2\/posts\/37887\/revisions"}],"predecessor-version":[{"id":37888,"href":"https:\/\/sindaopcpb.org.br\/index.php\/wp-json\/wp\/v2\/posts\/37887\/revisions\/37888"}],"wp:attachment":[{"href":"https:\/\/sindaopcpb.org.br\/index.php\/wp-json\/wp\/v2\/media?parent=37887"}],"wp:term":[{"taxonomy":"category","embeddable":true,"href":"https:\/\/sindaopcpb.org.br\/index.php\/wp-json\/wp\/v2\/categories?post=37887"},{"taxonomy":"post_tag","embeddable":true,"href":"https:\/\/sindaopcpb.org.br\/index.php\/wp-json\/wp\/v2\/tags?post=37887"}],"curies":[{"name":"wp","href":"https:\/\/api.w.org\/{rel}","templated":true}]}}