{"id":37736,"date":"2023-10-06T14:17:07","date_gmt":"2023-10-06T17:17:07","guid":{"rendered":"https:\/\/wpa.wscom.com.br\/?p=926294"},"modified":"2023-10-06T14:17:07","modified_gmt":"2023-10-06T17:17:07","slug":"camara-de-conde-diz-aguardar-notificacao-da-investigacao-contra-vereador-acusado-de-estuprar-adolescente","status":"publish","type":"post","link":"https:\/\/sindaopcpb.org.br\/index.php\/2023\/10\/06\/camara-de-conde-diz-aguardar-notificacao-da-investigacao-contra-vereador-acusado-de-estuprar-adolescente\/","title":{"rendered":"C\u00e2mara de Conde diz aguardar notifica\u00e7\u00e3o da investiga\u00e7\u00e3o contra vereador acusado de estuprar adolescente"},"content":{"rendered":"<p>&nbsp;<\/p>\n<p>&nbsp;<\/p>\n<p>A C\u00e2mara Municipal de Conde emitiu uma declara\u00e7\u00e3o nesta sexta-feira (6) em resposta \u00e0 investiga\u00e7\u00e3o em curso envolvendo o vereador Fl\u00e1vio Melo (PSB), tamb\u00e9m conhecido como Fl\u00e1vio Cabar\u00e9. O parlamentar est\u00e1 sendo investigado pela Pol\u00edcia Civil da Para\u00edba por supostamente aliciar uma adolescente de 14 anos, oferecendo dinheiro em troca de rela\u00e7\u00f5es sexuais.<\/p>\n<p>Por meio de nota, o Parlamento municipal afirmou que ainda n\u00e3o foi notificada acerca das investiga\u00e7\u00f5es, mas que repudia qualquer ato que viole a integridade f\u00edsica e ps\u00edquica das pessoas, especialmente quando envolve crian\u00e7as e adolescentes, e que ser\u00e1 aberta uma apura\u00e7\u00e3o interna.<\/p>\n<p>&#8220;Refor\u00e7amos a popula\u00e7\u00e3o que o Legislativo Municipal coloca-se \u00e0 disposi\u00e7\u00e3o da Comunidade e que n\u00e3o compactua com qualquer tipo de transgress\u00e3o ao ordenamento jur\u00eddico, de modo que, ao tempo em que for notificada, dar\u00e1 sequ\u00eancia aos tr\u00e2mites legislativos necess\u00e1rios&#8221;, diz trecho da nota.<\/p>\n<p>A den\u00fancia veio \u00e0 tona na \u00faltima segunda-feira (2) quando a v\u00edtima, natural de Goiana, situada na divisa entre Para\u00edba e Pernambuco, registrou o ass\u00e9dio em v\u00eddeo. No material, \u00e9 poss\u00edvel ouvir claramente o vereador proferindo propostas de teor sexual \u00e0 jovem.<\/p>\n<p>A adolescente, acompanhada por sua fam\u00edlia, prestou depoimento na Delegacia da Mulher, onde relatou que o ass\u00e9dio ocorreu sob amea\u00e7as. A m\u00e3e da v\u00edtima tamb\u00e9m testemunhou, afirmando que o pol\u00edtico teria feito a oferta enquanto estava dentro da resid\u00eancia da fam\u00edlia.<\/p>\n<p>Na sequ\u00eancia, a delegada Joana D\u2019Arc, da Delegacia do Menor V\u00edtima, solicitou exames m\u00e9dicos para fortalecer a den\u00fancia, os quais ser\u00e3o encaminhados \u00e0 delegacia respons\u00e1vel pela condu\u00e7\u00e3o das investiga\u00e7\u00f5es. No v\u00eddeo, o vereador Fl\u00e1vio Melo \u00e9 expl\u00edcito sobre suas inten\u00e7\u00f5es, fazendo promessas de apoio financeiro \u00e0 v\u00edtima e sua irm\u00e3, al\u00e9m de insistentemente tentar convenc\u00ea-la a aceitar sua proposta.<\/p>\n<p><strong>Confira a nota:<\/strong><\/p>\n<p><em>A C\u00e2mara Municipal de Conde-PB, atrav\u00e9s do seu Presidente, vem a p\u00fablico esclarecer que tomou conhecimento, nas \u00faltimas horas, da veicula\u00e7\u00e3o de not\u00edcias citando um parlamentar da Casa Comendador C\u00edcero Leite, onde at\u00e9 o presente momento a C\u00e2mara Municipal n\u00e3o foi notificada sobre as acusa\u00e7\u00f5es veiculadas.<\/em><\/p>\n<p><em>Primeiramente, registro que\u00a0<strong>REPUDIAMOS<\/strong>\u00a0qualquer ato que venha a ferir a integridade f\u00edsica e ps\u00edquica das pessoas, especialmente quando envolve crian\u00e7as e adolescentes.<\/em><br \/>\n<em>Pontuo que princ\u00edpios \u00e9ticos e as regras b\u00e1sicas de decoro parlamentar sobre a conduta dos que estejam no exerc\u00edcio do mandato de Vereador s\u00e3o devidamente analisadas pelo Plen\u00e1rio da C\u00e2mara Municipal de Conde.<\/em><\/p>\n<p><em>No mais, refor\u00e7amos a popula\u00e7\u00e3o que o Legislativo Municipal coloca-se \u00e0 disposi\u00e7\u00e3o da Comunidade e que n\u00e3o compactua com qualquer tipo de transgress\u00e3o ao ordenamento jur\u00eddico, de modo que, ao tempo em que for notificada, dar\u00e1 sequ\u00eancia aos tr\u00e2mites legislativos necess\u00e1rios.<\/em><\/p>\n<p><em><strong>C\u00e2mara Municipal de Conde-PB, Casa Comendador C\u00edcero Leite, em 06 de outubro de 2023.<\/strong><\/em><\/p>\n<p>O post <a rel=\"nofollow noopener\" href=\"https:\/\/wscom.com.br\/camara-de-conde-diz-aguardar-notificacao-da-investigacao-contra-vereador\/\" target=\"_blank\">C\u00e2mara de Conde diz aguardar notifica\u00e7\u00e3o da investiga\u00e7\u00e3o contra vereador acusado de estuprar adolescente<\/a> apareceu primeiro em <a rel=\"nofollow noopener\" href=\"https:\/\/wscom.com.br\/\" target=\"_blank\">WSCOM<\/a>.<\/p>\n","protected":false},"excerpt":{"rendered":"<p>\u00a0 \u00a0 A C\u00e2mara Municipal de Conde emitiu uma declara\u00e7\u00e3o nesta sexta-feira (6) em resposta \u00e0 investiga\u00e7\u00e3o em curso envolvendo o vereador Fl\u00e1vio Melo (PSB), tamb\u00e9m conhecido como Fl\u00e1vio Cabar\u00e9. O parlamentar est\u00e1 sendo investigado pela Pol\u00edcia Civil da Para\u00edba por supostamente aliciar uma adolescente de 14 anos, oferecendo dinheiro em troca de rela\u00e7\u00f5es sexuais. [\u2026]<\/p>\n<p>O post <a rel=\"nofollow\" href=\"https:\/\/wscom.com.br\/camara-de-conde-diz-aguardar-notificacao-da-investigacao-contra-vereador\/\">C\u00e2mara de Conde diz aguardar notifica\u00e7\u00e3o da investiga\u00e7\u00e3o contra vereador acusado de estuprar adolescente<\/a> apareceu primeiro em <a rel=\"nofollow\" href=\"https:\/\/wscom.com.br\/\">WSCOM<\/a>.<\/p>\n","protected":false},"author":42,"featured_media":0,"comment_status":"closed","ping_status":"closed","sticky":false,"template":"","format":"standard","meta":{"advgb_blocks_editor_width":"","advgb_blocks_columns_visual_guide":"","footnotes":""},"categories":[9879,248,7498,5126,9849,34,54],"tags":[35],"class_list":["post-37736","post","type-post","status-publish","format-standard","hentry","category-camara-municipal-de-conde","category-conde","category-declaracao","category-estupro-de-vulneravel","category-flavio-melo","category-g1","category-paraiba","tag-g1"],"author_meta":{"display_name":"Rafael Andrade","author_link":"https:\/\/sindaopcpb.org.br\/author\/rafael-andrade\/"},"featured_img":null,"coauthors":[],"tax_additional":{"categories":{"linked":["<a href=\"https:\/\/sindaopcpb.org.br\/camara-municipal-de-conde\/\" class=\"advgb-post-tax-term\">c\u00e2mara municipal de Conde<\/a>","<a href=\"https:\/\/sindaopcpb.org.br\/conde\/\" class=\"advgb-post-tax-term\">Conde<\/a>","<a href=\"https:\/\/sindaopcpb.org.br\/declaracao\/\" class=\"advgb-post-tax-term\">declara\u00e7\u00e3o<\/a>","<a href=\"https:\/\/sindaopcpb.org.br\/estupro-de-vulneravel\/\" class=\"advgb-post-tax-term\">estupro de vulner\u00e1vel<\/a>","<a href=\"https:\/\/sindaopcpb.org.br\/flavio-melo\/\" class=\"advgb-post-tax-term\">Fl\u00e1vio Melo<\/a>","<a href=\"https:\/\/sindaopcpb.org.br\/g1\/\" class=\"advgb-post-tax-term\">G1<\/a>","<a href=\"https:\/\/sindaopcpb.org.br\/paraiba\/\" class=\"advgb-post-tax-term\">Para\u00edba<\/a>"],"unlinked":["<span class=\"advgb-post-tax-term\">c\u00e2mara municipal de Conde<\/span>","<span class=\"advgb-post-tax-term\">Conde<\/span>","<span class=\"advgb-post-tax-term\">declara\u00e7\u00e3o<\/span>","<span class=\"advgb-post-tax-term\">estupro de vulner\u00e1vel<\/span>","<span class=\"advgb-post-tax-term\">Fl\u00e1vio Melo<\/span>","<span class=\"advgb-post-tax-term\">G1<\/span>","<span class=\"advgb-post-tax-term\">Para\u00edba<\/span>"]},"tags":{"linked":["<a href=\"https:\/\/sindaopcpb.org.br\/paraiba\/\" class=\"advgb-post-tax-term\">g1<\/a>"],"unlinked":["<span class=\"advgb-post-tax-term\">g1<\/span>"]}},"comment_count":"0","relative_dates":{"created":"Publicado 3 anos atr\u00e1s","modified":"Atualizado 3 anos atr\u00e1s"},"absolute_dates":{"created":"Publicado em 6 de outubro de 2023","modified":"Atualizado em 6 de outubro de 2023"},"absolute_dates_time":{"created":"Publicado em 6 de outubro de 2023 14:17","modified":"Atualizado em 6 de outubro de 2023 14:17"},"featured_img_caption":"","series_order":"","_links":{"self":[{"href":"https:\/\/sindaopcpb.org.br\/index.php\/wp-json\/wp\/v2\/posts\/37736","targetHints":{"allow":["GET"]}}],"collection":[{"href":"https:\/\/sindaopcpb.org.br\/index.php\/wp-json\/wp\/v2\/posts"}],"about":[{"href":"https:\/\/sindaopcpb.org.br\/index.php\/wp-json\/wp\/v2\/types\/post"}],"author":[{"embeddable":true,"href":"https:\/\/sindaopcpb.org.br\/index.php\/wp-json\/wp\/v2\/users\/42"}],"replies":[{"embeddable":true,"href":"https:\/\/sindaopcpb.org.br\/index.php\/wp-json\/wp\/v2\/comments?post=37736"}],"version-history":[{"count":1,"href":"https:\/\/sindaopcpb.org.br\/index.php\/wp-json\/wp\/v2\/posts\/37736\/revisions"}],"predecessor-version":[{"id":37737,"href":"https:\/\/sindaopcpb.org.br\/index.php\/wp-json\/wp\/v2\/posts\/37736\/revisions\/37737"}],"wp:attachment":[{"href":"https:\/\/sindaopcpb.org.br\/index.php\/wp-json\/wp\/v2\/media?parent=37736"}],"wp:term":[{"taxonomy":"category","embeddable":true,"href":"https:\/\/sindaopcpb.org.br\/index.php\/wp-json\/wp\/v2\/categories?post=37736"},{"taxonomy":"post_tag","embeddable":true,"href":"https:\/\/sindaopcpb.org.br\/index.php\/wp-json\/wp\/v2\/tags?post=37736"}],"curies":[{"name":"wp","href":"https:\/\/api.w.org\/{rel}","templated":true}]}}