{"id":37728,"date":"2023-10-06T13:22:01","date_gmt":"2023-10-06T16:22:01","guid":{"rendered":"https:\/\/wpa.wscom.com.br\/?p=926280"},"modified":"2023-10-06T13:22:01","modified_gmt":"2023-10-06T16:22:01","slug":"famup-esclarece-reducao-de-1328-em-valores-da-cota-do-fpm-para-o-mes-de-outubro","status":"publish","type":"post","link":"https:\/\/sindaopcpb.org.br\/index.php\/2023\/10\/06\/famup-esclarece-reducao-de-1328-em-valores-da-cota-do-fpm-para-o-mes-de-outubro\/","title":{"rendered":"Famup esclarece redu\u00e7\u00e3o de 13,28% em valores da cota do FPM para o m\u00eas de outubro"},"content":{"rendered":"<p>A Federa\u00e7\u00e3o das Associa\u00e7\u00f5es de Munic\u00edpios da Para\u00edba (Famup) emitiu nota, nesta sexta-feira (6), onde esclarece redu\u00e7\u00e3o de valores da primeira cota do Fundo de Participa\u00e7\u00e3o dos Munic\u00edpios (FPM) para outubro. Segundo a entidade, o dep\u00f3sito nas contas das prefeituras paraibanas acontece na pr\u00f3xima ter\u00e7a-feira (10) no valor de 4,1 bilh\u00f5es, sendo 13,28% menor que a mesma cota repassada em outubro de 2022.<\/p>\n<p>De acordo com a Famup , n\u00e3o h\u00e1 como fazer compara\u00e7\u00f5es entre cotas de meses dentro do mesmo ano, outubro com setembro ou junho, por exemplo, pois o FPM \u00e9 c\u00edclico com meses de maior arrecada\u00e7\u00e3o e outros com menor valor arrecadado. Ainda destaca que n\u00e3o se pode fazer compara\u00e7\u00f5es de dec\u00eandios de meses anteriores, pois n\u00e3o existe consist\u00eancia econ\u00f4mica entre os valores.<\/p>\n<p>A Famup destaca ainda que, diante do atual cen\u00e1rio de dificuldades financeiras, o Projeto de Lei Complementar (PLP) 136\/2023 aprovado no Senado, mediante uma mobiliza\u00e7\u00e3o nacional dos munic\u00edpios, com apoio e participa\u00e7\u00e3o da Federa\u00e7\u00e3o paraibana, servir\u00e1 para equiparar FPM de 2023 com o de 2022.<\/p>\n<p>O post <a rel=\"nofollow noopener\" href=\"https:\/\/wscom.com.br\/famup-esclarece-reducao-de-1328-em-valores-da-cota-do-fpm-para-o-mes-de-outubro\/\" target=\"_blank\">Famup esclarece redu\u00e7\u00e3o de 13,28% em valores da cota do FPM para o m\u00eas de outubro<\/a> apareceu primeiro em <a rel=\"nofollow noopener\" href=\"https:\/\/wscom.com.br\/\" target=\"_blank\">WSCOM<\/a>.<\/p>\n","protected":false},"excerpt":{"rendered":"<p>A Federa\u00e7\u00e3o das Associa\u00e7\u00f5es de Munic\u00edpios da Para\u00edba (Famup) emitiu nota, nesta sexta-feira (6), onde esclarece redu\u00e7\u00e3o de valores da primeira cota do Fundo de Participa\u00e7\u00e3o dos Munic\u00edpios (FPM) para outubro. Segundo a entidade, o dep\u00f3sito nas contas das prefeituras paraibanas acontece na pr\u00f3xima ter\u00e7a-feira (10) no valor de 4,1 bilh\u00f5es, sendo 13,28% menor que [\u2026]<\/p>\n<p>O post <a rel=\"nofollow\" href=\"https:\/\/wscom.com.br\/famup-esclarece-reducao-de-1328-em-valores-da-cota-do-fpm-para-o-mes-de-outubro\/\">Famup esclarece redu\u00e7\u00e3o de 13,28% em valores da cota do FPM para o m\u00eas de outubro<\/a> apareceu primeiro em <a rel=\"nofollow\" href=\"https:\/\/wscom.com.br\/\">WSCOM<\/a>.<\/p>\n","protected":false},"author":49,"featured_media":0,"comment_status":"closed","ping_status":"closed","sticky":false,"template":"","format":"standard","meta":{"advgb_blocks_editor_width":"","advgb_blocks_columns_visual_guide":"","footnotes":""},"categories":[4735,1743,34,47,9871],"tags":[35],"class_list":["post-37728","post","type-post","status-publish","format-standard","hentry","category-famup","category-fpm","category-g1","category-politica","category-reducao-de-valores","tag-g1"],"author_meta":{"display_name":"Cristiane Cavalcante","author_link":"https:\/\/sindaopcpb.org.br\/author\/cristiane-cavalcante\/"},"featured_img":null,"coauthors":[],"tax_additional":{"categories":{"linked":["<a href=\"https:\/\/sindaopcpb.org.br\/famup\/\" class=\"advgb-post-tax-term\">famup<\/a>","<a href=\"https:\/\/sindaopcpb.org.br\/fpm\/\" class=\"advgb-post-tax-term\">fpm<\/a>","<a href=\"https:\/\/sindaopcpb.org.br\/g1\/\" class=\"advgb-post-tax-term\">G1<\/a>","<a href=\"https:\/\/sindaopcpb.org.br\/politica\/\" class=\"advgb-post-tax-term\">POLITICA<\/a>","<a href=\"https:\/\/sindaopcpb.org.br\/reducao-de-valores\/\" class=\"advgb-post-tax-term\">redu\u00e7\u00e3o de valores<\/a>"],"unlinked":["<span class=\"advgb-post-tax-term\">famup<\/span>","<span class=\"advgb-post-tax-term\">fpm<\/span>","<span class=\"advgb-post-tax-term\">G1<\/span>","<span class=\"advgb-post-tax-term\">POLITICA<\/span>","<span class=\"advgb-post-tax-term\">redu\u00e7\u00e3o de valores<\/span>"]},"tags":{"linked":["<a href=\"https:\/\/sindaopcpb.org.br\/reducao-de-valores\/\" class=\"advgb-post-tax-term\">g1<\/a>"],"unlinked":["<span class=\"advgb-post-tax-term\">g1<\/span>"]}},"comment_count":"0","relative_dates":{"created":"Publicado 3 anos atr\u00e1s","modified":"Atualizado 3 anos atr\u00e1s"},"absolute_dates":{"created":"Publicado em 6 de outubro de 2023","modified":"Atualizado em 6 de outubro de 2023"},"absolute_dates_time":{"created":"Publicado em 6 de outubro de 2023 13:22","modified":"Atualizado em 6 de outubro de 2023 13:22"},"featured_img_caption":"","series_order":"","_links":{"self":[{"href":"https:\/\/sindaopcpb.org.br\/index.php\/wp-json\/wp\/v2\/posts\/37728","targetHints":{"allow":["GET"]}}],"collection":[{"href":"https:\/\/sindaopcpb.org.br\/index.php\/wp-json\/wp\/v2\/posts"}],"about":[{"href":"https:\/\/sindaopcpb.org.br\/index.php\/wp-json\/wp\/v2\/types\/post"}],"author":[{"embeddable":true,"href":"https:\/\/sindaopcpb.org.br\/index.php\/wp-json\/wp\/v2\/users\/49"}],"replies":[{"embeddable":true,"href":"https:\/\/sindaopcpb.org.br\/index.php\/wp-json\/wp\/v2\/comments?post=37728"}],"version-history":[{"count":1,"href":"https:\/\/sindaopcpb.org.br\/index.php\/wp-json\/wp\/v2\/posts\/37728\/revisions"}],"predecessor-version":[{"id":37729,"href":"https:\/\/sindaopcpb.org.br\/index.php\/wp-json\/wp\/v2\/posts\/37728\/revisions\/37729"}],"wp:attachment":[{"href":"https:\/\/sindaopcpb.org.br\/index.php\/wp-json\/wp\/v2\/media?parent=37728"}],"wp:term":[{"taxonomy":"category","embeddable":true,"href":"https:\/\/sindaopcpb.org.br\/index.php\/wp-json\/wp\/v2\/categories?post=37728"},{"taxonomy":"post_tag","embeddable":true,"href":"https:\/\/sindaopcpb.org.br\/index.php\/wp-json\/wp\/v2\/tags?post=37728"}],"curies":[{"name":"wp","href":"https:\/\/api.w.org\/{rel}","templated":true}]}}