{"id":37677,"date":"2023-10-06T10:25:03","date_gmt":"2023-10-06T13:25:03","guid":{"rendered":"https:\/\/www.infomoney.com.br\/?p=2262833"},"modified":"2023-10-06T10:25:03","modified_gmt":"2023-10-06T13:25:03","slug":"cappelli-descarta-federalizacao-de-caso-de-medicos-no-rio","status":"publish","type":"post","link":"https:\/\/sindaopcpb.org.br\/index.php\/2023\/10\/06\/cappelli-descarta-federalizacao-de-caso-de-medicos-no-rio\/","title":{"rendered":"Cappelli descarta federaliza\u00e7\u00e3o de caso de m\u00e9dicos no Rio"},"content":{"rendered":"<p><img loading=\"lazy\" width=\"300\" height=\"140\" src=\"https:\/\/www.infomoney.com.br\/wp-content\/uploads\/2023\/01\/Captura-de-Tela-2023-01-11-as-16.22.05.png?fit=300%2C140&amp;quality=70&amp;strip=all\" class=\"attachment-medium size-medium wp-post-image\" alt=\"Ricardo Cappelli, interventor federal na seguran\u00e7a do DF, em coletiva (Reprodu\u00e7\u00e3o)\" decoding=\"async\" style=\"float:right; margin:0 0 10px 10px;\" srcset=\"https:\/\/www.infomoney.com.br\/wp-content\/uploads\/2023\/01\/Captura-de-Tela-2023-01-11-as-16.22.05.png?w=712&amp;quality=70&amp;strip=all 712w, https:\/\/www.infomoney.com.br\/wp-content\/uploads\/2023\/01\/Captura-de-Tela-2023-01-11-as-16.22.05.png?w=300&amp;quality=70&amp;strip=all 300w, https:\/\/www.infomoney.com.br\/wp-content\/uploads\/2023\/01\/Captura-de-Tela-2023-01-11-as-16.22.05.png?w=150&amp;quality=70&amp;strip=all 150w\" sizes=\"auto, (max-width: 300px) 100vw, 300px\" data-attachment-id=\"2028451\" data-permalink=\"https:\/\/www.infomoney.com.br\/politica\/interventor-diz-que-nao-ha-hipotese-de-acontecer-nada-semelhante-ao-8-de-janeiro\/attachment\/captura-de-tela-2023-01-11-as-16-22-05\/\" data-orig-file=\"https:\/\/www.infomoney.com.br\/wp-content\/uploads\/2023\/01\/Captura-de-Tela-2023-01-11-as-16.22.05.png?fit=712%2C333&amp;quality=70&amp;strip=all\" data-orig-size=\"712,333\" data-comments-opened=\"0\" data-image-meta=\"{&quot;aperture&quot;:&quot;0&quot;,&quot;credit&quot;:&quot;&quot;,&quot;camera&quot;:&quot;&quot;,&quot;caption&quot;:&quot;&quot;,&quot;created_timestamp&quot;:&quot;0&quot;,&quot;copyright&quot;:&quot;&quot;,&quot;focal_length&quot;:&quot;0&quot;,&quot;iso&quot;:&quot;0&quot;,&quot;shutter_speed&quot;:&quot;0&quot;,&quot;title&quot;:&quot;&quot;,&quot;orientation&quot;:&quot;0&quot;}\" data-image-title=\"Ricardo Cappelli, interventor federal na seguran\u00e7a do DF, em coletiva (Reprodu\u00e7\u00e3o)\" data-image-description=\"&lt;p&gt;Ricardo Cappelli, interventor federal na seguran\u00e7a do DF, em coletiva (Reprodu\u00e7\u00e3o)&lt;\/p&gt;\n\" data-image-caption=\"&lt;p&gt;Ricardo Cappelli, interventor federal na seguran\u00e7a do DF, em coletiva (Reprodu\u00e7\u00e3o)&lt;\/p&gt;\n\" data-medium-file=\"https:\/\/www.infomoney.com.br\/wp-content\/uploads\/2023\/01\/Captura-de-Tela-2023-01-11-as-16.22.05.png?fit=300%2C140&amp;quality=70&amp;strip=all\" data-large-file=\"https:\/\/www.infomoney.com.br\/wp-content\/uploads\/2023\/01\/Captura-de-Tela-2023-01-11-as-16.22.05.png?fit=712%2C333&amp;quality=70&amp;strip=all\" title=\"\"><\/p>\n<p>O secret&aacute;rio executivo do Minist&eacute;rio da Justi&ccedil;a e Seguran&ccedil;a P&uacute;blica, Ricardo Capelli, disse, nesta quinta-feira (5), no Rio de Janeiro, que n&atilde;o est&aacute; em pauta a federaliza&ccedil;&atilde;o do assassinato a tiros de tr&ecirc;s m&eacute;dicos em um quiosque na Barra da Tijuca, na zona oeste do Rio, na madrugada de hoje. Um quarto m&eacute;dico baleado est&aacute; internado em estado est&aacute;vel no Hospital Louren&ccedil;o Jorge. A pol&iacute;cia busca os envolvidos no crime.<\/p>\n<p>&ldquo;Estamos desde o in&iacute;cio do dia com a nossa equipe da Pol&iacute;cia Federal apoiando a Pol&iacute;cia Civil do estado do Rio com informa&ccedil;&otilde;es de intelig&ecirc;ncia. A Pol&iacute;cia Federal tem um banco de informa&ccedil;&otilde;es bastante robusto e importante para apoiar as investiga&ccedil;&otilde;es&rdquo;, disse Cappelli, ap&oacute;s dar palestra no Rio Innovation Week 2023.<\/p>\n<p>Sobre uma poss&iacute;vel linha de investiga&ccedil;&atilde;o, o secret&aacute;rio executivo afirmou n&atilde;o ser prudente comentar investiga&ccedil;&otilde;es em curso. &ldquo;A gente tem que ter muita prud&ecirc;ncia e confiar no trabalho t&eacute;cnico feito pelas pol&iacute;cias. Tenho confian&ccedil;a que a gente vai conseguir avan&ccedil;ar. Creio que, em breve, conseguiremos elucidar esse crime inaceit&aacute;vel&rdquo;, disse<\/p>\n<p>O governador Cl&aacute;udio Castro, do estado do Rio, receber&aacute;, nesta sexta-feira (6), o secret&aacute;rio executivo do Minist&eacute;rio da Justi&ccedil;a e Seguran&ccedil;a P&uacute;blica, no Pal&aacute;cio Guanabara, para tratar do assassinato dos ortopedistas e do apoio do governo federal para o combate ao crime no Complexo da Mar&eacute;, na zona norte da cidade.<\/p>\n<h2><strong>V&iacute;timas<\/strong><\/h2>\n<p>Diego Ralf Bomfim, de 35 anos, era irm&atilde;o da deputada federal S&acirc;mia Bonfim (PSOL-SP). Foi m&eacute;dico residente no Instituto de Ortopedia e Traumatologia do Hospital das Cl&iacute;nicas da Faculdade de Medicina da Universidade de S&atilde;o Paulo (USP) entre 2020 e 2021. Ele fazia parte da Rede D&rsquo;Or, em S&atilde;o Paulo.<\/p>\n<p>Marcos de Andrade Corsato, de 62 anos, era m&eacute;dico assistente do Instituto de Ortopedia e Traumatologia do Hospital das Cl&iacute;nicas da Faculdade de Medicina da Universidade de S&atilde;o Paulo (USP) desde 1992. Fazia parte do corpo cl&iacute;nico do Hospital S&iacute;rio-Liban&ecirc;s de S&atilde;o Paulo.<\/p>\n<p>&ldquo;&Eacute; com profunda tristeza que a Sociedade Beneficente de Senhoras Hospital S&iacute;rio-Liban&ecirc;s recebeu a not&iacute;cia sobre a morte do Dr. Marcos de Andrade Corsato, membro valoroso e dedicado do nosso corpo cl&iacute;nico e com uma passagem de nove anos pelo nosso pronto atendimento. Sua partida repentina deixa um vazio imensur&aacute;vel em nossa institui&ccedil;&atilde;o e na comunidade m&eacute;dica como um todo&rdquo;, diz a nota do hospital. O terceiro m&eacute;dico morto &eacute; Perseu Ribeiro de Almeida.<\/p>\n<\/p>\n<div class=\"cta-end\">\n<div class=\"im-cta\" >\n<div class=\"im-shortcode-forms bg-light bg-opacity-25 border rounded-4 p-3 p-sm-4 p-md-3 p-lg-4 px-xxl-5 my-5\" data-configuration='{\"form_name\":false,\"form_hat\":\"Newsletter\",\"form_email\":true,\"form_icon\":\"newsletter\",\"form_phone\":false,\"form_campaign\":\"NIM\",\"form_thankyou\":\"\",\"form_journey\":\"APIEvent-26a5198d-8e09-06ef-5f80-cd9127757ad1\",\"form_button\":\"Quero receber\",\"form_context\":\"newsletter\",\"form_origin\":\"https:\\\/\\\/www.infomoney.com.br\\\/politica\\\/feed\\\/?utm_medium=materia&#038;utm_source=infomoney&#038;utm_campaign=NIM&#038;utm_term=politica&#038;utm_content=newsletter\",\"form_position\":\"final\",\"form_category\":\"cta_form\"}'>\n<div class=\"d-flex flex-column align-items-center align-items-lg-start mb-4 flex-lg-row\">\n<div class=\"rounded-circle mb-2 mb-lg-0 mr-lg-4 me-lg-4 p-3 p-lg-4 bg-blue-400\"><svg width=\"40\" height=\"40\" viewBox=\"0 0 40 40\" fill=\"none\" xmlns=\"http:\/\/www.w3.org\/2000\/svg\"><path d=\"M20 20.25 6.042 11.042v19.041c0 .167.048.299.146.396a.535.535 0 0 0 .395.146h15.792V32.5H6.583a2.328 2.328 0 0 1-1.708-.708 2.328 2.328 0 0 1-.708-1.709V9.917c0-.667.236-1.236.708-1.709A2.328 2.328 0 0 1 6.583 7.5h26.834c.666 0 1.236.236 1.708.708a2.33 2.33 0 0 1 .708 1.709v12.458h-1.875V11.042L20 20.25Zm0-2 13.667-8.875H6.333L20 18.25Zm11.75 18.958-1.292-1.333 3.334-3.375h-9v-1.875h9l-3.375-3.417 1.333-1.291 5.667 5.625-5.667 5.666ZM6.042 11.042v20.791-9.458.25-13.25 1.667Z\" fill=\"#fff\"\/><\/svg><\/div>\n<div class=\"flex-fill text-center text-lg-left\">\n<div class=\"h6 small text-orange-700 lh-base mb-1\">Newsletter<\/div>\n<div class=\"text-body h4 m-0\">Infomorning<\/div>\n<div class=\"text-body small lh-base mt-2\">Receba no seu e-mail logo pela manh&atilde; as not&iacute;cias que v&atilde;o mexer com os mercados, com os seus investimentos e o seu bolso durante o dia<\/div>\n<\/div>\n<\/div>\n<\/div>\n<\/div>\n<\/div>\n<p>The post <a rel=\"nofollow noopener\" href=\"https:\/\/www.infomoney.com.br\/politica\/cappelli-descarta-federalizacao-de-caso-de-medicos-no-rio\/\" target=\"_blank\">Cappelli descarta federaliza\u00e7\u00e3o de caso de m\u00e9dicos no Rio<\/a> appeared first on <a rel=\"nofollow noopener\" href=\"https:\/\/www.infomoney.com.br\/\" target=\"_blank\">InfoMoney<\/a>.<\/p>\n","protected":false},"excerpt":{"rendered":"<p><img loading=\"lazy\" decoding=\"async\" width=\"300\" height=\"140\" src=\"https:\/\/www.infomoney.com.br\/wp-content\/uploads\/2023\/01\/Captura-de-Tela-2023-01-11-as-16.22.05.png?fit=300%2C140&amp;quality=70&amp;strip=all\" class=\"attachment-medium size-medium wp-post-image\" alt=\"Ricardo Cappelli, interventor federal na seguran\u00e7a do DF, em coletiva (Reprodu\u00e7\u00e3o)\" data-attachment-id=\"2028451\" data-permalink=\"https:\/\/www.infomoney.com.br\/politica\/interventor-diz-que-nao-ha-hipotese-de-acontecer-nada-semelhante-ao-8-de-janeiro\/attachment\/captura-de-tela-2023-01-11-as-16-22-05\/\" data-orig-file=\"https:\/\/www.infomoney.com.br\/wp-content\/uploads\/2023\/01\/Captura-de-Tela-2023-01-11-as-16.22.05.png?fit=712%2C333&amp;quality=70&amp;strip=all\" data-orig-size=\"712,333\" data-comments-opened=\"0\" data-image-meta='{\"aperture\":\"0\",\"credit\":\"\",\"camera\":\"\",\"caption\":\"\",\"created_timestamp\":\"0\",\"copyright\":\"\",\"focal_length\":\"0\",\"iso\":\"0\",\"shutter_speed\":\"0\",\"title\":\"\",\"orientation\":\"0\"}' data-image-title=\"Ricardo Cappelli, interventor federal na seguran\u00e7a do DF, em coletiva (Reprodu\u00e7\u00e3o)\" data-image-description=\"&lt;p&gt;Ricardo Cappelli, interventor federal na seguran\u00e7a do DF, em coletiva (Reprodu\u00e7\u00e3o)&lt;\/p&gt;\n\" data-image-caption=\"&lt;p&gt;Ricardo Cappelli, interventor federal na seguran\u00e7a do DF, em coletiva (Reprodu\u00e7\u00e3o)&lt;\/p&gt;\n\" data-medium-file=\"https:\/\/www.infomoney.com.br\/wp-content\/uploads\/2023\/01\/Captura-de-Tela-2023-01-11-as-16.22.05.png?fit=300%2C140&amp;quality=70&amp;strip=all\" data-large-file=\"https:\/\/www.infomoney.com.br\/wp-content\/uploads\/2023\/01\/Captura-de-Tela-2023-01-11-as-16.22.05.png?fit=712%2C333&amp;quality=70&amp;strip=all\">Ortopedistas foram mortos a tiros em quiosque na Barra da Tijuca<\/p>\n<p>The post <a rel=\"nofollow\" href=\"https:\/\/www.infomoney.com.br\/politica\/cappelli-descarta-federalizacao-de-caso-de-medicos-no-rio\/\">Cappelli descarta federaliza\u00e7\u00e3o de caso de m\u00e9dicos no Rio<\/a> appeared first on <a rel=\"nofollow\" href=\"https:\/\/www.infomoney.com.br\/\">InfoMoney<\/a>.<\/p>\n","protected":false},"author":44,"featured_media":0,"comment_status":"closed","ping_status":"closed","sticky":false,"template":"","format":"standard","meta":{"advgb_blocks_editor_width":"","advgb_blocks_columns_visual_guide":"","footnotes":""},"categories":[1484,34,220,47,138],"tags":[35],"class_list":["post-37677","post","type-post","status-publish","format-standard","hentry","category-crimes","category-g1","category-ministerio-da-justica","category-politica","category-rio-de-janeiro","tag-g1"],"author_meta":{"display_name":"Ag\u00eancia Brasil","author_link":"https:\/\/sindaopcpb.org.br\/author\/agencia-brasil\/"},"featured_img":null,"coauthors":[],"tax_additional":{"categories":{"linked":["<a href=\"https:\/\/sindaopcpb.org.br\/crimes\/\" class=\"advgb-post-tax-term\">Crimes<\/a>","<a href=\"https:\/\/sindaopcpb.org.br\/g1\/\" class=\"advgb-post-tax-term\">G1<\/a>","<a href=\"https:\/\/sindaopcpb.org.br\/ministerio-da-justica\/\" class=\"advgb-post-tax-term\">Minist\u00e9rio da Justi\u00e7a<\/a>","<a href=\"https:\/\/sindaopcpb.org.br\/politica\/\" class=\"advgb-post-tax-term\">POLITICA<\/a>","<a href=\"https:\/\/sindaopcpb.org.br\/rio-de-janeiro\/\" class=\"advgb-post-tax-term\">Rio de Janeiro<\/a>"],"unlinked":["<span class=\"advgb-post-tax-term\">Crimes<\/span>","<span class=\"advgb-post-tax-term\">G1<\/span>","<span class=\"advgb-post-tax-term\">Minist\u00e9rio da Justi\u00e7a<\/span>","<span class=\"advgb-post-tax-term\">POLITICA<\/span>","<span class=\"advgb-post-tax-term\">Rio de Janeiro<\/span>"]},"tags":{"linked":["<a href=\"https:\/\/sindaopcpb.org.br\/rio-de-janeiro\/\" class=\"advgb-post-tax-term\">g1<\/a>"],"unlinked":["<span class=\"advgb-post-tax-term\">g1<\/span>"]}},"comment_count":"0","relative_dates":{"created":"Publicado 3 anos atr\u00e1s","modified":"Atualizado 3 anos atr\u00e1s"},"absolute_dates":{"created":"Publicado em 6 de outubro de 2023","modified":"Atualizado em 6 de outubro de 2023"},"absolute_dates_time":{"created":"Publicado em 6 de outubro de 2023 10:25","modified":"Atualizado em 6 de outubro de 2023 10:25"},"featured_img_caption":"","series_order":"","_links":{"self":[{"href":"https:\/\/sindaopcpb.org.br\/index.php\/wp-json\/wp\/v2\/posts\/37677","targetHints":{"allow":["GET"]}}],"collection":[{"href":"https:\/\/sindaopcpb.org.br\/index.php\/wp-json\/wp\/v2\/posts"}],"about":[{"href":"https:\/\/sindaopcpb.org.br\/index.php\/wp-json\/wp\/v2\/types\/post"}],"author":[{"embeddable":true,"href":"https:\/\/sindaopcpb.org.br\/index.php\/wp-json\/wp\/v2\/users\/44"}],"replies":[{"embeddable":true,"href":"https:\/\/sindaopcpb.org.br\/index.php\/wp-json\/wp\/v2\/comments?post=37677"}],"version-history":[{"count":1,"href":"https:\/\/sindaopcpb.org.br\/index.php\/wp-json\/wp\/v2\/posts\/37677\/revisions"}],"predecessor-version":[{"id":37678,"href":"https:\/\/sindaopcpb.org.br\/index.php\/wp-json\/wp\/v2\/posts\/37677\/revisions\/37678"}],"wp:attachment":[{"href":"https:\/\/sindaopcpb.org.br\/index.php\/wp-json\/wp\/v2\/media?parent=37677"}],"wp:term":[{"taxonomy":"category","embeddable":true,"href":"https:\/\/sindaopcpb.org.br\/index.php\/wp-json\/wp\/v2\/categories?post=37677"},{"taxonomy":"post_tag","embeddable":true,"href":"https:\/\/sindaopcpb.org.br\/index.php\/wp-json\/wp\/v2\/tags?post=37677"}],"curies":[{"name":"wp","href":"https:\/\/api.w.org\/{rel}","templated":true}]}}