{"id":37643,"date":"2023-10-05T19:26:56","date_gmt":"2023-10-05T22:26:56","guid":{"rendered":"https:\/\/wpa.wscom.com.br\/?p=926185"},"modified":"2023-10-05T19:26:56","modified_gmt":"2023-10-05T22:26:56","slug":"imagens-de-pamela-borio-no-8-de-janeiro-devem-ser-encaminhadas-a-pgr-determina-moraes","status":"publish","type":"post","link":"https:\/\/sindaopcpb.org.br\/index.php\/2023\/10\/05\/imagens-de-pamela-borio-no-8-de-janeiro-devem-ser-encaminhadas-a-pgr-determina-moraes\/","title":{"rendered":"Imagens de P\u00e2mela B\u00f3rio no 8 de janeiro devem ser encaminhadas \u00e0 PGR, determina Moraes"},"content":{"rendered":"<p>Decis\u00e3o do ministro Alexandre de Moraes, do Supremo Tribunal Federal (STF), ordenou que os v\u00eddeos envolvendo P\u00e2mela B\u00f3rio, ex-primeira-dama da Para\u00edba, nos atos golpistas no dia 8 de janeiro, em Bras\u00edlia, fossem encaminhados \u00e0 Procuradoria-Geral da Rep\u00fablica (PGR).<\/p>\n<p>Moraes decidiu manter a investiga\u00e7\u00e3o sobre ela e arquivar as dilig\u00eancias em rela\u00e7\u00e3o aos outros denunciados, Cabo Gilberto, Eliza Virg\u00ednia, Nilvan Ferreira e Wallber Virgolino.<\/p>\n<p>A a\u00e7\u00e3o foi impetrada pelo PSOL.<\/p>\n<p>&nbsp;<\/p>\n<p>O post <a rel=\"nofollow noopener\" href=\"https:\/\/wscom.com.br\/imagens-de-pamela-borio-no-8-de-janeiro-devem-ser-encaminhadas-a-pgr-determina-moraes\/\" target=\"_blank\">Imagens de P\u00e2mela B\u00f3rio no 8 de janeiro devem ser encaminhadas \u00e0 PGR, determina Moraes<\/a> apareceu primeiro em <a rel=\"nofollow noopener\" href=\"https:\/\/wscom.com.br\/\" target=\"_blank\">WSCOM<\/a>.<\/p>\n","protected":false},"excerpt":{"rendered":"<p>Decis\u00e3o do ministro Alexandre de Moraes, do Supremo Tribunal Federal (STF), ordenou que os v\u00eddeos envolvendo P\u00e2mela B\u00f3rio, ex-primeira-dama da Para\u00edba, nos atos golpistas no dia 8 de janeiro, em Bras\u00edlia, fossem encaminhados \u00e0 Procuradoria-Geral da Rep\u00fablica (PGR). Moraes decidiu manter a investiga\u00e7\u00e3o sobre ela e arquivar as dilig\u00eancias em rela\u00e7\u00e3o aos outros denunciados, Cabo [\u2026]<\/p>\n<p>O post <a rel=\"nofollow\" href=\"https:\/\/wscom.com.br\/imagens-de-pamela-borio-no-8-de-janeiro-devem-ser-encaminhadas-a-pgr-determina-moraes\/\">Imagens de P\u00e2mela B\u00f3rio no 8 de janeiro devem ser encaminhadas \u00e0 PGR, determina Moraes<\/a> apareceu primeiro em <a rel=\"nofollow\" href=\"https:\/\/wscom.com.br\/\">WSCOM<\/a>.<\/p>\n","protected":false},"author":50,"featured_media":0,"comment_status":"closed","ping_status":"closed","sticky":false,"template":"","format":"standard","meta":{"advgb_blocks_editor_width":"","advgb_blocks_columns_visual_guide":"","footnotes":""},"categories":[9851,34,1289,9852,54,449],"tags":[35],"class_list":["post-37643","post","type-post","status-publish","format-standard","hentry","category-borio","category-g1","category-moraes","category-pamela","category-paraiba","category-stf","tag-g1"],"author_meta":{"display_name":"Wallyson","author_link":"https:\/\/sindaopcpb.org.br\/author\/wallyson\/"},"featured_img":null,"coauthors":[],"tax_additional":{"categories":{"linked":["<a href=\"https:\/\/sindaopcpb.org.br\/borio\/\" class=\"advgb-post-tax-term\">borio<\/a>","<a href=\"https:\/\/sindaopcpb.org.br\/g1\/\" class=\"advgb-post-tax-term\">G1<\/a>","<a href=\"https:\/\/sindaopcpb.org.br\/moraes\/\" class=\"advgb-post-tax-term\">moraes<\/a>","<a href=\"https:\/\/sindaopcpb.org.br\/pamela\/\" class=\"advgb-post-tax-term\">pamela<\/a>","<a href=\"https:\/\/sindaopcpb.org.br\/paraiba\/\" class=\"advgb-post-tax-term\">Para\u00edba<\/a>","<a href=\"https:\/\/sindaopcpb.org.br\/stf\/\" class=\"advgb-post-tax-term\">STF<\/a>"],"unlinked":["<span class=\"advgb-post-tax-term\">borio<\/span>","<span class=\"advgb-post-tax-term\">G1<\/span>","<span class=\"advgb-post-tax-term\">moraes<\/span>","<span class=\"advgb-post-tax-term\">pamela<\/span>","<span class=\"advgb-post-tax-term\">Para\u00edba<\/span>","<span class=\"advgb-post-tax-term\">STF<\/span>"]},"tags":{"linked":["<a href=\"https:\/\/sindaopcpb.org.br\/stf\/\" class=\"advgb-post-tax-term\">g1<\/a>"],"unlinked":["<span class=\"advgb-post-tax-term\">g1<\/span>"]}},"comment_count":"0","relative_dates":{"created":"Publicado 3 anos atr\u00e1s","modified":"Atualizado 3 anos atr\u00e1s"},"absolute_dates":{"created":"Publicado em 5 de outubro de 2023","modified":"Atualizado em 5 de outubro de 2023"},"absolute_dates_time":{"created":"Publicado em 5 de outubro de 2023 19:26","modified":"Atualizado em 5 de outubro de 2023 19:26"},"featured_img_caption":"","series_order":"","_links":{"self":[{"href":"https:\/\/sindaopcpb.org.br\/index.php\/wp-json\/wp\/v2\/posts\/37643","targetHints":{"allow":["GET"]}}],"collection":[{"href":"https:\/\/sindaopcpb.org.br\/index.php\/wp-json\/wp\/v2\/posts"}],"about":[{"href":"https:\/\/sindaopcpb.org.br\/index.php\/wp-json\/wp\/v2\/types\/post"}],"author":[{"embeddable":true,"href":"https:\/\/sindaopcpb.org.br\/index.php\/wp-json\/wp\/v2\/users\/50"}],"replies":[{"embeddable":true,"href":"https:\/\/sindaopcpb.org.br\/index.php\/wp-json\/wp\/v2\/comments?post=37643"}],"version-history":[{"count":1,"href":"https:\/\/sindaopcpb.org.br\/index.php\/wp-json\/wp\/v2\/posts\/37643\/revisions"}],"predecessor-version":[{"id":37644,"href":"https:\/\/sindaopcpb.org.br\/index.php\/wp-json\/wp\/v2\/posts\/37643\/revisions\/37644"}],"wp:attachment":[{"href":"https:\/\/sindaopcpb.org.br\/index.php\/wp-json\/wp\/v2\/media?parent=37643"}],"wp:term":[{"taxonomy":"category","embeddable":true,"href":"https:\/\/sindaopcpb.org.br\/index.php\/wp-json\/wp\/v2\/categories?post=37643"},{"taxonomy":"post_tag","embeddable":true,"href":"https:\/\/sindaopcpb.org.br\/index.php\/wp-json\/wp\/v2\/tags?post=37643"}],"curies":[{"name":"wp","href":"https:\/\/api.w.org\/{rel}","templated":true}]}}