{"id":37639,"date":"2023-10-05T18:55:08","date_gmt":"2023-10-05T21:55:08","guid":{"rendered":"https:\/\/wpa.wscom.com.br\/?p=926176"},"modified":"2023-10-05T18:55:08","modified_gmt":"2023-10-05T21:55:08","slug":"vereador-e-flagrado-oferecendo-dinheiro-em-troca-de-sexo-com-menina-de-14-anos-veja-video","status":"publish","type":"post","link":"https:\/\/sindaopcpb.org.br\/index.php\/2023\/10\/05\/vereador-e-flagrado-oferecendo-dinheiro-em-troca-de-sexo-com-menina-de-14-anos-veja-video\/","title":{"rendered":"Vereador \u00e9 flagrado oferecendo dinheiro em troca de sexo com menina de 14 anos; veja v\u00eddeo"},"content":{"rendered":"<p>&nbsp;<\/p>\n<p>&nbsp;<\/p>\n<p>O vereador Fl\u00e1vio Melo (PSB), do munic\u00edpio de Conde, na Regi\u00e3o Metropolitana de Jo\u00e3o Pessoa, foi flagrado aliciando uma adolescente de 14 anos. Conhecido como &#8220;Fl\u00e1vio Cabar\u00e9&#8221;, o parlamentar aparece em v\u00eddeo oferecendo dinheiro para realizar sexo com a menina. O crime teria acontecido no dia 2 de setembro, em Goiana, Pernambuco.<\/p>\n<p>\u201cVou comprar os teus neg\u00f3cios. Vou te ajudar. E ainda mais, viu, toda semana vou te dar um dinheirinho para tu comprar teu lanche. N\u00e3o quero mais nada. T\u00e1 feito? Hoje mesmo voc\u00ea tem R$ 100, j\u00e1 d\u00e1 para voc\u00ea comprar seu lanche para passar a semana. Voc\u00ea e o da sua irm\u00e3, porque voc\u00ea vai ajudar sua irm\u00e3. E a\u00ed, t\u00e1 feito?\u201d, disse o vereador Fl\u00e1vio Melo.<\/p>\n<p>A menina negava as ofertas do vereador acenando negativamente a cabe\u00e7a, enquanto ele insistia em oferecer dinheiro em troca de ato sexual. No v\u00eddeo, n\u00e3o aparece o rosto do vereador apenas da menor de idade, mas \u00e9 poss\u00edvel ouvir a voz de Fl\u00e1vio ao fundo.<\/p>\n<p>Veja o v\u00eddeo:<\/p>\n<div style=\"width: 600px;\" class=\"wp-video\"><!--[if lt IE 9]><script>document.createElement('video');<\/script><![endif]--><br \/>\n<video class=\"wp-video-shortcode\" id=\"video-926176-1\" width=\"600\" height=\"600\" preload=\"metadata\" controls=\"controls\"><source type=\"video\/mp4\" src=\"https:\/\/wpa.wscom.com.br\/wp-content\/uploads\/2023\/10\/WhatsApp-Video-2023-10-05-at-18.45.53.mp4?_=1\" \/><a href=\"https:\/\/wpa.wscom.com.br\/wp-content\/uploads\/2023\/10\/WhatsApp-Video-2023-10-05-at-18.45.53.mp4\" rel=\"nofollow noopener\" target=\"_blank\">https:\/\/wpa.wscom.com.br\/wp-content\/uploads\/2023\/10\/WhatsApp-Video-2023-10-05-at-18.45.53.mp4<\/a><\/video><\/div>\n<p><strong>Investiga\u00e7\u00e3o<\/strong><\/p>\n<p class=\"p1\">A v\u00edtima disse durante depoimento \u00e0 pol\u00edcia que aconteceu uma rela\u00e7\u00e3o sob amea\u00e7as. A fam\u00edlia da menina a acompanhou durante os procedimentos policiais.<\/p>\n<p class=\"p1\"><span class=\"s1\">Conforme a m\u00e3e da adolescente, que prestou depoimento na Delegacia da Mulher, o pol\u00edtico teria oferecido o dinheiro enquanto estava dentro da resid\u00eancia da fam\u00edlia.<\/span><\/p>\n<p class=\"p1\"><span class=\"s1\">A delegada Joana D\u2019Arc, da Delegacia do Menor V\u00edtima, solicitou exames m\u00e9dicos para embasar a den\u00fancia e encaminh\u00e1-la \u00e0 delegacia respons\u00e1vel pela condu\u00e7\u00e3o das investiga\u00e7\u00f5es.<\/span><\/p>\n<p>A defesa do vereador afirmou que n\u00e3o ir\u00e1 se pronunciar e deve aguardar o decorrer das investiga\u00e7\u00f5es.<\/p>\n<p>&nbsp;<\/p>\n<p>O post <a rel=\"nofollow noopener\" href=\"https:\/\/wscom.com.br\/vereador-e-flagrando-oferecendo-dinheiro-em-troca-de-sexo-com-menina-de-14-anos-veja-video\/\" target=\"_blank\">Vereador \u00e9 flagrado oferecendo dinheiro em troca de sexo com menina de 14 anos; veja v\u00eddeo<\/a> apareceu primeiro em <a rel=\"nofollow noopener\" href=\"https:\/\/wscom.com.br\/\" target=\"_blank\">WSCOM<\/a>.<\/p>\n","protected":false},"excerpt":{"rendered":"<p>\u00a0 \u00a0 O vereador Fl\u00e1vio Melo (PSB), do munic\u00edpio de Conde, na Regi\u00e3o Metropolitana de Jo\u00e3o Pessoa, foi flagrado aliciando uma adolescente de 14 anos. Conhecido como \u201cFl\u00e1vio Cabar\u00e9\u201d, o parlamentar aparece em v\u00eddeo oferecendo dinheiro para realizar sexo com a menina. O crime teria acontecido no dia 2 de setembro, em Goiana, Pernambuco. \u201cVou [\u2026]<\/p>\n<p>O post <a rel=\"nofollow\" href=\"https:\/\/wscom.com.br\/vereador-e-flagrando-oferecendo-dinheiro-em-troca-de-sexo-com-menina-de-14-anos-veja-video\/\">Vereador \u00e9 flagrado oferecendo dinheiro em troca de sexo com menina de 14 anos; veja v\u00eddeo<\/a> apareceu primeiro em <a rel=\"nofollow\" href=\"https:\/\/wscom.com.br\/\">WSCOM<\/a>.<\/p>\n","protected":false},"author":42,"featured_media":0,"comment_status":"closed","ping_status":"closed","sticky":false,"template":"","format":"standard","meta":{"advgb_blocks_editor_width":"","advgb_blocks_columns_visual_guide":"","footnotes":""},"categories":[9848,4965,5126,9849,34,66,3481,878],"tags":[35],"class_list":["post-37639","post","type-post","status-publish","format-standard","hentry","category-aliciamento-de-menor","category-estupro","category-estupro-de-vulneravel","category-flavio-melo","category-g1","category-policial","category-vereador","category-video","tag-g1"],"author_meta":{"display_name":"Rafael Andrade","author_link":"https:\/\/sindaopcpb.org.br\/author\/rafael-andrade\/"},"featured_img":null,"coauthors":[],"tax_additional":{"categories":{"linked":["<a href=\"https:\/\/sindaopcpb.org.br\/aliciamento-de-menor\/\" class=\"advgb-post-tax-term\">Aliciamento de menor<\/a>","<a href=\"https:\/\/sindaopcpb.org.br\/estupro\/\" class=\"advgb-post-tax-term\">Estupro<\/a>","<a href=\"https:\/\/sindaopcpb.org.br\/estupro-de-vulneravel\/\" class=\"advgb-post-tax-term\">estupro de vulner\u00e1vel<\/a>","<a href=\"https:\/\/sindaopcpb.org.br\/flavio-melo\/\" class=\"advgb-post-tax-term\">Fl\u00e1vio Melo<\/a>","<a href=\"https:\/\/sindaopcpb.org.br\/g1\/\" class=\"advgb-post-tax-term\">G1<\/a>","<a href=\"https:\/\/sindaopcpb.org.br\/policial\/\" class=\"advgb-post-tax-term\">Policial<\/a>","<a href=\"https:\/\/sindaopcpb.org.br\/vereador\/\" class=\"advgb-post-tax-term\">Vereador<\/a>","<a href=\"https:\/\/sindaopcpb.org.br\/video\/\" class=\"advgb-post-tax-term\">V\u00eddeo<\/a>"],"unlinked":["<span class=\"advgb-post-tax-term\">Aliciamento de menor<\/span>","<span class=\"advgb-post-tax-term\">Estupro<\/span>","<span class=\"advgb-post-tax-term\">estupro de vulner\u00e1vel<\/span>","<span class=\"advgb-post-tax-term\">Fl\u00e1vio Melo<\/span>","<span class=\"advgb-post-tax-term\">G1<\/span>","<span class=\"advgb-post-tax-term\">Policial<\/span>","<span class=\"advgb-post-tax-term\">Vereador<\/span>","<span class=\"advgb-post-tax-term\">V\u00eddeo<\/span>"]},"tags":{"linked":["<a href=\"https:\/\/sindaopcpb.org.br\/video\/\" class=\"advgb-post-tax-term\">g1<\/a>"],"unlinked":["<span class=\"advgb-post-tax-term\">g1<\/span>"]}},"comment_count":"0","relative_dates":{"created":"Publicado 3 anos atr\u00e1s","modified":"Atualizado 3 anos atr\u00e1s"},"absolute_dates":{"created":"Publicado em 5 de outubro de 2023","modified":"Atualizado em 5 de outubro de 2023"},"absolute_dates_time":{"created":"Publicado em 5 de outubro de 2023 18:55","modified":"Atualizado em 5 de outubro de 2023 18:55"},"featured_img_caption":"","series_order":"","_links":{"self":[{"href":"https:\/\/sindaopcpb.org.br\/index.php\/wp-json\/wp\/v2\/posts\/37639","targetHints":{"allow":["GET"]}}],"collection":[{"href":"https:\/\/sindaopcpb.org.br\/index.php\/wp-json\/wp\/v2\/posts"}],"about":[{"href":"https:\/\/sindaopcpb.org.br\/index.php\/wp-json\/wp\/v2\/types\/post"}],"author":[{"embeddable":true,"href":"https:\/\/sindaopcpb.org.br\/index.php\/wp-json\/wp\/v2\/users\/42"}],"replies":[{"embeddable":true,"href":"https:\/\/sindaopcpb.org.br\/index.php\/wp-json\/wp\/v2\/comments?post=37639"}],"version-history":[{"count":1,"href":"https:\/\/sindaopcpb.org.br\/index.php\/wp-json\/wp\/v2\/posts\/37639\/revisions"}],"predecessor-version":[{"id":37640,"href":"https:\/\/sindaopcpb.org.br\/index.php\/wp-json\/wp\/v2\/posts\/37639\/revisions\/37640"}],"wp:attachment":[{"href":"https:\/\/sindaopcpb.org.br\/index.php\/wp-json\/wp\/v2\/media?parent=37639"}],"wp:term":[{"taxonomy":"category","embeddable":true,"href":"https:\/\/sindaopcpb.org.br\/index.php\/wp-json\/wp\/v2\/categories?post=37639"},{"taxonomy":"post_tag","embeddable":true,"href":"https:\/\/sindaopcpb.org.br\/index.php\/wp-json\/wp\/v2\/tags?post=37639"}],"curies":[{"name":"wp","href":"https:\/\/api.w.org\/{rel}","templated":true}]}}