{"id":37604,"date":"2023-10-05T15:48:17","date_gmt":"2023-10-05T18:48:17","guid":{"rendered":"https:\/\/wpa.wscom.com.br\/?p=926152"},"modified":"2023-10-05T15:48:17","modified_gmt":"2023-10-05T18:48:17","slug":"advogado-flagrado-agredindo-mulher-em-joao-pessoa-pode-ser-expulso-da-oab-pb","status":"publish","type":"post","link":"https:\/\/sindaopcpb.org.br\/index.php\/2023\/10\/05\/advogado-flagrado-agredindo-mulher-em-joao-pessoa-pode-ser-expulso-da-oab-pb\/","title":{"rendered":"Advogado flagrado agredindo mulher em Jo\u00e3o Pessoa pode ser expulso da OAB-PB"},"content":{"rendered":"<p>&nbsp;<\/p>\n<p>&nbsp;<\/p>\n<p>A Ordem dos Advogados do Brasil, Seccional Para\u00edba (OAB-PB), anunciou nesta quinta-feira (5) a abertura de um procedimento no Tribunal de \u00c9tica e Disciplina para investigar as agress\u00f5es cometidas contra uma mulher pelo advogado Jos\u00e9 C\u00e9sar Cavalcanti Neto e que foram registradas em v\u00eddeo dentro de um elevador de um condom\u00ednio no bairro do Bessa, em Jo\u00e3o Pessoa, no \u00faltimo dia 28. O presidente da OAB-PB, Harrysson Targino, informou que o advogado j\u00e1 estava com seu registro suspenso na entidade. Agora, o novo processo pode lev\u00e1-lo \u00e0 exclus\u00e3o dos quadros da OAB.<\/p>\n<p>O caso chegou \u00e0 Pol\u00edcia Civil ap\u00f3s o s\u00edndico do pr\u00e9dio apresentar as imagens do circuito de c\u00e2meras de seguran\u00e7a \u00e0 Delegacia Especializada da Mulher (DEAM) Norte, localizada no Centro de Jo\u00e3o Pessoa. A v\u00edtima, at\u00e9 o momento, n\u00e3o procurou a pol\u00edcia. A mulher que aparece nas imagens \u00e9 uma moradora do condom\u00ednio que est\u00e1 em viagem e ser\u00e1 ouvida pela pol\u00edcia ap\u00f3s seu retorno. As investiga\u00e7\u00f5es est\u00e3o em andamento e sob sigilo de justi\u00e7a. A OAB-PB aguardar\u00e1 o desdobramento das apura\u00e7\u00f5es para tomar as medidas cab\u00edveis em rela\u00e7\u00e3o ao advogado.<\/p>\n<p>O post <a rel=\"nofollow noopener\" href=\"https:\/\/wscom.com.br\/advogado-flagrado-agredindo-mulher-em-joao-pessoa-pode-ser-expulso-pela-oab-pb\/\" target=\"_blank\">Advogado flagrado agredindo mulher em Jo\u00e3o Pessoa pode ser expulso da OAB-PB<\/a> apareceu primeiro em <a rel=\"nofollow noopener\" href=\"https:\/\/wscom.com.br\/\" target=\"_blank\">WSCOM<\/a>.<\/p>\n","protected":false},"excerpt":{"rendered":"<p>\u00a0 \u00a0 A Ordem dos Advogados do Brasil, Seccional Para\u00edba (OAB-PB), anunciou nesta quinta-feira (5) a abertura de um procedimento no Tribunal de \u00c9tica e Disciplina para investigar as agress\u00f5es cometidas contra uma mulher pelo advogado Jos\u00e9 C\u00e9sar Cavalcanti Neto e que foram registradas em v\u00eddeo dentro de um elevador de um condom\u00ednio no bairro [\u2026]<\/p>\n<p>O post <a rel=\"nofollow\" href=\"https:\/\/wscom.com.br\/advogado-flagrado-agredindo-mulher-em-joao-pessoa-pode-ser-expulso-pela-oab-pb\/\">Advogado flagrado agredindo mulher em Jo\u00e3o Pessoa pode ser expulso da OAB-PB<\/a> apareceu primeiro em <a rel=\"nofollow\" href=\"https:\/\/wscom.com.br\/\">WSCOM<\/a>.<\/p>\n","protected":false},"author":42,"featured_media":0,"comment_status":"closed","ping_status":"closed","sticky":false,"template":"","format":"standard","meta":{"advgb_blocks_editor_width":"","advgb_blocks_columns_visual_guide":"","footnotes":""},"categories":[9228,34,9842,278,927],"tags":[35],"class_list":["post-37604","post","type-post","status-publish","format-standard","hentry","category-expulsao","category-g1","category-jose-cesar-cavalcanti-neto","category-justica","category-oab-pb","tag-g1"],"author_meta":{"display_name":"Rafael Andrade","author_link":"https:\/\/sindaopcpb.org.br\/author\/rafael-andrade\/"},"featured_img":null,"coauthors":[],"tax_additional":{"categories":{"linked":["<a href=\"https:\/\/sindaopcpb.org.br\/expulsao\/\" class=\"advgb-post-tax-term\">Expuls\u00e3o<\/a>","<a href=\"https:\/\/sindaopcpb.org.br\/g1\/\" class=\"advgb-post-tax-term\">G1<\/a>","<a href=\"https:\/\/sindaopcpb.org.br\/jose-cesar-cavalcanti-neto\/\" class=\"advgb-post-tax-term\">Jos\u00e9 C\u00e9sar Cavalcanti Neto<\/a>","<a href=\"https:\/\/sindaopcpb.org.br\/justica\/\" class=\"advgb-post-tax-term\">Justi\u00e7a<\/a>","<a href=\"https:\/\/sindaopcpb.org.br\/oab-pb\/\" class=\"advgb-post-tax-term\">oab-pb<\/a>"],"unlinked":["<span class=\"advgb-post-tax-term\">Expuls\u00e3o<\/span>","<span class=\"advgb-post-tax-term\">G1<\/span>","<span class=\"advgb-post-tax-term\">Jos\u00e9 C\u00e9sar Cavalcanti Neto<\/span>","<span class=\"advgb-post-tax-term\">Justi\u00e7a<\/span>","<span class=\"advgb-post-tax-term\">oab-pb<\/span>"]},"tags":{"linked":["<a href=\"https:\/\/sindaopcpb.org.br\/oab-pb\/\" class=\"advgb-post-tax-term\">g1<\/a>"],"unlinked":["<span class=\"advgb-post-tax-term\">g1<\/span>"]}},"comment_count":"0","relative_dates":{"created":"Publicado 3 anos atr\u00e1s","modified":"Atualizado 3 anos atr\u00e1s"},"absolute_dates":{"created":"Publicado em 5 de outubro de 2023","modified":"Atualizado em 5 de outubro de 2023"},"absolute_dates_time":{"created":"Publicado em 5 de outubro de 2023 15:48","modified":"Atualizado em 5 de outubro de 2023 15:48"},"featured_img_caption":"","series_order":"","_links":{"self":[{"href":"https:\/\/sindaopcpb.org.br\/index.php\/wp-json\/wp\/v2\/posts\/37604","targetHints":{"allow":["GET"]}}],"collection":[{"href":"https:\/\/sindaopcpb.org.br\/index.php\/wp-json\/wp\/v2\/posts"}],"about":[{"href":"https:\/\/sindaopcpb.org.br\/index.php\/wp-json\/wp\/v2\/types\/post"}],"author":[{"embeddable":true,"href":"https:\/\/sindaopcpb.org.br\/index.php\/wp-json\/wp\/v2\/users\/42"}],"replies":[{"embeddable":true,"href":"https:\/\/sindaopcpb.org.br\/index.php\/wp-json\/wp\/v2\/comments?post=37604"}],"version-history":[{"count":1,"href":"https:\/\/sindaopcpb.org.br\/index.php\/wp-json\/wp\/v2\/posts\/37604\/revisions"}],"predecessor-version":[{"id":37605,"href":"https:\/\/sindaopcpb.org.br\/index.php\/wp-json\/wp\/v2\/posts\/37604\/revisions\/37605"}],"wp:attachment":[{"href":"https:\/\/sindaopcpb.org.br\/index.php\/wp-json\/wp\/v2\/media?parent=37604"}],"wp:term":[{"taxonomy":"category","embeddable":true,"href":"https:\/\/sindaopcpb.org.br\/index.php\/wp-json\/wp\/v2\/categories?post=37604"},{"taxonomy":"post_tag","embeddable":true,"href":"https:\/\/sindaopcpb.org.br\/index.php\/wp-json\/wp\/v2\/tags?post=37604"}],"curies":[{"name":"wp","href":"https:\/\/api.w.org\/{rel}","templated":true}]}}