{"id":37589,"date":"2023-10-05T14:20:48","date_gmt":"2023-10-05T17:20:48","guid":{"rendered":"https:\/\/www.infomoney.com.br\/?p=2261643"},"modified":"2023-10-05T14:20:48","modified_gmt":"2023-10-05T17:20:48","slug":"brasil-tem-queda-nas-queimadas-apesar-de-seca-mas-el-nino-preocupa-para-proximo-ano","status":"publish","type":"post","link":"https:\/\/sindaopcpb.org.br\/index.php\/2023\/10\/05\/brasil-tem-queda-nas-queimadas-apesar-de-seca-mas-el-nino-preocupa-para-proximo-ano\/","title":{"rendered":"Brasil tem queda nas queimadas apesar de seca, mas El Ni\u00f1o preocupa para\u00a0pr\u00f3ximo\u00a0ano"},"content":{"rendered":"<p><img loading=\"lazy\" width=\"300\" height=\"179\" src=\"https:\/\/www.infomoney.com.br\/wp-content\/uploads\/2020\/09\/Pantanal.jpg?fit=300%2C179&amp;quality=70&amp;strip=all\" class=\"attachment-medium size-medium wp-post-image\" alt=\"\" decoding=\"async\" style=\"float:right; margin:0 0 10px 10px;\" srcset=\"https:\/\/www.infomoney.com.br\/wp-content\/uploads\/2020\/09\/Pantanal.jpg?w=1170&amp;quality=70&amp;strip=all 1170w, https:\/\/www.infomoney.com.br\/wp-content\/uploads\/2020\/09\/Pantanal.jpg?w=300&amp;quality=70&amp;strip=all 300w, https:\/\/www.infomoney.com.br\/wp-content\/uploads\/2020\/09\/Pantanal.jpg?w=768&amp;quality=70&amp;strip=all 768w, https:\/\/www.infomoney.com.br\/wp-content\/uploads\/2020\/09\/Pantanal.jpg?w=150&amp;quality=70&amp;strip=all 150w\" sizes=\"auto, (max-width: 300px) 100vw, 300px\" data-attachment-id=\"1523309\" data-permalink=\"https:\/\/www.infomoney.com.br\/politica\/em-diligencia-no-pantanal-senadores-dizem-que-cenario-e-devastador\/attachment\/pantanal\/\" data-orig-file=\"https:\/\/www.infomoney.com.br\/wp-content\/uploads\/2020\/09\/Pantanal.jpg?fit=1170%2C700&amp;quality=70&amp;strip=all\" data-orig-size=\"1170,700\" data-comments-opened=\"1\" data-image-meta=\"{&quot;aperture&quot;:&quot;0&quot;,&quot;credit&quot;:&quot;&quot;,&quot;camera&quot;:&quot;&quot;,&quot;caption&quot;:&quot;&quot;,&quot;created_timestamp&quot;:&quot;0&quot;,&quot;copyright&quot;:&quot;&quot;,&quot;focal_length&quot;:&quot;0&quot;,&quot;iso&quot;:&quot;0&quot;,&quot;shutter_speed&quot;:&quot;0&quot;,&quot;title&quot;:&quot;&quot;,&quot;orientation&quot;:&quot;0&quot;}\" data-image-title=\"Queimadas\" data-image-description=\"\" data-image-caption=\"&lt;p&gt;Foto: Mayke Toscano\/Secom-MT&lt;\/p&gt;\n\" data-medium-file=\"https:\/\/www.infomoney.com.br\/wp-content\/uploads\/2020\/09\/Pantanal.jpg?fit=300%2C179&amp;quality=70&amp;strip=all\" data-large-file=\"https:\/\/www.infomoney.com.br\/wp-content\/uploads\/2020\/09\/Pantanal.jpg?fit=1170%2C700&amp;quality=70&amp;strip=all\" title=\"\"><\/p>\n<p>Apesar da grave seca na regi&atilde;o amaz&ocirc;nica, o n&uacute;mero de focos de inc&ecirc;ndio caiu quase 30% este ano no comparativo com o ano passado, segundo dados do Instituto Nacional de Pesquisas Espaciais (Inpe), mas as estat&iacute;sticas mostram que 2024 pode ser um ano de risco para as queimadas devido aos efeito do El Ni&ntilde;o.<\/p>\n<p>No acumulado do ano at&eacute; o in&iacute;cio de outubro, a Amaz&ocirc;nia Legal registra 79.368 focos de inc&ecirc;ndio, de acordo com os dados do Inpe. Em 2022, nesse mesmo per&iacute;odo eram 112.848. Somente em setembro, quando as queimadas atingem o pico, a regi&atilde;o registrou 33.247 focos este ano, 31,5% a menos do que no mesmo m&ecirc;s de 2022.<\/p>\n<p>&ldquo;Os n&uacute;meros de setembro est&atilde;o bem abaixo da m&eacute;dia hist&oacute;rica e dificilmente, mesmo com a seca, outubro deve surpreender&rdquo;, disse &agrave; Reuters o coordenador do Inpe Queimadas, Fabiano Morelli. A previs&atilde;o &eacute; que o pr&oacute;ximo m&ecirc;s tenha algo entre 15 mil e 20 mil focos de inc&ecirc;ndio, disse.<\/p>\n<p>Uma an&aacute;lise feita por Morelli, no entanto, mostra que o risco maior para as queimadas n&atilde;o &eacute; necessariamente o ano das grandes secas causadas pelo fen&ocirc;meno El Ni&ntilde;o, mas o ano seguinte, ou at&eacute;, a depender da intensidade e da extens&atilde;o do fen&ocirc;meno, dois anos depois.<\/p>\n<p>&ldquo;Muitas vezes a rela&ccedil;&atilde;o com o efeito do El Ni&ntilde;o n&atilde;o se verifica no ano corrente, mas o aumento se dava no ano subsequente&rdquo;, disse Morelli. &ldquo;A aten&ccedil;&atilde;o tem que ser ainda maior para o ano que vem.&rdquo;<\/p>\n<p>Em seis anos de registro do fen&ocirc;meno clim&aacute;tico ao longo dos &uacute;ltimos 10 anos, em quatro deles o ano subsequente teve aumento nas queimadas na Amaz&ocirc;nia.<\/p>\n<p>Em 2007, depois de um El Ni&ntilde;o considerado forte em 2006, o n&uacute;mero de focos de queimada subiu 49,5%. Em 2010, depois de outro evento clim&aacute;tico, o aumento foi de 113% em rela&ccedil;&atilde;o ao ano anterior.<\/p>\n<p>Em 2018, houve um El Ni&ntilde;o considerado de intensidade fraca, mesmo assim os focos de inc&ecirc;ndio cresceram 39,5% no ano seguinte. Nesse caso, como 2019 foi o primeiro ano do governo do ex-presidente Jair Bolsonaro, em que o desmatamento tamb&eacute;m cresceu, houve outras influ&ecirc;ncias para o aumento.<\/p>\n<p>Morelli explica que a vegeta&ccedil;&atilde;o sofre em um ano de El Ni&ntilde;o e n&atilde;o tem tempo de se recuperar, o que leva a maiores riscos quando come&ccedil;a a temporada de queimadas no ano seguinte.<\/p>\n<p>O fen&ocirc;meno El Ni&ntilde;o &eacute; um aquecimento das temperaturas da superf&iacute;cie do oceano no Pac&iacute;fico central e oriental que geralmente ocorre a cada poucos anos. No Brasil, o padr&atilde;o clim&aacute;tico causa menos chuvas na Regi&atilde;o Norte e aumenta os temporais no Sul.<\/p>\n<p>De acordo com a ministra do Meio Ambiente e Mudan&ccedil;a do Clima, Marina Silva, 191 brigadistas contra inc&ecirc;ndio est&atilde;o trabalhando nas &aacute;reas mais cr&iacute;ticas do Amazonas neste momento, em especial no sul do Estado e no entorno de &aacute;reas urbanas, onde t&ecirc;m se concentrado os inc&ecirc;ndios.<\/p>\n<p>Marina ainda relacionou a queda este ano nos focos de inc&ecirc;ndio &agrave; redu&ccedil;&atilde;o do desmatamento, que foi de 48% nos primeiros oito meses deste ano em compara&ccedil;&atilde;o com o ano passado. &ldquo;A queimada &eacute; fruto do desmatamento&rdquo;, afirmou.<\/p>\n<p>Normalmente, depois de retirar a madeira, os desmatadores colocam fogo para limpar o restante do solo e abrir espa&ccedil;o para pastagens. Esse procedimento, com a vegeta&ccedil;&atilde;o seca, pode se alastrar rapidamente.<\/p>\n<\/p>\n<div class=\"cta-end\">\n<div class=\"im-cta\" >\n<div class=\"im-shortcode-forms bg-light bg-opacity-25 border rounded-4 p-3 p-sm-4 p-md-3 p-lg-4 px-xxl-5 my-5\" data-configuration='{\"form_name\":false,\"form_hat\":\"Newsletter\",\"form_email\":true,\"form_icon\":\"newsletter\",\"form_phone\":false,\"form_campaign\":\"NIM\",\"form_thankyou\":\"\",\"form_journey\":\"APIEvent-26a5198d-8e09-06ef-5f80-cd9127757ad1\",\"form_button\":\"Quero receber\",\"form_context\":\"newsletter\",\"form_origin\":\"https:\\\/\\\/www.infomoney.com.br\\\/politica\\\/feed\\\/?utm_medium=materia&#038;utm_source=infomoney&#038;utm_campaign=NIM&#038;utm_term=politica&#038;utm_content=newsletter\",\"form_position\":\"final\",\"form_category\":\"cta_form\"}'>\n<div class=\"d-flex flex-column align-items-center align-items-lg-start mb-4 flex-lg-row\">\n<div class=\"rounded-circle mb-2 mb-lg-0 mr-lg-4 me-lg-4 p-3 p-lg-4 bg-blue-400\"><svg width=\"40\" height=\"40\" viewBox=\"0 0 40 40\" fill=\"none\" xmlns=\"http:\/\/www.w3.org\/2000\/svg\"><path d=\"M20 20.25 6.042 11.042v19.041c0 .167.048.299.146.396a.535.535 0 0 0 .395.146h15.792V32.5H6.583a2.328 2.328 0 0 1-1.708-.708 2.328 2.328 0 0 1-.708-1.709V9.917c0-.667.236-1.236.708-1.709A2.328 2.328 0 0 1 6.583 7.5h26.834c.666 0 1.236.236 1.708.708a2.33 2.33 0 0 1 .708 1.709v12.458h-1.875V11.042L20 20.25Zm0-2 13.667-8.875H6.333L20 18.25Zm11.75 18.958-1.292-1.333 3.334-3.375h-9v-1.875h9l-3.375-3.417 1.333-1.291 5.667 5.625-5.667 5.666ZM6.042 11.042v20.791-9.458.25-13.25 1.667Z\" fill=\"#fff\"\/><\/svg><\/div>\n<div class=\"flex-fill text-center text-lg-left\">\n<div class=\"h6 small text-orange-700 lh-base mb-1\">Newsletter<\/div>\n<div class=\"text-body h4 m-0\">Infomorning<\/div>\n<div class=\"text-body small lh-base mt-2\">Receba no seu e-mail logo pela manh&atilde; as not&iacute;cias que v&atilde;o mexer com os mercados, com os seus investimentos e o seu bolso durante o dia<\/div>\n<\/div>\n<\/div>\n<\/div>\n<\/div>\n<\/div>\n<p>The post <a rel=\"nofollow noopener\" href=\"https:\/\/www.infomoney.com.br\/politica\/brasil-tem-queda-nas-queimadas-apesar-de-seca-mas-el-nino-preocupa-para-proximo-ano\/\" target=\"_blank\">Brasil tem queda nas queimadas apesar de seca, mas El Ni\u00f1o preocupa para\u00a0pr\u00f3ximo\u00a0ano<\/a> appeared first on <a rel=\"nofollow noopener\" href=\"https:\/\/www.infomoney.com.br\/\" target=\"_blank\">InfoMoney<\/a>.<\/p>\n","protected":false},"excerpt":{"rendered":"<p><img loading=\"lazy\" decoding=\"async\" width=\"300\" height=\"179\" src=\"https:\/\/www.infomoney.com.br\/wp-content\/uploads\/2020\/09\/Pantanal.jpg?fit=300%2C179&amp;quality=70&amp;strip=all\" class=\"attachment-medium size-medium wp-post-image\" alt=\"\" data-attachment-id=\"1523309\" data-permalink=\"https:\/\/www.infomoney.com.br\/politica\/em-diligencia-no-pantanal-senadores-dizem-que-cenario-e-devastador\/attachment\/pantanal\/\" data-orig-file=\"https:\/\/www.infomoney.com.br\/wp-content\/uploads\/2020\/09\/Pantanal.jpg?fit=1170%2C700&amp;quality=70&amp;strip=all\" data-orig-size=\"1170,700\" data-comments-opened=\"1\" data-image-meta='{\"aperture\":\"0\",\"credit\":\"\",\"camera\":\"\",\"caption\":\"\",\"created_timestamp\":\"0\",\"copyright\":\"\",\"focal_length\":\"0\",\"iso\":\"0\",\"shutter_speed\":\"0\",\"title\":\"\",\"orientation\":\"0\"}' data-image-title=\"Queimadas\" data-image-description=\"\" data-image-caption=\"&lt;p&gt;Foto: Mayke Toscano\/Secom-MT&lt;\/p&gt;\n\" data-medium-file=\"https:\/\/www.infomoney.com.br\/wp-content\/uploads\/2020\/09\/Pantanal.jpg?fit=300%2C179&amp;quality=70&amp;strip=all\" data-large-file=\"https:\/\/www.infomoney.com.br\/wp-content\/uploads\/2020\/09\/Pantanal.jpg?fit=1170%2C700&amp;quality=70&amp;strip=all\">No acumulado do ano at\u00e9 o in\u00edcio de outubro, a Amaz\u00f4nia Legal registra 79.368 focos de inc\u00eandio, de acordo com os dados do Inpe<\/p>\n<p>The post <a rel=\"nofollow\" href=\"https:\/\/www.infomoney.com.br\/politica\/brasil-tem-queda-nas-queimadas-apesar-de-seca-mas-el-nino-preocupa-para-proximo-ano\/\">Brasil tem queda nas queimadas apesar de seca, mas El Ni\u00f1o preocupa para\u00a0pr\u00f3ximo\u00a0ano<\/a> appeared first on <a rel=\"nofollow\" href=\"https:\/\/www.infomoney.com.br\/\">InfoMoney<\/a>.<\/p>\n","protected":false},"author":46,"featured_media":0,"comment_status":"closed","ping_status":"closed","sticky":false,"template":"","format":"standard","meta":{"advgb_blocks_editor_width":"","advgb_blocks_columns_visual_guide":"","footnotes":""},"categories":[644,9836,34,805,47],"tags":[35],"class_list":["post-37589","post","type-post","status-publish","format-standard","hentry","category-amazonia","category-el-nino","category-g1","category-mudancas-climaticas","category-politica","tag-g1"],"author_meta":{"display_name":"Reuters","author_link":"https:\/\/sindaopcpb.org.br\/author\/reuters\/"},"featured_img":null,"coauthors":[],"tax_additional":{"categories":{"linked":["<a href=\"https:\/\/sindaopcpb.org.br\/amazonia\/\" class=\"advgb-post-tax-term\">Amaz\u00f4nia<\/a>","<a href=\"https:\/\/sindaopcpb.org.br\/el-nino\/\" class=\"advgb-post-tax-term\">El Ni\u00f1o<\/a>","<a href=\"https:\/\/sindaopcpb.org.br\/g1\/\" class=\"advgb-post-tax-term\">G1<\/a>","<a href=\"https:\/\/sindaopcpb.org.br\/mudancas-climaticas\/\" class=\"advgb-post-tax-term\">mudan\u00e7as clim\u00e1ticas<\/a>","<a href=\"https:\/\/sindaopcpb.org.br\/politica\/\" class=\"advgb-post-tax-term\">POLITICA<\/a>"],"unlinked":["<span class=\"advgb-post-tax-term\">Amaz\u00f4nia<\/span>","<span class=\"advgb-post-tax-term\">El Ni\u00f1o<\/span>","<span class=\"advgb-post-tax-term\">G1<\/span>","<span class=\"advgb-post-tax-term\">mudan\u00e7as clim\u00e1ticas<\/span>","<span class=\"advgb-post-tax-term\">POLITICA<\/span>"]},"tags":{"linked":["<a href=\"https:\/\/sindaopcpb.org.br\/politica\/\" class=\"advgb-post-tax-term\">g1<\/a>"],"unlinked":["<span class=\"advgb-post-tax-term\">g1<\/span>"]}},"comment_count":"0","relative_dates":{"created":"Publicado 3 anos atr\u00e1s","modified":"Atualizado 3 anos atr\u00e1s"},"absolute_dates":{"created":"Publicado em 5 de outubro de 2023","modified":"Atualizado em 5 de outubro de 2023"},"absolute_dates_time":{"created":"Publicado em 5 de outubro de 2023 14:20","modified":"Atualizado em 5 de outubro de 2023 14:20"},"featured_img_caption":"","series_order":"","_links":{"self":[{"href":"https:\/\/sindaopcpb.org.br\/index.php\/wp-json\/wp\/v2\/posts\/37589","targetHints":{"allow":["GET"]}}],"collection":[{"href":"https:\/\/sindaopcpb.org.br\/index.php\/wp-json\/wp\/v2\/posts"}],"about":[{"href":"https:\/\/sindaopcpb.org.br\/index.php\/wp-json\/wp\/v2\/types\/post"}],"author":[{"embeddable":true,"href":"https:\/\/sindaopcpb.org.br\/index.php\/wp-json\/wp\/v2\/users\/46"}],"replies":[{"embeddable":true,"href":"https:\/\/sindaopcpb.org.br\/index.php\/wp-json\/wp\/v2\/comments?post=37589"}],"version-history":[{"count":1,"href":"https:\/\/sindaopcpb.org.br\/index.php\/wp-json\/wp\/v2\/posts\/37589\/revisions"}],"predecessor-version":[{"id":37590,"href":"https:\/\/sindaopcpb.org.br\/index.php\/wp-json\/wp\/v2\/posts\/37589\/revisions\/37590"}],"wp:attachment":[{"href":"https:\/\/sindaopcpb.org.br\/index.php\/wp-json\/wp\/v2\/media?parent=37589"}],"wp:term":[{"taxonomy":"category","embeddable":true,"href":"https:\/\/sindaopcpb.org.br\/index.php\/wp-json\/wp\/v2\/categories?post=37589"},{"taxonomy":"post_tag","embeddable":true,"href":"https:\/\/sindaopcpb.org.br\/index.php\/wp-json\/wp\/v2\/tags?post=37589"}],"curies":[{"name":"wp","href":"https:\/\/api.w.org\/{rel}","templated":true}]}}