{"id":37571,"date":"2023-10-05T14:02:10","date_gmt":"2023-10-05T17:02:10","guid":{"rendered":"https:\/\/wpa.wscom.com.br\/?p=926127"},"modified":"2023-10-05T14:02:10","modified_gmt":"2023-10-05T17:02:10","slug":"cicero-lucena-elogia-governo-lula-e-reitera-desejo-de-receber-apoio-do-pt-em-2024-sera-um-prazer","status":"publish","type":"post","link":"https:\/\/sindaopcpb.org.br\/index.php\/2023\/10\/05\/cicero-lucena-elogia-governo-lula-e-reitera-desejo-de-receber-apoio-do-pt-em-2024-sera-um-prazer\/","title":{"rendered":"C\u00edcero Lucena elogia Governo Lula e reitera desejo de receber apoio do PT em 2024: \u201cSer\u00e1 um prazer\u201d"},"content":{"rendered":"<p>&nbsp;<\/p>\n<p>&nbsp;<\/p>\n<p>O prefeito de Jo\u00e3o Pessoa, C\u00edcero Lucena (PP), reafirmou nesta quinta-feira (5) seu desejo de ver o PT fazer parte do seu arco de alian\u00e7as nas elei\u00e7\u00f5es de 2024. O gestor que vai tentar se eleger para um segundo mandato, fez elogios ao Governo Federal e disse que a sua gest\u00e3o e a do presidente Lula coincidem em programas sociais e no &#8220;compromisso com os que mais precisam&#8221;. Segundo C\u00edcero, &#8220;ser\u00e1 um prazer&#8221; caso ele consiga obter a &#8220;confian\u00e7a&#8221; dos petistas na capital paraibana.<\/p>\n<p>&#8220;O nosso objetivo \u00e9 cuidar da cidade de Jo\u00e3o Pessoa e todos os que se disponham a fazer isso ser\u00e3o muito bem vindos. O Governo Federal tem muitos programas que coincidem exatamente com os nossos programas aqui: a nossa vis\u00e3o social, o nosso compromisso com aqueles que mais precisam e, consequentemente, uma vis\u00e3o de futuro, de infraestrutura que a cidade precisa para absorver o crescimento e melhorar a qualidade de vida&#8221;, disse.<\/p>\n<p>&#8220;O exemplo \u00e9 a parceria que temos com o Governo do Estado, que tanto benef\u00edcio tem trazido para a popula\u00e7\u00e3o de Jo\u00e3o Pessoa. Para mim, ser\u00e1 um prazer se eu puder merecer a confian\u00e7a do pessoal do PT para que, juntos, a gente possa caminhar para o objetivo que \u00e9 fazer essa cidade mais justa&#8221;, acrescentou o prefeito de Jo\u00e3o Pessoa.<\/p>\n<p>O post <a rel=\"nofollow noopener\" href=\"https:\/\/wscom.com.br\/cicero-lucena-elogia-governo-lula-e-reitera-desejo-de-receber-apoio-do-pt-em-2024\/\" target=\"_blank\">C\u00edcero Lucena elogia Governo Lula e reitera desejo de receber apoio do PT em 2024: &#8220;Ser\u00e1 um prazer&#8221;<\/a> apareceu primeiro em <a rel=\"nofollow noopener\" href=\"https:\/\/wscom.com.br\/\" target=\"_blank\">WSCOM<\/a>.<\/p>\n","protected":false},"excerpt":{"rendered":"<p>\u00a0 \u00a0 O prefeito de Jo\u00e3o Pessoa, C\u00edcero Lucena (PP), reafirmou nesta quinta-feira (5) seu desejo de ver o PT fazer parte do seu arco de alian\u00e7as nas elei\u00e7\u00f5es de 2024. O gestor que vai tentar se eleger para um segundo mandato, fez elogios ao Governo Federal e disse que a sua gest\u00e3o e a [\u2026]<\/p>\n<p>O post <a rel=\"nofollow\" href=\"https:\/\/wscom.com.br\/cicero-lucena-elogia-governo-lula-e-reitera-desejo-de-receber-apoio-do-pt-em-2024\/\">C\u00edcero Lucena elogia Governo Lula e reitera desejo de receber apoio do PT em 2024: \u201cSer\u00e1 um prazer\u201d<\/a> apareceu primeiro em <a rel=\"nofollow\" href=\"https:\/\/wscom.com.br\/\">WSCOM<\/a>.<\/p>\n","protected":false},"author":42,"featured_media":0,"comment_status":"closed","ping_status":"closed","sticky":false,"template":"","format":"standard","meta":{"advgb_blocks_editor_width":"","advgb_blocks_columns_visual_guide":"","footnotes":""},"categories":[227,333,34,47,813],"tags":[35],"class_list":["post-37571","post","type-post","status-publish","format-standard","hentry","category-cicero-lucena","category-eleicoes-2024","category-g1","category-politica","category-pt","tag-g1"],"author_meta":{"display_name":"Rafael Andrade","author_link":"https:\/\/sindaopcpb.org.br\/author\/rafael-andrade\/"},"featured_img":null,"coauthors":[],"tax_additional":{"categories":{"linked":["<a href=\"https:\/\/sindaopcpb.org.br\/cicero-lucena\/\" class=\"advgb-post-tax-term\">cicero lucena<\/a>","<a href=\"https:\/\/sindaopcpb.org.br\/eleicoes-2024\/\" class=\"advgb-post-tax-term\">elei\u00e7\u00f5es 2024<\/a>","<a href=\"https:\/\/sindaopcpb.org.br\/g1\/\" class=\"advgb-post-tax-term\">G1<\/a>","<a href=\"https:\/\/sindaopcpb.org.br\/politica\/\" class=\"advgb-post-tax-term\">POLITICA<\/a>","<a href=\"https:\/\/sindaopcpb.org.br\/pt\/\" class=\"advgb-post-tax-term\">PT<\/a>"],"unlinked":["<span class=\"advgb-post-tax-term\">cicero lucena<\/span>","<span class=\"advgb-post-tax-term\">elei\u00e7\u00f5es 2024<\/span>","<span class=\"advgb-post-tax-term\">G1<\/span>","<span class=\"advgb-post-tax-term\">POLITICA<\/span>","<span class=\"advgb-post-tax-term\">PT<\/span>"]},"tags":{"linked":["<a href=\"https:\/\/sindaopcpb.org.br\/pt\/\" class=\"advgb-post-tax-term\">g1<\/a>"],"unlinked":["<span class=\"advgb-post-tax-term\">g1<\/span>"]}},"comment_count":"0","relative_dates":{"created":"Publicado 3 anos atr\u00e1s","modified":"Atualizado 3 anos atr\u00e1s"},"absolute_dates":{"created":"Publicado em 5 de outubro de 2023","modified":"Atualizado em 5 de outubro de 2023"},"absolute_dates_time":{"created":"Publicado em 5 de outubro de 2023 14:02","modified":"Atualizado em 5 de outubro de 2023 14:02"},"featured_img_caption":"","series_order":"","_links":{"self":[{"href":"https:\/\/sindaopcpb.org.br\/index.php\/wp-json\/wp\/v2\/posts\/37571","targetHints":{"allow":["GET"]}}],"collection":[{"href":"https:\/\/sindaopcpb.org.br\/index.php\/wp-json\/wp\/v2\/posts"}],"about":[{"href":"https:\/\/sindaopcpb.org.br\/index.php\/wp-json\/wp\/v2\/types\/post"}],"author":[{"embeddable":true,"href":"https:\/\/sindaopcpb.org.br\/index.php\/wp-json\/wp\/v2\/users\/42"}],"replies":[{"embeddable":true,"href":"https:\/\/sindaopcpb.org.br\/index.php\/wp-json\/wp\/v2\/comments?post=37571"}],"version-history":[{"count":1,"href":"https:\/\/sindaopcpb.org.br\/index.php\/wp-json\/wp\/v2\/posts\/37571\/revisions"}],"predecessor-version":[{"id":37572,"href":"https:\/\/sindaopcpb.org.br\/index.php\/wp-json\/wp\/v2\/posts\/37571\/revisions\/37572"}],"wp:attachment":[{"href":"https:\/\/sindaopcpb.org.br\/index.php\/wp-json\/wp\/v2\/media?parent=37571"}],"wp:term":[{"taxonomy":"category","embeddable":true,"href":"https:\/\/sindaopcpb.org.br\/index.php\/wp-json\/wp\/v2\/categories?post=37571"},{"taxonomy":"post_tag","embeddable":true,"href":"https:\/\/sindaopcpb.org.br\/index.php\/wp-json\/wp\/v2\/tags?post=37571"}],"curies":[{"name":"wp","href":"https:\/\/api.w.org\/{rel}","templated":true}]}}