{"id":37569,"date":"2023-10-05T14:14:26","date_gmt":"2023-10-05T17:14:26","guid":{"rendered":"https:\/\/wpa.wscom.com.br\/?p=926145"},"modified":"2023-10-05T14:14:26","modified_gmt":"2023-10-05T17:14:26","slug":"se-eu-cometi-um-crime-la-atras-esta-prescrito-diz-moro","status":"publish","type":"post","link":"https:\/\/sindaopcpb.org.br\/index.php\/2023\/10\/05\/se-eu-cometi-um-crime-la-atras-esta-prescrito-diz-moro\/","title":{"rendered":"\u201cSe eu cometi um crime l\u00e1 atr\u00e1s, est\u00e1 prescrito\u201d, diz Moro"},"content":{"rendered":"<p>&nbsp;<\/p>\n<p>&nbsp;<\/p>\n<p>O ex-juiz e hoje senador, Sergio Moro, praticamente admitiu, pela primeira vez, que pode ter cometido crime no caso Tony Garcia, revelado pelo jornalista investigativo da TV 247, Joaquim de Carvalho.<\/p>\n<p>\u201cEsses fatos s\u00e3o de 20 anos atr\u00e1s. Se eu tivesse cometido um crime muito grave l\u00e1 em 2004, estaria prescrito. Ent\u00e3o, por que est\u00e3o sendo investigados fatos de 2004 a 2006?\u201d, disse Moro em entrevista \u00e0 GloboNews nesta quinta-feira (5).<\/p>\n<p>Garcia delatou Moro em uma entrevista \u00e0\u00a0TV 247\u00a0em junho deste ano. Na ocasi\u00e3o, ele afirmou que desembargadores do TRF-4 foram chantageados por Moro depois de participarem de uma\u00a0\u201cfesta da cueca\u201d\u00a0com prostitutas em Curitiba. Ele tamb\u00e9m acusou o senador de transformar a capital paranaense na\u00a0&#8220;Guant\u00e1namo brasileira&#8221;. Em setembro, o delator entregou ao\u00a0Supremo Tribunal Federal\u00a0as miss\u00f5es ilegais que cumpriu a mando de Moro.<\/p>\n<p>De acordo com informa\u00e7\u00f5es da jornalista Daniela Lima, do\u00a0G1, uma investiga\u00e7\u00e3o em curso no Supremo Tribunal Federal revelou que Heinz Georg Herwig, o ent\u00e3o presidente do Tribunal de Contas do Paran\u00e1, foi alvo de escutas telef\u00f4nicas autorizadas pelo ex-juiz Sergio Moro, conforme indicado em um relat\u00f3rio de intelig\u00eancia da Pol\u00edcia Federal anexado ao processo. As escutas foram realizadas por meio de equipamentos aprovados judicialmente e direcionadas a Herwig, enquanto ele estava sob investiga\u00e7\u00e3o.<\/p>\n<p>Herwig foi alvo dessas escutas devido \u00e0 sua conex\u00e3o com Tony Garcia, um ex-colaborador da Justi\u00e7a do Paran\u00e1 que estava sendo investigado por suposta gest\u00e3o fraudulenta no cons\u00f3rcio Garibaldi. Este cons\u00f3rcio, que negociava ve\u00edculos e im\u00f3veis, foi acusado por Moro de prejudicar mais de 4 mil pessoas. As evid\u00eancias presentes no relat\u00f3rio confirmam que Herwig foi grampeado como parte das investiga\u00e7\u00f5es relacionadas a essas atividades fraudulentas.<\/p>\n<p>Assista:<\/p>\n<blockquote class=\"twitter-tweet\" data-width=\"550\" data-dnt=\"true\">\n<p lang=\"pt\" dir=\"ltr\">&quot;Se eu cometi um crime grave l\u00e1 em 2004, j\u00e1 est\u00e1 prescrito&quot; &#8211; S\u00e9rgio Moro, senador e ex-juiz federal em entrevista a Globo News <a href=\"https:\/\/t.co\/NcH4F1HdLM\" rel=\"nofollow\">pic.twitter.com\/NcH4F1HdLM<\/a><\/p>\n<p>&mdash; William De Lucca (@delucca) <a href=\"https:\/\/twitter.com\/delucca\/status\/1709945808534323642?ref_src=twsrc%5Etfw\" rel=\"nofollow noopener\" target=\"_blank\">October 5, 2023<\/a><\/p>\n<\/blockquote>\n<p><script async src=\"https:\/\/platform.twitter.com\/widgets.js\" charset=\"utf-8\"><\/script><\/p>\n<p>O post <a rel=\"nofollow noopener\" href=\"https:\/\/wscom.com.br\/se-eu-cometi-um-crime-la-atras-esta-prescrito-diz-moro\/\" target=\"_blank\">\u201cSe eu cometi um crime l\u00e1 atr\u00e1s, est\u00e1 prescrito\u201d, diz Moro<\/a> apareceu primeiro em <a rel=\"nofollow noopener\" href=\"https:\/\/wscom.com.br\/\" target=\"_blank\">WSCOM<\/a>.<\/p>\n","protected":false},"excerpt":{"rendered":"<p>\u00a0 \u00a0 O ex-juiz e hoje senador, Sergio Moro, praticamente admitiu, pela primeira vez, que pode ter cometido crime no caso Tony Garcia, revelado pelo jornalista investigativo da TV 247, Joaquim de Carvalho. \u201cEsses fatos s\u00e3o de 20 anos atr\u00e1s. Se eu tivesse cometido um crime muito grave l\u00e1 em 2004, estaria prescrito. Ent\u00e3o, por [\u2026]<\/p>\n<p>O post <a rel=\"nofollow\" href=\"https:\/\/wscom.com.br\/se-eu-cometi-um-crime-la-atras-esta-prescrito-diz-moro\/\">\u201cSe eu cometi um crime l\u00e1 atr\u00e1s, est\u00e1 prescrito\u201d, diz Moro<\/a> apareceu primeiro em <a rel=\"nofollow\" href=\"https:\/\/wscom.com.br\/\">WSCOM<\/a>.<\/p>\n","protected":false},"author":42,"featured_media":0,"comment_status":"closed","ping_status":"closed","sticky":false,"template":"","format":"standard","meta":{"advgb_blocks_editor_width":"","advgb_blocks_columns_visual_guide":"","footnotes":""},"categories":[115,640,34,9821,1043],"tags":[35],"class_list":["post-37569","post","type-post","status-publish","format-standard","hentry","category-brasil","category-crime","category-g1","category-prescrito","category-sergio-moro","tag-g1"],"author_meta":{"display_name":"Rafael Andrade","author_link":"https:\/\/sindaopcpb.org.br\/author\/rafael-andrade\/"},"featured_img":null,"coauthors":[],"tax_additional":{"categories":{"linked":["<a href=\"https:\/\/sindaopcpb.org.br\/brasil\/\" class=\"advgb-post-tax-term\">Brasil<\/a>","<a href=\"https:\/\/sindaopcpb.org.br\/crime\/\" class=\"advgb-post-tax-term\">crime<\/a>","<a href=\"https:\/\/sindaopcpb.org.br\/g1\/\" class=\"advgb-post-tax-term\">G1<\/a>","<a href=\"https:\/\/sindaopcpb.org.br\/prescrito\/\" class=\"advgb-post-tax-term\">Prescrito<\/a>","<a href=\"https:\/\/sindaopcpb.org.br\/sergio-moro\/\" class=\"advgb-post-tax-term\">S\u00e9rgio Moro<\/a>"],"unlinked":["<span class=\"advgb-post-tax-term\">Brasil<\/span>","<span class=\"advgb-post-tax-term\">crime<\/span>","<span class=\"advgb-post-tax-term\">G1<\/span>","<span class=\"advgb-post-tax-term\">Prescrito<\/span>","<span class=\"advgb-post-tax-term\">S\u00e9rgio Moro<\/span>"]},"tags":{"linked":["<a href=\"https:\/\/sindaopcpb.org.br\/sergio-moro\/\" class=\"advgb-post-tax-term\">g1<\/a>"],"unlinked":["<span class=\"advgb-post-tax-term\">g1<\/span>"]}},"comment_count":"0","relative_dates":{"created":"Publicado 3 anos atr\u00e1s","modified":"Atualizado 3 anos atr\u00e1s"},"absolute_dates":{"created":"Publicado em 5 de outubro de 2023","modified":"Atualizado em 5 de outubro de 2023"},"absolute_dates_time":{"created":"Publicado em 5 de outubro de 2023 14:14","modified":"Atualizado em 5 de outubro de 2023 14:14"},"featured_img_caption":"","series_order":"","_links":{"self":[{"href":"https:\/\/sindaopcpb.org.br\/index.php\/wp-json\/wp\/v2\/posts\/37569","targetHints":{"allow":["GET"]}}],"collection":[{"href":"https:\/\/sindaopcpb.org.br\/index.php\/wp-json\/wp\/v2\/posts"}],"about":[{"href":"https:\/\/sindaopcpb.org.br\/index.php\/wp-json\/wp\/v2\/types\/post"}],"author":[{"embeddable":true,"href":"https:\/\/sindaopcpb.org.br\/index.php\/wp-json\/wp\/v2\/users\/42"}],"replies":[{"embeddable":true,"href":"https:\/\/sindaopcpb.org.br\/index.php\/wp-json\/wp\/v2\/comments?post=37569"}],"version-history":[{"count":1,"href":"https:\/\/sindaopcpb.org.br\/index.php\/wp-json\/wp\/v2\/posts\/37569\/revisions"}],"predecessor-version":[{"id":37570,"href":"https:\/\/sindaopcpb.org.br\/index.php\/wp-json\/wp\/v2\/posts\/37569\/revisions\/37570"}],"wp:attachment":[{"href":"https:\/\/sindaopcpb.org.br\/index.php\/wp-json\/wp\/v2\/media?parent=37569"}],"wp:term":[{"taxonomy":"category","embeddable":true,"href":"https:\/\/sindaopcpb.org.br\/index.php\/wp-json\/wp\/v2\/categories?post=37569"},{"taxonomy":"post_tag","embeddable":true,"href":"https:\/\/sindaopcpb.org.br\/index.php\/wp-json\/wp\/v2\/tags?post=37569"}],"curies":[{"name":"wp","href":"https:\/\/api.w.org\/{rel}","templated":true}]}}