{"id":37543,"date":"2023-10-05T11:21:02","date_gmt":"2023-10-05T14:21:02","guid":{"rendered":"https:\/\/www.infomoney.com.br\/?p=2261811"},"modified":"2023-10-05T11:21:02","modified_gmt":"2023-10-05T14:21:02","slug":"stf-suspensao-de-direitos-politicos-nao-impede-posse-em-cargo-publico","status":"publish","type":"post","link":"https:\/\/sindaopcpb.org.br\/index.php\/2023\/10\/05\/stf-suspensao-de-direitos-politicos-nao-impede-posse-em-cargo-publico\/","title":{"rendered":"STF: suspens\u00e3o de direitos pol\u00edticos n\u00e3o impede posse em cargo p\u00fablico"},"content":{"rendered":"<p><img loading=\"lazy\" width=\"300\" height=\"179\" src=\"https:\/\/www.infomoney.com.br\/wp-content\/uploads\/2023\/06\/stf-justica.jpg?fit=300%2C179&amp;quality=70&amp;strip=all\" class=\"attachment-medium size-medium wp-post-image\" alt=\"\" decoding=\"async\" style=\"float:right; margin:0 0 10px 10px;\" srcset=\"https:\/\/www.infomoney.com.br\/wp-content\/uploads\/2023\/06\/stf-justica.jpg?w=1170&amp;quality=70&amp;strip=all 1170w, https:\/\/www.infomoney.com.br\/wp-content\/uploads\/2023\/06\/stf-justica.jpg?w=300&amp;quality=70&amp;strip=all 300w, https:\/\/www.infomoney.com.br\/wp-content\/uploads\/2023\/06\/stf-justica.jpg?w=768&amp;quality=70&amp;strip=all 768w, https:\/\/www.infomoney.com.br\/wp-content\/uploads\/2023\/06\/stf-justica.jpg?w=150&amp;quality=70&amp;strip=all 150w\" sizes=\"auto, (max-width: 300px) 100vw, 300px\" data-attachment-id=\"2173041\" data-permalink=\"https:\/\/www.infomoney.com.br\/consumo\/trabalhadores-da-gm-aprovam-layoff-em-sao-jose-dos-campos-vw-paralisa-producao-em-fabricas\/attachment\/fachada-do-edificio-sede-do-supremo-tribunal-federal-stf\/\" data-orig-file=\"https:\/\/www.infomoney.com.br\/wp-content\/uploads\/2023\/06\/stf-justica.jpg?fit=1170%2C700&amp;quality=70&amp;strip=all\" data-orig-size=\"1170,700\" data-comments-opened=\"0\" data-image-meta=\"{&quot;aperture&quot;:&quot;4&quot;,&quot;credit&quot;:&quot;Marcello Casal JrAg\\u00eancia Brasil&quot;,&quot;camera&quot;:&quot;NIKON D4&quot;,&quot;caption&quot;:&quot;Fachada do edif\\u00edcio sede do Supremo Tribunal Federal - STF&quot;,&quot;created_timestamp&quot;:&quot;1597835070&quot;,&quot;copyright&quot;:&quot;Agencia Brasil-EBC&quot;,&quot;focal_length&quot;:&quot;600&quot;,&quot;iso&quot;:&quot;250&quot;,&quot;shutter_speed&quot;:&quot;0.00015625&quot;,&quot;title&quot;:&quot;Fachada do edif\\u00edcio sede do Supremo Tribunal Federal - STF&quot;,&quot;orientation&quot;:&quot;1&quot;}\" data-image-title=\"Est\u00e1tua da Justi\u00e7a em frente ao STF\" data-image-description=\"\" data-image-caption=\"&lt;p&gt;Est\u00e1tua &#8220;A Justi\u00e7a&#8221;, escultura de Alfredo Ceschiatti em frente ao edif\u00edcio-sede do Supremo Tribunal Federal (STF) em Bras\u00edlia (Foto: Marcello Casal Jr.\/Ag\u00eancia Brasil)&lt;\/p&gt;\n\" data-medium-file=\"https:\/\/www.infomoney.com.br\/wp-content\/uploads\/2023\/06\/stf-justica.jpg?fit=300%2C179&amp;quality=70&amp;strip=all\" data-large-file=\"https:\/\/www.infomoney.com.br\/wp-content\/uploads\/2023\/06\/stf-justica.jpg?fit=1170%2C700&amp;quality=70&amp;strip=all\" title=\"\"><\/p>\n<p>O plen&aacute;rio do Supremo Tribunal Federal (STF) decidiu nesta quarta-feira (4) autorizar que um homem condenado por tr&aacute;fico de drogas em Roraima tome posse em cargo p&uacute;blico federal na Funda&ccedil;&atilde;o Nacional dos Povos Ind&iacute;genas (Funai), ap&oacute;s ele ter passado no concurso p&uacute;blico enquanto estava preso.<\/p>\n<p>Al&eacute;m de passar no concurso, o homem teve o benef&iacute;cio de liberdade condicional concedido pelo juiz da Vara de Execu&ccedil;&otilde;es Penais respons&aacute;vel, justamente para que pudesse assumir o cargo de auxiliar de indigenismo.<\/p>\n<p>No entanto, no momento da posse, ele foi impedido de assumir pela Funai, pois n&atilde;o possu&iacute;a o recibo de quita&ccedil;&atilde;o eleitoral, documento exigido pelos requisitos do concurso p&uacute;blico. Representado pela Defensoria P&uacute;blica, o candidato recorreu &agrave; Justi&ccedil;a, alegando que n&atilde;o poderia estar com sua situa&ccedil;&atilde;o eleitoral regular, pois n&atilde;o conseguiu votar por estar preso.<\/p>\n<p>Al&eacute;m disso, ele alegou que a participa&ccedil;&atilde;o em vestibulares, exames oficiais e concursos p&uacute;blicos &eacute; um direito do apenado, e que fazer exig&ecirc;ncias que n&atilde;o considerem a priva&ccedil;&atilde;o da liberdade seria uma discrimina&ccedil;&atilde;o do candidato.<\/p>\n<p>A primeira inst&acirc;ncia rejeitou o caso, mas na segunda inst&acirc;ncia o homem teve reconhecido o direito de tomar posse. A Funai recorreu ent&atilde;o ao Supremo, argumentando o princ&iacute;pio constitucional da isonomia, segundo o qual todos os candidatos devem ser submetidos aos mesmos requisitos para posse.<\/p>\n<p>Nesta quarta-feira, a maioria dos ministros do Supremo afastou a necessidade da quita&ccedil;&atilde;o eleitoral para que o candidato preso aprovado em concurso possa ser nomeado e empossado em cargo p&uacute;blico. Tal entendimento se d&aacute; &ldquo;em respeito ao princ&iacute;pio da dignidade humana e do valor social do trabalho&rdquo;, diz a tese final de julgamento.<\/p>\n<p>O caso possui repercuss&atilde;o geral, ou seja, seu desfecho deve ser observado no julgamento de todos os outros casos semelhantes na Justi&ccedil;a brasileira.<\/p>\n<h2><strong>Votos<\/strong><\/h2>\n<p>Prevaleceu ao final o entendimento do relator, ministro Alexandre de Moraes. Para ele, a suspens&atilde;o dos direitos pol&iacute;ticos em decorr&ecirc;ncia da condena&ccedil;&atilde;o criminal n&atilde;o pode ser estendida a outros tipos de direitos, como o direito a trabalhar.<\/p>\n<p>Moraes destacou ainda a peculiaridade do caso concreto, que refor&ccedil;ou seu entendimento. &ldquo;Em regime fechado ele estava, sabemos todos as condi&ccedil;&otilde;es dos pres&iacute;dios. [Imaginem] a for&ccedil;a de vontade que deve ter tido esse condenado em passar num vestibular, em dois concursos de est&aacute;gios, em dois concursos p&uacute;blicos&rdquo;.<\/p>\n<p>O relator foi seguido por Andr&eacute; Mendon&ccedil;a, Edson Fachin, Luiz Fux, C&aacute;rmen L&uacute;cia e Lu&iacute;s Roberto Barroso.<\/p>\n<p>Ficou vencida a diverg&ecirc;ncia aberta por Cristiano Zanin, que votou no sentido de n&atilde;o ser poss&iacute;vel a posse em cargo p&uacute;blico de quem se encontra com os direitos pol&iacute;ticos suspensos. &ldquo;A condena&ccedil;&atilde;o criminal transitada em julgado, enquanto durarem seus efeitos, suspende o gozo de direitos pol&iacute;ticos, impedindo a investidura em cargo p&uacute;blico&rdquo;, prop&ocirc;s o ministro, que foi acompanhado por Dias Toffoli.<\/p>\n<p>O ministro Nunes Marques se declarou impedido, por j&aacute; ter julgado o caso quando era desembargador do Tribunal Regional Federal da 1&ordf; Regi&atilde;o. O decano da Corte, Gilmar Mendes, n&atilde;o participou.<\/p>\n<\/p>\n<div class=\"cta-end\">\n<div class=\"im-cta\" >\n<div class=\"im-shortcode-forms bg-light bg-opacity-25 border rounded-4 p-3 p-sm-4 p-md-3 p-lg-4 px-xxl-5 my-5\" data-configuration='{\"form_name\":false,\"form_hat\":\"Newsletter\",\"form_email\":true,\"form_icon\":\"newsletter\",\"form_phone\":false,\"form_campaign\":\"NIM\",\"form_thankyou\":\"\",\"form_journey\":\"APIEvent-26a5198d-8e09-06ef-5f80-cd9127757ad1\",\"form_button\":\"Quero receber\",\"form_context\":\"newsletter\",\"form_origin\":\"https:\\\/\\\/www.infomoney.com.br\\\/politica\\\/feed\\\/?utm_medium=materia&#038;utm_source=infomoney&#038;utm_campaign=NIM&#038;utm_term=politica&#038;utm_content=newsletter\",\"form_position\":\"final\",\"form_category\":\"cta_form\"}'>\n<div class=\"d-flex flex-column align-items-center align-items-lg-start mb-4 flex-lg-row\">\n<div class=\"rounded-circle mb-2 mb-lg-0 mr-lg-4 me-lg-4 p-3 p-lg-4 bg-blue-400\"><svg width=\"40\" height=\"40\" viewBox=\"0 0 40 40\" fill=\"none\" xmlns=\"http:\/\/www.w3.org\/2000\/svg\"><path d=\"M20 20.25 6.042 11.042v19.041c0 .167.048.299.146.396a.535.535 0 0 0 .395.146h15.792V32.5H6.583a2.328 2.328 0 0 1-1.708-.708 2.328 2.328 0 0 1-.708-1.709V9.917c0-.667.236-1.236.708-1.709A2.328 2.328 0 0 1 6.583 7.5h26.834c.666 0 1.236.236 1.708.708a2.33 2.33 0 0 1 .708 1.709v12.458h-1.875V11.042L20 20.25Zm0-2 13.667-8.875H6.333L20 18.25Zm11.75 18.958-1.292-1.333 3.334-3.375h-9v-1.875h9l-3.375-3.417 1.333-1.291 5.667 5.625-5.667 5.666ZM6.042 11.042v20.791-9.458.25-13.25 1.667Z\" fill=\"#fff\"\/><\/svg><\/div>\n<div class=\"flex-fill text-center text-lg-left\">\n<div class=\"h6 small text-orange-700 lh-base mb-1\">Newsletter<\/div>\n<div class=\"text-body h4 m-0\">Infomorning<\/div>\n<div class=\"text-body small lh-base mt-2\">Receba no seu e-mail logo pela manh&atilde; as not&iacute;cias que v&atilde;o mexer com os mercados, com os seus investimentos e o seu bolso durante o dia<\/div>\n<\/div>\n<\/div>\n<\/div>\n<\/div>\n<\/div>\n<p>The post <a rel=\"nofollow noopener\" href=\"https:\/\/www.infomoney.com.br\/politica\/stf-suspensao-de-direitos-politicos-nao-impede-posse-em-cargo-publico\/\" target=\"_blank\">STF: suspens\u00e3o de direitos pol\u00edticos n\u00e3o impede posse em cargo p\u00fablico<\/a> appeared first on <a rel=\"nofollow noopener\" href=\"https:\/\/www.infomoney.com.br\/\" target=\"_blank\">InfoMoney<\/a>.<\/p>\n","protected":false},"excerpt":{"rendered":"<p><img loading=\"lazy\" decoding=\"async\" width=\"300\" height=\"179\" src=\"https:\/\/www.infomoney.com.br\/wp-content\/uploads\/2023\/06\/stf-justica.jpg?fit=300%2C179&amp;quality=70&amp;strip=all\" class=\"attachment-medium size-medium wp-post-image\" alt=\"\" data-attachment-id=\"2173041\" data-permalink=\"https:\/\/www.infomoney.com.br\/consumo\/trabalhadores-da-gm-aprovam-layoff-em-sao-jose-dos-campos-vw-paralisa-producao-em-fabricas\/attachment\/fachada-do-edificio-sede-do-supremo-tribunal-federal-stf\/\" data-orig-file=\"https:\/\/www.infomoney.com.br\/wp-content\/uploads\/2023\/06\/stf-justica.jpg?fit=1170%2C700&amp;quality=70&amp;strip=all\" data-orig-size=\"1170,700\" data-comments-opened=\"0\" data-image-meta='{\"aperture\":\"4\",\"credit\":\"Marcello Casal JrAg\\u00eancia Brasil\",\"camera\":\"NIKON D4\",\"caption\":\"Fachada do edif\\u00edcio sede do Supremo Tribunal Federal - STF\",\"created_timestamp\":\"1597835070\",\"copyright\":\"Agencia Brasil-EBC\",\"focal_length\":\"600\",\"iso\":\"250\",\"shutter_speed\":\"0.00015625\",\"title\":\"Fachada do edif\\u00edcio sede do Supremo Tribunal Federal - STF\",\"orientation\":\"1\"}' data-image-title=\"Est\u00e1tua da Justi\u00e7a em frente ao STF\" data-image-description=\"\" data-image-caption=\"&lt;p&gt;Est\u00e1tua \u201cA Justi\u00e7a\u201d, escultura de Alfredo Ceschiatti em frente ao edif\u00edcio-sede do Supremo Tribunal Federal (STF) em Bras\u00edlia (Foto: Marcello Casal Jr.\/Ag\u00eancia Brasil)&lt;\/p&gt;\n\" data-medium-file=\"https:\/\/www.infomoney.com.br\/wp-content\/uploads\/2023\/06\/stf-justica.jpg?fit=300%2C179&amp;quality=70&amp;strip=all\" data-large-file=\"https:\/\/www.infomoney.com.br\/wp-content\/uploads\/2023\/06\/stf-justica.jpg?fit=1170%2C700&amp;quality=70&amp;strip=all\">Prevaleceu ao final o entendimento do relator, ministro Alexandre de Moraes<\/p>\n<p>The post <a rel=\"nofollow\" href=\"https:\/\/www.infomoney.com.br\/politica\/stf-suspensao-de-direitos-politicos-nao-impede-posse-em-cargo-publico\/\">STF: suspens\u00e3o de direitos pol\u00edticos n\u00e3o impede posse em cargo p\u00fablico<\/a> appeared first on <a rel=\"nofollow\" href=\"https:\/\/www.infomoney.com.br\/\">InfoMoney<\/a>.<\/p>\n","protected":false},"author":44,"featured_media":0,"comment_status":"closed","ping_status":"closed","sticky":false,"template":"","format":"standard","meta":{"advgb_blocks_editor_width":"","advgb_blocks_columns_visual_guide":"","footnotes":""},"categories":[34,1797,47,1734,449],"tags":[35],"class_list":["post-37543","post","type-post","status-publish","format-standard","hentry","category-g1","category-poder-judiciario","category-politica","category-servidores-publicos","category-stf","tag-g1"],"author_meta":{"display_name":"Ag\u00eancia Brasil","author_link":"https:\/\/sindaopcpb.org.br\/author\/agencia-brasil\/"},"featured_img":null,"coauthors":[],"tax_additional":{"categories":{"linked":["<a href=\"https:\/\/sindaopcpb.org.br\/g1\/\" class=\"advgb-post-tax-term\">G1<\/a>","<a href=\"https:\/\/sindaopcpb.org.br\/poder-judiciario\/\" class=\"advgb-post-tax-term\">Poder Judici\u00e1rio<\/a>","<a href=\"https:\/\/sindaopcpb.org.br\/politica\/\" class=\"advgb-post-tax-term\">POLITICA<\/a>","<a href=\"https:\/\/sindaopcpb.org.br\/servidores-publicos\/\" class=\"advgb-post-tax-term\">Servidores p\u00fablicos<\/a>","<a href=\"https:\/\/sindaopcpb.org.br\/stf\/\" class=\"advgb-post-tax-term\">STF<\/a>"],"unlinked":["<span class=\"advgb-post-tax-term\">G1<\/span>","<span class=\"advgb-post-tax-term\">Poder Judici\u00e1rio<\/span>","<span class=\"advgb-post-tax-term\">POLITICA<\/span>","<span class=\"advgb-post-tax-term\">Servidores p\u00fablicos<\/span>","<span class=\"advgb-post-tax-term\">STF<\/span>"]},"tags":{"linked":["<a href=\"https:\/\/sindaopcpb.org.br\/stf\/\" class=\"advgb-post-tax-term\">g1<\/a>"],"unlinked":["<span class=\"advgb-post-tax-term\">g1<\/span>"]}},"comment_count":"0","relative_dates":{"created":"Publicado 3 anos atr\u00e1s","modified":"Atualizado 3 anos atr\u00e1s"},"absolute_dates":{"created":"Publicado em 5 de outubro de 2023","modified":"Atualizado em 5 de outubro de 2023"},"absolute_dates_time":{"created":"Publicado em 5 de outubro de 2023 11:21","modified":"Atualizado em 5 de outubro de 2023 11:21"},"featured_img_caption":"","series_order":"","_links":{"self":[{"href":"https:\/\/sindaopcpb.org.br\/index.php\/wp-json\/wp\/v2\/posts\/37543","targetHints":{"allow":["GET"]}}],"collection":[{"href":"https:\/\/sindaopcpb.org.br\/index.php\/wp-json\/wp\/v2\/posts"}],"about":[{"href":"https:\/\/sindaopcpb.org.br\/index.php\/wp-json\/wp\/v2\/types\/post"}],"author":[{"embeddable":true,"href":"https:\/\/sindaopcpb.org.br\/index.php\/wp-json\/wp\/v2\/users\/44"}],"replies":[{"embeddable":true,"href":"https:\/\/sindaopcpb.org.br\/index.php\/wp-json\/wp\/v2\/comments?post=37543"}],"version-history":[{"count":1,"href":"https:\/\/sindaopcpb.org.br\/index.php\/wp-json\/wp\/v2\/posts\/37543\/revisions"}],"predecessor-version":[{"id":37544,"href":"https:\/\/sindaopcpb.org.br\/index.php\/wp-json\/wp\/v2\/posts\/37543\/revisions\/37544"}],"wp:attachment":[{"href":"https:\/\/sindaopcpb.org.br\/index.php\/wp-json\/wp\/v2\/media?parent=37543"}],"wp:term":[{"taxonomy":"category","embeddable":true,"href":"https:\/\/sindaopcpb.org.br\/index.php\/wp-json\/wp\/v2\/categories?post=37543"},{"taxonomy":"post_tag","embeddable":true,"href":"https:\/\/sindaopcpb.org.br\/index.php\/wp-json\/wp\/v2\/tags?post=37543"}],"curies":[{"name":"wp","href":"https:\/\/api.w.org\/{rel}","templated":true}]}}