{"id":37381,"date":"2023-10-04T12:22:21","date_gmt":"2023-10-04T15:22:21","guid":{"rendered":"https:\/\/g1.globo.com\/pb\/paraiba\/especial-publicitario\/fiep\/espaco-da-industria\/noticia\/2023\/10\/04\/escola-sesi-abre-inscricoes-do-processo-seletivo-para-vagas-gratuitas-do-novo-ensino-medio-2024.ghtml"},"modified":"2023-10-04T12:22:21","modified_gmt":"2023-10-04T15:22:21","slug":"escola-sesi-abre-inscricoes-do-processo-seletivo-para-vagas-gratuitas-do-novo-ensino-medio-2024","status":"publish","type":"post","link":"https:\/\/sindaopcpb.org.br\/index.php\/2023\/10\/04\/escola-sesi-abre-inscricoes-do-processo-seletivo-para-vagas-gratuitas-do-novo-ensino-medio-2024\/","title":{"rendered":"Escola SESI abre inscri\u00e7\u00f5es do processo seletivo para vagas gratuitas do Novo Ensino M\u00e9dio 2024"},"content":{"rendered":"   <img src=\"https:\/\/s2.glbimg.com\/BsoBEwuOvsvhg-OAmzY6VMYlw7c=\/i.s3.glbimg.com\/v1\/AUTH_59edd422c0c84a879bd37670ae4f538a\/internal_photos\/bs\/2023\/C\/7\/JWevq6QYu78YZ7hDVmVA\/39-imagem-de-capa.jpg\" \/><br \/>     As inscri\u00e7\u00f5es est\u00e3o abertas at\u00e9 o dia 17 de outubro. As vagas s\u00e3o para as Escolas SESI de Jo\u00e3o Pessoa, Patos e Sousa. Escola SESI abre inscri\u00e7\u00f5es do processo seletivo para vagas gratuitas do Novo Ensino M\u00e9dio 2024\nDivulga\u00e7\u00e3o\nA Escola SESI da Para\u00edba abriu, na \u00faltima quinta-feira, 28, as inscri\u00e7\u00f5es do processo seletivo para as vagas gratuitas do Novo Ensino M\u00e9dio para o ano letivo de 2024, destinadas a alunos que estejam cursando ou que j\u00e1 conclu\u00edram o 9\u00ba ano do Ensino Fundamental. Est\u00e3o sendo ofertadas 60 vagas, sendo distribu\u00eddas igualmente entre as Escolas Cor\u00e1lio Soares de Oliveira, em Jo\u00e3o Pessoa, Dion\u00edzio Marques de Almeida, em Patos, e Jos\u00e9 de Paiva Gadelha, em Sousa.\nAs inscri\u00e7\u00f5es seguem abertas at\u00e9 o dia 17 de outubro, por meio de formul\u00e1rio eletr\u00f4nico. As vagas ofertadas no processo s\u00e3o destinadas \u00e0 1\u00aa s\u00e9rie do ensino m\u00e9dio, dependentes da ind\u00fastria e para a sociedade em geral, desde que sejam apresentadas, no ato da matr\u00edcula, uma autodeclara\u00e7\u00e3o de baixa renda, redigida a pr\u00f3prio punho.\nPodem se inscrever no processo, estudantes que possu\u00edrem, no m\u00e1ximo, 16 anos completos at\u00e9 o dia 31 de dezembro de 2023. A avalia\u00e7\u00e3o do processo seletivo acontece atrav\u00e9s da an\u00e1lise do desempenho escolar em L\u00edngua Portuguesa, Matem\u00e1tica, Hist\u00f3ria e Geografia do ensino fundamental II, a partir do hist\u00f3rico das m\u00e9dias, dessas disciplinas, no 6\u00ba, 7\u00ba e 8\u00ba ano, inseridas no ato da inscri\u00e7\u00e3o.\nPara a sele\u00e7\u00e3o, ser\u00e1 realizado o c\u00e1lculo da m\u00e9dia aritm\u00e9tica de cada candidato, conforme detalhado no edital. A divulga\u00e7\u00e3o do resultado final acontece em 20 de outubro, e as matr\u00edculas ser\u00e3o realizadas entre os dias 25 e 30 de outubro.\nOs aspectos metodol\u00f3gicos adotados na proposta do Novo Ensino M\u00e9dio s\u00e3o estruturados a partir das Metodologias SESI de Educa\u00e7\u00e3o B\u00e1sica, que utilizam estrat\u00e9gias de aprendizagem desafiadores, buscando promover reflex\u00e3o dos alunos na busca de solu\u00e7\u00f5es para desafios estabelecidos no processo formativo, interligando os saberes da base comum do SESI com os itiner\u00e1rios formativos. O Novo Ensino M\u00e9dio tem o objetivo de garantir a oferta de uma educa\u00e7\u00e3o que, no processo formativo, considera as novas demandas do mundo do trabalho e da sociedade.\n\u00c9 importante a leitura do edital completo para sanar poss\u00edveis d\u00favidas. \nOutras informa\u00e7\u00f5es podem ser obtidas atrav\u00e9s dos contatos:\nEscola SESI Cor\u00e1lio Soares de Oliveira, de Jo\u00e3o Pessoa | (83) 2108-8750\nDion\u00edzio Marques de Almeida, de Patos | (83) 3421-2628\nJos\u00e9 de Paiva Gadelha, de Sousa | (83) 3522-2828 ou (83) 3522-2829  ","protected":false},"excerpt":{"rendered":"<p>        As inscri\u00e7\u00f5es est\u00e3o abertas at\u00e9 o dia 17 de outubro. As vagas s\u00e3o para as Escolas SESI de Jo\u00e3o Pessoa, Patos e Sousa. Escola SESI abre inscri\u00e7\u00f5es do processo seletivo para vagas gratuitas do Novo Ensino M\u00e9dio 2024<br \/>\nDivulga\u00e7\u00e3o<br \/>\nA Escola SESI da Pa&#8230;<\/p>\n","protected":false},"author":2,"featured_media":0,"comment_status":"closed","ping_status":"closed","sticky":false,"template":"","format":"standard","meta":{"advgb_blocks_editor_width":"","advgb_blocks_columns_visual_guide":"","footnotes":""},"categories":[34],"tags":[35],"class_list":["post-37381","post","type-post","status-publish","format-standard","hentry","category-g1","tag-g1"],"author_meta":{"display_name":"g1 &gt; Para\u00edba","author_link":"https:\/\/sindaopcpb.org.br\/author\/g1-paraiba\/"},"featured_img":null,"coauthors":[],"tax_additional":{"categories":{"linked":["<a href=\"https:\/\/sindaopcpb.org.br\/g1\/\" class=\"advgb-post-tax-term\">G1<\/a>"],"unlinked":["<span class=\"advgb-post-tax-term\">G1<\/span>"]},"tags":{"linked":["<a href=\"https:\/\/sindaopcpb.org.br\/g1\/\" class=\"advgb-post-tax-term\">g1<\/a>"],"unlinked":["<span class=\"advgb-post-tax-term\">g1<\/span>"]}},"comment_count":"0","relative_dates":{"created":"Publicado 3 anos atr\u00e1s","modified":"Atualizado 3 anos atr\u00e1s"},"absolute_dates":{"created":"Publicado em 4 de outubro de 2023","modified":"Atualizado em 4 de outubro de 2023"},"absolute_dates_time":{"created":"Publicado em 4 de outubro de 2023 12:22","modified":"Atualizado em 4 de outubro de 2023 12:22"},"featured_img_caption":"","series_order":"","_links":{"self":[{"href":"https:\/\/sindaopcpb.org.br\/index.php\/wp-json\/wp\/v2\/posts\/37381","targetHints":{"allow":["GET"]}}],"collection":[{"href":"https:\/\/sindaopcpb.org.br\/index.php\/wp-json\/wp\/v2\/posts"}],"about":[{"href":"https:\/\/sindaopcpb.org.br\/index.php\/wp-json\/wp\/v2\/types\/post"}],"author":[{"embeddable":true,"href":"https:\/\/sindaopcpb.org.br\/index.php\/wp-json\/wp\/v2\/users\/2"}],"replies":[{"embeddable":true,"href":"https:\/\/sindaopcpb.org.br\/index.php\/wp-json\/wp\/v2\/comments?post=37381"}],"version-history":[{"count":1,"href":"https:\/\/sindaopcpb.org.br\/index.php\/wp-json\/wp\/v2\/posts\/37381\/revisions"}],"predecessor-version":[{"id":37382,"href":"https:\/\/sindaopcpb.org.br\/index.php\/wp-json\/wp\/v2\/posts\/37381\/revisions\/37382"}],"wp:attachment":[{"href":"https:\/\/sindaopcpb.org.br\/index.php\/wp-json\/wp\/v2\/media?parent=37381"}],"wp:term":[{"taxonomy":"category","embeddable":true,"href":"https:\/\/sindaopcpb.org.br\/index.php\/wp-json\/wp\/v2\/categories?post=37381"},{"taxonomy":"post_tag","embeddable":true,"href":"https:\/\/sindaopcpb.org.br\/index.php\/wp-json\/wp\/v2\/tags?post=37381"}],"curies":[{"name":"wp","href":"https:\/\/api.w.org\/{rel}","templated":true}]}}