{"id":37364,"date":"2023-10-04T11:33:25","date_gmt":"2023-10-04T14:33:25","guid":{"rendered":"https:\/\/www.infomoney.com.br\/?p=2260577"},"modified":"2023-10-04T11:33:25","modified_gmt":"2023-10-04T14:33:25","slug":"comissao-do-senado-aprova-projeto-que-regulamenta-mercado-de-carbono","status":"publish","type":"post","link":"https:\/\/sindaopcpb.org.br\/index.php\/2023\/10\/04\/comissao-do-senado-aprova-projeto-que-regulamenta-mercado-de-carbono\/","title":{"rendered":"Comiss\u00e3o do Senado aprova projeto que regulamenta mercado de carbono"},"content":{"rendered":"<p><img loading=\"lazy\" width=\"300\" height=\"225\" src=\"https:\/\/www.infomoney.com.br\/wp-content\/uploads\/2023\/08\/29082023-lula4144.jpg?fit=300%2C225&amp;quality=70&amp;strip=all\" class=\"attachment-medium size-medium wp-post-image\" alt=\"\" decoding=\"async\" style=\"float:right; margin:0 0 10px 10px;\" srcset=\"https:\/\/www.infomoney.com.br\/wp-content\/uploads\/2023\/08\/29082023-lula4144.jpg?w=1024&amp;quality=70&amp;strip=all 1024w, https:\/\/www.infomoney.com.br\/wp-content\/uploads\/2023\/08\/29082023-lula4144.jpg?w=300&amp;quality=70&amp;strip=all 300w, https:\/\/www.infomoney.com.br\/wp-content\/uploads\/2023\/08\/29082023-lula4144.jpg?w=768&amp;quality=70&amp;strip=all 768w, https:\/\/www.infomoney.com.br\/wp-content\/uploads\/2023\/08\/29082023-lula4144.jpg?w=150&amp;quality=70&amp;strip=all 150w\" sizes=\"auto, (max-width: 300px) 100vw, 300px\" data-attachment-id=\"2228625\" data-permalink=\"https:\/\/www.infomoney.com.br\/politica\/reforma-tributaria-governadores-do-norte-e-nordeste-querem-representacao-igualitaria-em-conselho-federativo\/attachment\/29082023-lula4144\/\" data-orig-file=\"https:\/\/www.infomoney.com.br\/wp-content\/uploads\/2023\/08\/29082023-lula4144.jpg?fit=1024%2C768&amp;quality=70&amp;strip=all\" data-orig-size=\"1024,768\" data-comments-opened=\"0\" data-image-meta=\"{&quot;aperture&quot;:&quot;4.5&quot;,&quot;credit&quot;:&quot;LULA MARQUES&quot;,&quot;camera&quot;:&quot;Canon EOS-1D X Mark II&quot;,&quot;caption&quot;:&quot;Bras\\u00edlia (DF) 29\\\/08\\\/2023  Sess\\u00e3o tem\\u00e1tica para debater a proposta de emenda \\u00e0 Constitui\\u00e7\\u00e3o (PEC 45\\\/2019) da reforma tribut\\u00e1ria. Foram convidados os 27 governadores dos estados e do Distrito Federal. Foto Lula Marques\\\/ Ag\\u00eancia Brasil&quot;,&quot;created_timestamp&quot;:&quot;1693305835&quot;,&quot;copyright&quot;:&quot;&quot;,&quot;focal_length&quot;:&quot;30&quot;,&quot;iso&quot;:&quot;3200&quot;,&quot;shutter_speed&quot;:&quot;0.005&quot;,&quot;title&quot;:&quot;&quot;,&quot;orientation&quot;:&quot;0&quot;}\" data-image-title=\"Plen\u00e1rio do Senado\" data-image-description=\"\" data-image-caption=\"&lt;p&gt;Plen\u00e1rio do Senado Federal em Bras\u00edlia (Lula Marques\/Ag\u00eancia Brasil)&lt;\/p&gt;\n\" data-medium-file=\"https:\/\/www.infomoney.com.br\/wp-content\/uploads\/2023\/08\/29082023-lula4144.jpg?fit=300%2C225&amp;quality=70&amp;strip=all\" data-large-file=\"https:\/\/www.infomoney.com.br\/wp-content\/uploads\/2023\/08\/29082023-lula4144.jpg?fit=1024%2C768&amp;quality=70&amp;strip=all\" title=\"\"><\/p>\n<p>A Comiss&atilde;o de Meio Ambiente do Senado aprovou, na manh&atilde; desta quarta-feira (4), em car&aacute;ter terminativo, o projeto de lei que cria o Sistema Brasileiro do Com&eacute;rcio de Emiss&otilde;es (SBCE), tamb&eacute;m conhecido como mercado de carbono (PL 412\/2022). O texto agora segue para an&aacute;lise na C&acirc;mara dos Deputados.<\/p>\n<p>Em seu relat&oacute;rio, a senadora Leila Barros (PDT-DF) acatou emenda de representantes da bancada ruralista, que na semana passada impediu a vota&ccedil;&atilde;o da mat&eacute;ria no colegiado. O setor pedia para n&atilde;o ser enquadrado nas exig&ecirc;ncias previstas no texto por temer o risco de aumento de custos e perda de competitividade no mercado, al&eacute;m das dificuldades de verifica&ccedil;&atilde;o das emiss&otilde;es.<\/p>\n<p>Na ter&ccedil;a-feira (3), a Frente Parlamentar Agropecu&aacute;ria (FPA) manifestou cr&iacute;ticas &agrave; inclus&atilde;o dos produtores rurais na legisla&ccedil;&atilde;o, e pontuou que&nbsp; o projeto n&atilde;o contemplava a compensa&ccedil;&atilde;o por boas pr&aacute;ticas de cultivo, como o plantio direto.<\/p>\n<p>A vers&atilde;o aprovada pelos senadores busca promover a redu&ccedil;&atilde;o dos custos de mitiga&ccedil;&atilde;o de gases de efeito estufa e, ao mesmo tempo, estabelecer crit&eacute;rios transparentes para as atividades poluentes, por meio de estrutura para mensura&ccedil;&atilde;o e comparabilidade das informa&ccedil;&otilde;es geradas.<\/p>\n<p>Caber&aacute; ao Comit&ecirc; Interministerial sobre Mudan&ccedil;a do Clima e ao &oacute;rg&atilde;o gestor do SBCE, al&eacute;m de um comit&ecirc; consultivo permanente (com a participa&ccedil;&atilde;o de representantes da sociedade), a governan&ccedil;a sobre o mercado de carbono.<\/p>\n<p>A legisla&ccedil;&atilde;o prev&ecirc; que poder&atilde;o ser deduzidos da base de c&aacute;lculo do Imposto sobre a Renda das Pessoas Jur&iacute;dicas (IRPJ) e Contribui&ccedil;&atilde;o Social sobre o Lucro L&iacute;quido (CSLL) de empresas com apura&ccedil;&atilde;o no lucro real os custos para a redu&ccedil;&atilde;o ou remo&ccedil;&atilde;o de emiss&otilde;es de gases de efeito estufa vinculadas &agrave; gera&ccedil;&atilde;o de cotas de emiss&otilde;es.<\/p>\n<p>Representantes do agro tamb&eacute;m alegam dificuldades para o c&aacute;lculo de emiss&otilde;es de gases do efeito estufa no setor, j&aacute; que neste processo &eacute; preciso considerar vari&aacute;veis como tipo de solo, condi&ccedil;&otilde;es clim&aacute;ticas e pr&aacute;ticas de manejo, entre outros.<\/p>\n<p>&ldquo;Todas essas vari&aacute;veis tornam a implementa&ccedil;&atilde;o da regulamenta&ccedil;&atilde;o para esse setor uma tarefa complexa e de dif&iacute;cil gerenciamento, especialmente sem uma metodologia de mensura&ccedil;&atilde;o de GEE consolidada&rdquo;, ponderou Leila.<\/p>\n<p>&ldquo;O acordo que firmamos &eacute; um gesto de quem busca um equil&iacute;brio sensato entre a regulamenta&ccedil;&atilde;o necess&aacute;ria e a compreens&atilde;o das particularidades do agro brasileiro. Ele reflete nosso compromisso de reduzir as emiss&otilde;es de carbono e a nossa responsabilidade com o meio ambiente, garantindo, ao mesmo tempo, que as regulamenta&ccedil;&otilde;es sejam justas, eficazes e adaptadas &agrave; realidade brasileira&rdquo;, completou.<\/p>\n<p>A cria&ccedil;&atilde;o do SBCE integra o conjunto de medidas consideradas priorit&aacute;rias pelo governo para atrair investimentos visando o processo de transi&ccedil;&atilde;o ecol&oacute;gica. A reuni&atilde;o da Comiss&atilde;o de Meio Ambiente foi acompanhada pelo ministro de Rela&ccedil;&otilde;es Institucionais, Alexandre Padilha (PT).<\/p>\n<p>Para alcan&ccedil;ar o protagonismo no debate clim&aacute;tico aos olhos da comunidade internacional, integrantes do governo do presidente Luiz In&aacute;cio Lula da Silva (PT) destacam a necessidade de aprovar a legisla&ccedil;&atilde;o que regulamenta o setor antes da realiza&ccedil;&atilde;o da COP28, que ser&aacute; realizada em novembro nos Emirados &Aacute;rabes Unidos.<\/p>\n<p>De acordo com o Banco Mundial, em 2022, os 73 mercados que atualmente precificam o carbono movimentaram US$ 100 bilh&otilde;es. Al&eacute;m disso, a Uni&atilde;o Europeia vai come&ccedil;ar a impor tarifas a produtos de pa&iacute;ses que n&atilde;o possuem o mercado de carbono regulado.<\/p>\n<\/p>\n<div class=\"cta-end\">\n<div class=\"im-cta\" >\n<div class=\"im-shortcode-forms bg-light bg-opacity-25 border rounded-4 p-3 p-sm-4 p-md-3 p-lg-4 px-xxl-5 my-5\" data-configuration='{\"form_name\":false,\"form_hat\":\"Newsletter\",\"form_email\":true,\"form_icon\":\"newsletter\",\"form_phone\":false,\"form_campaign\":\"NIM\",\"form_thankyou\":\"\",\"form_journey\":\"APIEvent-26a5198d-8e09-06ef-5f80-cd9127757ad1\",\"form_button\":\"Quero receber\",\"form_context\":\"newsletter\",\"form_origin\":\"https:\\\/\\\/www.infomoney.com.br\\\/politica\\\/feed\\\/?utm_medium=materia&#038;utm_source=infomoney&#038;utm_campaign=NIM&#038;utm_term=politica&#038;utm_content=newsletter\",\"form_position\":\"final\",\"form_category\":\"cta_form\"}'>\n<div class=\"d-flex flex-column align-items-center align-items-lg-start mb-4 flex-lg-row\">\n<div class=\"rounded-circle mb-2 mb-lg-0 mr-lg-4 me-lg-4 p-3 p-lg-4 bg-blue-400\"><svg width=\"40\" height=\"40\" viewBox=\"0 0 40 40\" fill=\"none\" xmlns=\"http:\/\/www.w3.org\/2000\/svg\"><path d=\"M20 20.25 6.042 11.042v19.041c0 .167.048.299.146.396a.535.535 0 0 0 .395.146h15.792V32.5H6.583a2.328 2.328 0 0 1-1.708-.708 2.328 2.328 0 0 1-.708-1.709V9.917c0-.667.236-1.236.708-1.709A2.328 2.328 0 0 1 6.583 7.5h26.834c.666 0 1.236.236 1.708.708a2.33 2.33 0 0 1 .708 1.709v12.458h-1.875V11.042L20 20.25Zm0-2 13.667-8.875H6.333L20 18.25Zm11.75 18.958-1.292-1.333 3.334-3.375h-9v-1.875h9l-3.375-3.417 1.333-1.291 5.667 5.625-5.667 5.666ZM6.042 11.042v20.791-9.458.25-13.25 1.667Z\" fill=\"#fff\"\/><\/svg><\/div>\n<div class=\"flex-fill text-center text-lg-left\">\n<div class=\"h6 small text-orange-700 lh-base mb-1\">Newsletter<\/div>\n<div class=\"text-body h4 m-0\">Infomorning<\/div>\n<div class=\"text-body small lh-base mt-2\">Receba no seu e-mail logo pela manh&atilde; as not&iacute;cias que v&atilde;o mexer com os mercados, com os seus investimentos e o seu bolso durante o dia<\/div>\n<\/div>\n<\/div>\n<\/div>\n<\/div>\n<\/div>\n<p>The post <a rel=\"nofollow noopener\" href=\"https:\/\/www.infomoney.com.br\/politica\/comissao-do-senado-aprova-projeto-que-regulamenta-mercado-de-carbono\/\" target=\"_blank\">Comiss\u00e3o do Senado aprova projeto que regulamenta mercado de carbono<\/a> appeared first on <a rel=\"nofollow noopener\" href=\"https:\/\/www.infomoney.com.br\/\" target=\"_blank\">InfoMoney<\/a>.<\/p>\n","protected":false},"excerpt":{"rendered":"<p><img loading=\"lazy\" decoding=\"async\" width=\"300\" height=\"225\" src=\"https:\/\/www.infomoney.com.br\/wp-content\/uploads\/2023\/08\/29082023-lula4144.jpg?fit=300%2C225&amp;quality=70&amp;strip=all\" class=\"attachment-medium size-medium wp-post-image\" alt=\"\" data-attachment-id=\"2228625\" data-permalink=\"https:\/\/www.infomoney.com.br\/politica\/reforma-tributaria-governadores-do-norte-e-nordeste-querem-representacao-igualitaria-em-conselho-federativo\/attachment\/29082023-lula4144\/\" data-orig-file=\"https:\/\/www.infomoney.com.br\/wp-content\/uploads\/2023\/08\/29082023-lula4144.jpg?fit=1024%2C768&amp;quality=70&amp;strip=all\" data-orig-size=\"1024,768\" data-comments-opened=\"0\" data-image-meta='{\"aperture\":\"4.5\",\"credit\":\"LULA MARQUES\",\"camera\":\"Canon EOS-1D X Mark II\",\"caption\":\"Bras\\u00edlia (DF) 29\\\/08\\\/2023  Sess\\u00e3o tem\\u00e1tica para debater a proposta de emenda \\u00e0 Constitui\\u00e7\\u00e3o (PEC 45\\\/2019) da reforma tribut\\u00e1ria. Foram convidados os 27 governadores dos estados e do Distrito Federal. Foto Lula Marques\\\/ Ag\\u00eancia Brasil\",\"created_timestamp\":\"1693305835\",\"copyright\":\"\",\"focal_length\":\"30\",\"iso\":\"3200\",\"shutter_speed\":\"0.005\",\"title\":\"\",\"orientation\":\"0\"}' data-image-title=\"Plen\u00e1rio do Senado\" data-image-description=\"\" data-image-caption=\"&lt;p&gt;Plen\u00e1rio do Senado Federal em Bras\u00edlia (Lula Marques\/Ag\u00eancia Brasil)&lt;\/p&gt;\n\" data-medium-file=\"https:\/\/www.infomoney.com.br\/wp-content\/uploads\/2023\/08\/29082023-lula4144.jpg?fit=300%2C225&amp;quality=70&amp;strip=all\" data-large-file=\"https:\/\/www.infomoney.com.br\/wp-content\/uploads\/2023\/08\/29082023-lula4144.jpg?fit=1024%2C768&amp;quality=70&amp;strip=all\">Texto aprovado busca promover a redu\u00e7\u00e3o dos custos de mitiga\u00e7\u00e3o de gases de efeito estufa e, ao mesmo tempo, estabelecer crit\u00e9rios transparentes<\/p>\n<p>The post <a rel=\"nofollow\" href=\"https:\/\/www.infomoney.com.br\/politica\/comissao-do-senado-aprova-projeto-que-regulamenta-mercado-de-carbono\/\">Comiss\u00e3o do Senado aprova projeto que regulamenta mercado de carbono<\/a> appeared first on <a rel=\"nofollow\" href=\"https:\/\/www.infomoney.com.br\/\">InfoMoney<\/a>.<\/p>\n","protected":false},"author":47,"featured_media":0,"comment_status":"closed","ping_status":"closed","sticky":false,"template":"","format":"standard","meta":{"advgb_blocks_editor_width":"","advgb_blocks_columns_visual_guide":"","footnotes":""},"categories":[2194,34,950,47,403],"tags":[35],"class_list":["post-37364","post","type-post","status-publish","format-standard","hentry","category-carbono","category-g1","category-meio-ambiente","category-politica","category-senado","tag-g1"],"author_meta":{"display_name":"luispereira","author_link":"https:\/\/sindaopcpb.org.br\/author\/luispereira\/"},"featured_img":null,"coauthors":[],"tax_additional":{"categories":{"linked":["<a href=\"https:\/\/sindaopcpb.org.br\/carbono\/\" class=\"advgb-post-tax-term\">Carbono<\/a>","<a href=\"https:\/\/sindaopcpb.org.br\/g1\/\" class=\"advgb-post-tax-term\">G1<\/a>","<a href=\"https:\/\/sindaopcpb.org.br\/meio-ambiente\/\" class=\"advgb-post-tax-term\">Meio Ambiente<\/a>","<a href=\"https:\/\/sindaopcpb.org.br\/politica\/\" class=\"advgb-post-tax-term\">POLITICA<\/a>","<a href=\"https:\/\/sindaopcpb.org.br\/senado\/\" class=\"advgb-post-tax-term\">Senado<\/a>"],"unlinked":["<span class=\"advgb-post-tax-term\">Carbono<\/span>","<span class=\"advgb-post-tax-term\">G1<\/span>","<span class=\"advgb-post-tax-term\">Meio Ambiente<\/span>","<span class=\"advgb-post-tax-term\">POLITICA<\/span>","<span class=\"advgb-post-tax-term\">Senado<\/span>"]},"tags":{"linked":["<a href=\"https:\/\/sindaopcpb.org.br\/senado\/\" class=\"advgb-post-tax-term\">g1<\/a>"],"unlinked":["<span class=\"advgb-post-tax-term\">g1<\/span>"]}},"comment_count":"0","relative_dates":{"created":"Publicado 3 anos atr\u00e1s","modified":"Atualizado 3 anos atr\u00e1s"},"absolute_dates":{"created":"Publicado em 4 de outubro de 2023","modified":"Atualizado em 4 de outubro de 2023"},"absolute_dates_time":{"created":"Publicado em 4 de outubro de 2023 11:33","modified":"Atualizado em 4 de outubro de 2023 11:33"},"featured_img_caption":"","series_order":"","_links":{"self":[{"href":"https:\/\/sindaopcpb.org.br\/index.php\/wp-json\/wp\/v2\/posts\/37364","targetHints":{"allow":["GET"]}}],"collection":[{"href":"https:\/\/sindaopcpb.org.br\/index.php\/wp-json\/wp\/v2\/posts"}],"about":[{"href":"https:\/\/sindaopcpb.org.br\/index.php\/wp-json\/wp\/v2\/types\/post"}],"author":[{"embeddable":true,"href":"https:\/\/sindaopcpb.org.br\/index.php\/wp-json\/wp\/v2\/users\/47"}],"replies":[{"embeddable":true,"href":"https:\/\/sindaopcpb.org.br\/index.php\/wp-json\/wp\/v2\/comments?post=37364"}],"version-history":[{"count":3,"href":"https:\/\/sindaopcpb.org.br\/index.php\/wp-json\/wp\/v2\/posts\/37364\/revisions"}],"predecessor-version":[{"id":37397,"href":"https:\/\/sindaopcpb.org.br\/index.php\/wp-json\/wp\/v2\/posts\/37364\/revisions\/37397"}],"wp:attachment":[{"href":"https:\/\/sindaopcpb.org.br\/index.php\/wp-json\/wp\/v2\/media?parent=37364"}],"wp:term":[{"taxonomy":"category","embeddable":true,"href":"https:\/\/sindaopcpb.org.br\/index.php\/wp-json\/wp\/v2\/categories?post=37364"},{"taxonomy":"post_tag","embeddable":true,"href":"https:\/\/sindaopcpb.org.br\/index.php\/wp-json\/wp\/v2\/tags?post=37364"}],"curies":[{"name":"wp","href":"https:\/\/api.w.org\/{rel}","templated":true}]}}