{"id":37324,"date":"2023-10-04T08:11:02","date_gmt":"2023-10-04T11:11:02","guid":{"rendered":"https:\/\/wpa.wscom.com.br\/?p=925858"},"modified":"2023-10-04T08:11:02","modified_gmt":"2023-10-04T11:11:02","slug":"policia-federal-aprofunda-investigacoes-sobre-acao-dos-kids-pretos-no-terrorismo-de-8-de-janeiro","status":"publish","type":"post","link":"https:\/\/sindaopcpb.org.br\/index.php\/2023\/10\/04\/policia-federal-aprofunda-investigacoes-sobre-acao-dos-kids-pretos-no-terrorismo-de-8-de-janeiro\/","title":{"rendered":"Pol\u00edcia Federal aprofunda investiga\u00e7\u00f5es sobre a\u00e7\u00e3o dos \u2018kids pretos\u2019 no terrorismo de 8 de janeiro"},"content":{"rendered":"<p>&nbsp;<\/p>\n<p>&nbsp;<\/p>\n<p>A investiga\u00e7\u00e3o conduzida pela Pol\u00edcia Federal sobre os tumultos ocorridos em 8 de janeiro em Bras\u00edlia avan\u00e7ou consideravelmente, revelando evid\u00eancias de que os membros das For\u00e7as Especiais do Ex\u00e9rcito, conhecidos como &#8220;kids pretos,&#8221; estiveram infiltrados entre os manifestantes golpistas que tentaram invadir as sedes dos Tr\u00eas Poderes. Essa tropa de elite, especializada em miss\u00f5es de alto risco e opera\u00e7\u00f5es de guerra irregular, supostamente desempenhou um papel estrat\u00e9gico na condu\u00e7\u00e3o dos tumultos, segundo\u00a0reportagem\u00a0da jornalista Malu Gaspar.<\/p>\n<p>As suspeitas sobre a participa\u00e7\u00e3o dos &#8220;kids pretos&#8221; nos eventos foram inicialmente levantadas em uma reportagem da revista Piau\u00ed, que identificou t\u00e1ticas t\u00edpicas das For\u00e7as Especiais nas imagens daquele dia ca\u00f3tico. Durante as investiga\u00e7\u00f5es subsequentes, a PF colheu depoimentos e analisou mais evid\u00eancias que sugerem que esses militares foram os primeiros a invadir o Congresso Nacional, facilitando a entrada de outros manifestantes. Eles utilizaram balaclavas (gorros pretos caracter\u00edsticos das For\u00e7as Especiais) e luvas, abrindo passagens no teto do Congresso e adentrando a C\u00e2mara dos Deputados por meio de uma escada improvisada feita com gradis.<\/p>\n<p>V\u00e1rios manifestantes detidos por ordem do Supremo Tribunal Federal (STF) mencionaram a presen\u00e7a dos &#8220;kids pretos&#8221; no meio da multid\u00e3o e alegaram ter recebido orienta\u00e7\u00f5es deles. O mesmo m\u00e9todo foi utilizado na invas\u00e3o do Pal\u00e1cio do Planalto. A PF enfrenta agora o desafio de identificar de maneira precisa os militares envolvidos e avaliar o grau de sua participa\u00e7\u00e3o nas invas\u00f5es, com base em imagens e depoimentos. Alguns dos &#8220;kids pretos&#8221; j\u00e1 est\u00e3o sob investiga\u00e7\u00e3o, incluindo o general da reserva Ridauto Fernandes, que se notabilizou por suas declara\u00e7\u00f5es em apoio a uma interven\u00e7\u00e3o militar e \u00e0 ditadura militar, al\u00e9m de ocupar cargos importantes no governo Bolsonaro.<\/p>\n<p>Outros integrantes das For\u00e7as Especiais tamb\u00e9m ocuparam posi\u00e7\u00f5es de destaque na administra\u00e7\u00e3o anterior, como o general Luiz Eduardo Ramos e Eduardo Pazuello. O tenente-coronel Mauro Cid, ajudante de ordens do ex-presidente Bolsonaro, revelou em sua dela\u00e7\u00e3o \u00e0 PF que o presidente realizou reuni\u00f5es no Pal\u00e1cio da Alvorada para discutir minutas de interven\u00e7\u00e3o militar entre o primeiro e o segundo turno das elei\u00e7\u00f5es de 2022, contando com o apoio do comandante da Marinha. As investiga\u00e7\u00f5es prosseguem, e novos detalhes devem emergir \u00e0 medida que o caso avan\u00e7a.<\/p>\n<p>O post <a rel=\"nofollow noopener\" href=\"https:\/\/wscom.com.br\/policia-federal-aprofunda-investigacoes-sobre-acao-dos-kids-pretos-no-terrorismo-de-8-de-janeiro\/\" target=\"_blank\">Pol\u00edcia Federal aprofunda investiga\u00e7\u00f5es sobre a\u00e7\u00e3o dos &#8216;kids pretos&#8217; no terrorismo de 8 de janeiro<\/a> apareceu primeiro em <a rel=\"nofollow noopener\" href=\"https:\/\/wscom.com.br\/\" target=\"_blank\">WSCOM<\/a>.<\/p>\n","protected":false},"excerpt":{"rendered":"<p>\u00a0 \u00a0 A investiga\u00e7\u00e3o conduzida pela Pol\u00edcia Federal sobre os tumultos ocorridos em 8 de janeiro em Bras\u00edlia avan\u00e7ou consideravelmente, revelando evid\u00eancias de que os membros das For\u00e7as Especiais do Ex\u00e9rcito, conhecidos como \u201ckids pretos,\u201d estiveram infiltrados entre os manifestantes golpistas que tentaram invadir as sedes dos Tr\u00eas Poderes. Essa tropa de elite, especializada em [\u2026]<\/p>\n<p>O post <a rel=\"nofollow\" href=\"https:\/\/wscom.com.br\/policia-federal-aprofunda-investigacoes-sobre-acao-dos-kids-pretos-no-terrorismo-de-8-de-janeiro\/\">Pol\u00edcia Federal aprofunda investiga\u00e7\u00f5es sobre a\u00e7\u00e3o dos \u2018kids pretos\u2019 no terrorismo de 8 de janeiro<\/a> apareceu primeiro em <a rel=\"nofollow\" href=\"https:\/\/wscom.com.br\/\">WSCOM<\/a>.<\/p>\n","protected":false},"author":42,"featured_media":0,"comment_status":"closed","ping_status":"closed","sticky":false,"template":"","format":"standard","meta":{"advgb_blocks_editor_width":"","advgb_blocks_columns_visual_guide":"","footnotes":""},"categories":[1198,115,1145,34,1307,9760,768],"tags":[35],"class_list":["post-37324","post","type-post","status-publish","format-standard","hentry","category-atos-antidemocraticos","category-brasil","category-exercito","category-g1","category-investigacao","category-kids-pretos","category-policia-federal","tag-g1"],"author_meta":{"display_name":"Rafael Andrade","author_link":"https:\/\/sindaopcpb.org.br\/author\/rafael-andrade\/"},"featured_img":null,"coauthors":[],"tax_additional":{"categories":{"linked":["<a href=\"https:\/\/sindaopcpb.org.br\/atos-antidemocraticos\/\" class=\"advgb-post-tax-term\">atos antidemocr\u00e1ticos<\/a>","<a href=\"https:\/\/sindaopcpb.org.br\/brasil\/\" class=\"advgb-post-tax-term\">Brasil<\/a>","<a href=\"https:\/\/sindaopcpb.org.br\/exercito\/\" class=\"advgb-post-tax-term\">Ex\u00e9rcito<\/a>","<a href=\"https:\/\/sindaopcpb.org.br\/g1\/\" class=\"advgb-post-tax-term\">G1<\/a>","<a href=\"https:\/\/sindaopcpb.org.br\/investigacao\/\" class=\"advgb-post-tax-term\">investiga\u00e7\u00e3o<\/a>","<a href=\"https:\/\/sindaopcpb.org.br\/kids-pretos\/\" class=\"advgb-post-tax-term\">kids pretos<\/a>","<a href=\"https:\/\/sindaopcpb.org.br\/policia-federal\/\" class=\"advgb-post-tax-term\">Policia Federal<\/a>"],"unlinked":["<span class=\"advgb-post-tax-term\">atos antidemocr\u00e1ticos<\/span>","<span class=\"advgb-post-tax-term\">Brasil<\/span>","<span class=\"advgb-post-tax-term\">Ex\u00e9rcito<\/span>","<span class=\"advgb-post-tax-term\">G1<\/span>","<span class=\"advgb-post-tax-term\">investiga\u00e7\u00e3o<\/span>","<span class=\"advgb-post-tax-term\">kids pretos<\/span>","<span class=\"advgb-post-tax-term\">Policia Federal<\/span>"]},"tags":{"linked":["<a href=\"https:\/\/sindaopcpb.org.br\/policia-federal\/\" class=\"advgb-post-tax-term\">g1<\/a>"],"unlinked":["<span class=\"advgb-post-tax-term\">g1<\/span>"]}},"comment_count":"0","relative_dates":{"created":"Publicado 3 anos atr\u00e1s","modified":"Atualizado 3 anos atr\u00e1s"},"absolute_dates":{"created":"Publicado em 4 de outubro de 2023","modified":"Atualizado em 4 de outubro de 2023"},"absolute_dates_time":{"created":"Publicado em 4 de outubro de 2023 08:11","modified":"Atualizado em 4 de outubro de 2023 08:11"},"featured_img_caption":"","series_order":"","_links":{"self":[{"href":"https:\/\/sindaopcpb.org.br\/index.php\/wp-json\/wp\/v2\/posts\/37324","targetHints":{"allow":["GET"]}}],"collection":[{"href":"https:\/\/sindaopcpb.org.br\/index.php\/wp-json\/wp\/v2\/posts"}],"about":[{"href":"https:\/\/sindaopcpb.org.br\/index.php\/wp-json\/wp\/v2\/types\/post"}],"author":[{"embeddable":true,"href":"https:\/\/sindaopcpb.org.br\/index.php\/wp-json\/wp\/v2\/users\/42"}],"replies":[{"embeddable":true,"href":"https:\/\/sindaopcpb.org.br\/index.php\/wp-json\/wp\/v2\/comments?post=37324"}],"version-history":[{"count":1,"href":"https:\/\/sindaopcpb.org.br\/index.php\/wp-json\/wp\/v2\/posts\/37324\/revisions"}],"predecessor-version":[{"id":37325,"href":"https:\/\/sindaopcpb.org.br\/index.php\/wp-json\/wp\/v2\/posts\/37324\/revisions\/37325"}],"wp:attachment":[{"href":"https:\/\/sindaopcpb.org.br\/index.php\/wp-json\/wp\/v2\/media?parent=37324"}],"wp:term":[{"taxonomy":"category","embeddable":true,"href":"https:\/\/sindaopcpb.org.br\/index.php\/wp-json\/wp\/v2\/categories?post=37324"},{"taxonomy":"post_tag","embeddable":true,"href":"https:\/\/sindaopcpb.org.br\/index.php\/wp-json\/wp\/v2\/tags?post=37324"}],"curies":[{"name":"wp","href":"https:\/\/api.w.org\/{rel}","templated":true}]}}