{"id":37322,"date":"2023-10-04T08:20:13","date_gmt":"2023-10-04T11:20:13","guid":{"rendered":"https:\/\/wpa.wscom.com.br\/?p=925861"},"modified":"2023-10-04T08:20:13","modified_gmt":"2023-10-04T11:20:13","slug":"ataque-a-tiros-em-bar-resulta-na-morte-do-proprietario-e-deixa-funcionaria-ferida-em-joao-pessoa","status":"publish","type":"post","link":"https:\/\/sindaopcpb.org.br\/index.php\/2023\/10\/04\/ataque-a-tiros-em-bar-resulta-na-morte-do-proprietario-e-deixa-funcionaria-ferida-em-joao-pessoa\/","title":{"rendered":"Ataque a tiros em bar resulta na morte do propriet\u00e1rio e deixa funcion\u00e1ria ferida em Jo\u00e3o Pessoa"},"content":{"rendered":"<p>&nbsp;<\/p>\n<p>&nbsp;<\/p>\n<p>Na noite desta ter\u00e7a-feira (4), um bar localizado no bairro de \u00c1gua Fria, em Jo\u00e3o Pessoa, foi alvo de um ataque a tiros que resultou na morte do propriet\u00e1rio, um homem de 43 anos, e deixou uma funcion\u00e1ria, uma mulher de 20 anos, ferida. O crime teria sido perpetrado por duas pessoas durante uma tentativa de assalto, conforme relatos de testemunhas.<\/p>\n<p>O Servi\u00e7o de Atendimento M\u00f3vel de Urg\u00eancia (Samu) foi acionado e prestou socorro ao propriet\u00e1rio, que, no entanto, n\u00e3o resistiu aos ferimentos e veio a falecer durante o atendimento. A funcion\u00e1ria ferida foi encaminhada ao Hospital de Emerg\u00eancia e Trauma de Jo\u00e3o Pessoa, onde passou por procedimentos m\u00e9dicos de emerg\u00eancia. Segundo o boletim m\u00e9dico, seu quadro cl\u00ednico \u00e9 considerado est\u00e1vel e permanece sob observa\u00e7\u00e3o.<\/p>\n<p>O ataque causou p\u00e2nico entre os frequentadores do estabelecimento e moradores da regi\u00e3o. A Pol\u00edcia Civil investiga o caso, buscando identificar os respons\u00e1veis e esclarecer a motiva\u00e7\u00e3o por tr\u00e1s do crime. At\u00e9 o momento do fechamento desta mat\u00e9ria, nenhum suspeito havia sido detido.<\/p>\n<p>O post <a rel=\"nofollow noopener\" href=\"https:\/\/wscom.com.br\/ataque-a-tiros-em-bar-resulta-na-morte-do-proprietario-e-deixa-funcionaria-ferida-em-joao-pessoa\/\" target=\"_blank\">Ataque a tiros em bar resulta na morte do propriet\u00e1rio e deixa funcion\u00e1ria ferida em Jo\u00e3o Pessoa<\/a> apareceu primeiro em <a rel=\"nofollow noopener\" href=\"https:\/\/wscom.com.br\/\" target=\"_blank\">WSCOM<\/a>.<\/p>\n","protected":false},"excerpt":{"rendered":"<p>\u00a0 \u00a0 Na noite desta ter\u00e7a-feira (4), um bar localizado no bairro de \u00c1gua Fria, em Jo\u00e3o Pessoa, foi alvo de um ataque a tiros que resultou na morte do propriet\u00e1rio, um homem de 43 anos, e deixou uma funcion\u00e1ria, uma mulher de 20 anos, ferida. O crime teria sido perpetrado por duas pessoas durante [\u2026]<\/p>\n<p>O post <a rel=\"nofollow\" href=\"https:\/\/wscom.com.br\/ataque-a-tiros-em-bar-resulta-na-morte-do-proprietario-e-deixa-funcionaria-ferida-em-joao-pessoa\/\">Ataque a tiros em bar resulta na morte do propriet\u00e1rio e deixa funcion\u00e1ria ferida em Jo\u00e3o Pessoa<\/a> apareceu primeiro em <a rel=\"nofollow\" href=\"https:\/\/wscom.com.br\/\">WSCOM<\/a>.<\/p>\n","protected":false},"author":42,"featured_media":0,"comment_status":"closed","ping_status":"closed","sticky":false,"template":"","format":"standard","meta":{"advgb_blocks_editor_width":"","advgb_blocks_columns_visual_guide":"","footnotes":""},"categories":[2091,9759,3176,34,71,66],"tags":[35],"class_list":["post-37322","post","type-post","status-publish","format-standard","hentry","category-assalto","category-ataque-a-tiros","category-bar","category-g1","category-joao-pessoa","category-policial","tag-g1"],"author_meta":{"display_name":"Rafael Andrade","author_link":"https:\/\/sindaopcpb.org.br\/author\/rafael-andrade\/"},"featured_img":null,"coauthors":[],"tax_additional":{"categories":{"linked":["<a href=\"https:\/\/sindaopcpb.org.br\/assalto\/\" class=\"advgb-post-tax-term\">assalto<\/a>","<a href=\"https:\/\/sindaopcpb.org.br\/ataque-a-tiros\/\" class=\"advgb-post-tax-term\">Ataque a tiros<\/a>","<a href=\"https:\/\/sindaopcpb.org.br\/bar\/\" class=\"advgb-post-tax-term\">bar<\/a>","<a href=\"https:\/\/sindaopcpb.org.br\/g1\/\" class=\"advgb-post-tax-term\">G1<\/a>","<a href=\"https:\/\/sindaopcpb.org.br\/joao-pessoa\/\" class=\"advgb-post-tax-term\">Jo\u00e3o Pessoa<\/a>","<a href=\"https:\/\/sindaopcpb.org.br\/policial\/\" class=\"advgb-post-tax-term\">Policial<\/a>"],"unlinked":["<span class=\"advgb-post-tax-term\">assalto<\/span>","<span class=\"advgb-post-tax-term\">Ataque a tiros<\/span>","<span class=\"advgb-post-tax-term\">bar<\/span>","<span class=\"advgb-post-tax-term\">G1<\/span>","<span class=\"advgb-post-tax-term\">Jo\u00e3o Pessoa<\/span>","<span class=\"advgb-post-tax-term\">Policial<\/span>"]},"tags":{"linked":["<a href=\"https:\/\/sindaopcpb.org.br\/policial\/\" class=\"advgb-post-tax-term\">g1<\/a>"],"unlinked":["<span class=\"advgb-post-tax-term\">g1<\/span>"]}},"comment_count":"0","relative_dates":{"created":"Publicado 3 anos atr\u00e1s","modified":"Atualizado 3 anos atr\u00e1s"},"absolute_dates":{"created":"Publicado em 4 de outubro de 2023","modified":"Atualizado em 4 de outubro de 2023"},"absolute_dates_time":{"created":"Publicado em 4 de outubro de 2023 08:20","modified":"Atualizado em 4 de outubro de 2023 08:20"},"featured_img_caption":"","series_order":"","_links":{"self":[{"href":"https:\/\/sindaopcpb.org.br\/index.php\/wp-json\/wp\/v2\/posts\/37322","targetHints":{"allow":["GET"]}}],"collection":[{"href":"https:\/\/sindaopcpb.org.br\/index.php\/wp-json\/wp\/v2\/posts"}],"about":[{"href":"https:\/\/sindaopcpb.org.br\/index.php\/wp-json\/wp\/v2\/types\/post"}],"author":[{"embeddable":true,"href":"https:\/\/sindaopcpb.org.br\/index.php\/wp-json\/wp\/v2\/users\/42"}],"replies":[{"embeddable":true,"href":"https:\/\/sindaopcpb.org.br\/index.php\/wp-json\/wp\/v2\/comments?post=37322"}],"version-history":[{"count":1,"href":"https:\/\/sindaopcpb.org.br\/index.php\/wp-json\/wp\/v2\/posts\/37322\/revisions"}],"predecessor-version":[{"id":37323,"href":"https:\/\/sindaopcpb.org.br\/index.php\/wp-json\/wp\/v2\/posts\/37322\/revisions\/37323"}],"wp:attachment":[{"href":"https:\/\/sindaopcpb.org.br\/index.php\/wp-json\/wp\/v2\/media?parent=37322"}],"wp:term":[{"taxonomy":"category","embeddable":true,"href":"https:\/\/sindaopcpb.org.br\/index.php\/wp-json\/wp\/v2\/categories?post=37322"},{"taxonomy":"post_tag","embeddable":true,"href":"https:\/\/sindaopcpb.org.br\/index.php\/wp-json\/wp\/v2\/tags?post=37322"}],"curies":[{"name":"wp","href":"https:\/\/api.w.org\/{rel}","templated":true}]}}