{"id":37303,"date":"2023-10-03T18:44:14","date_gmt":"2023-10-03T21:44:14","guid":{"rendered":"https:\/\/wpa.wscom.com.br\/?p=925807"},"modified":"2023-10-03T18:44:14","modified_gmt":"2023-10-03T21:44:14","slug":"cleo-pires-completa-41-anos-e-se-emociona-com-homenagens-dos-pais","status":"publish","type":"post","link":"https:\/\/sindaopcpb.org.br\/index.php\/2023\/10\/03\/cleo-pires-completa-41-anos-e-se-emociona-com-homenagens-dos-pais\/","title":{"rendered":"Cleo Pires completa 41 anos e se emociona com homenagens dos pais"},"content":{"rendered":"<p class=\"texto\">Cleo Pires completou 41 anos de idade na \u00faltima segunda-feira (2\/10), e ganhou homenagens dos pais, Gloria Pires e F\u00e1bio Jr., nas redes sociais. Atrav\u00e9s do Instagram, a atriz e o cantor fizeram quest\u00e3o de se declarar para a artista, que ficou muito emocionada.<\/p>\n<div id=\"cb-publicidade-retangulo-interna-1\" class=\"pub-ret\" data-google-query-id=\"CNHNhPDr2oEDFcwBuQYdWOUCOg\">\n<p class=\"texto\">Em seu perfil, Gloria Pires publicou uma s\u00e9rie de fotos antigas e atuais ao lado da filha mais velha. Na legenda, a atriz de\u00a0<em>Terra e Paix\u00e3o<\/em>\u00a0escreveu: &#8220;Hoje \u00e9 dia da minha primog\u00eanita, com quem aprendi a ser m\u00e3e. Parab\u00e9ns, filha! Que voc\u00ea siga inspirando e possa colher tudo o quem plantado, te amo!&#8221;, declarou a famosa. &#8220;Awwwn mamaimmmmm. Te amo mais que tudo minha vida todinha!&#8221;, respondeu Cleo.<\/p>\n<\/div>\n<p>&nbsp;<\/p>\n<blockquote class=\"instagram-media\" style=\"background: #FFF; border: 0; border-radius: 3px; box-shadow: 0 0 1px 0 rgba(0,0,0,0.5),0 1px 10px 0 rgba(0,0,0,0.15); margin: 1px; max-width: 540px; min-width: 326px; padding: 0; width: calc(100% - 2px);\" data-instgrm-captioned=\"\" data-instgrm-permalink=\"https:\/\/www.instagram.com\/p\/Cx5kWM2roww\/?utm_source=ig_embed&amp;utm_campaign=loading\" data-instgrm-version=\"14\">\n<div style=\"padding: 16px;\">\n<p>&nbsp;<\/p>\n<div style=\"display: flex; flex-direction: row; align-items: center;\">\n<div style=\"background-color: #f4f4f4; border-radius: 50%; flex-grow: 0; height: 40px; margin-right: 14px; width: 40px;\"><\/div>\n<div style=\"display: flex; flex-direction: column; flex-grow: 1; justify-content: center;\">\n<div style=\"background-color: #f4f4f4; border-radius: 4px; flex-grow: 0; height: 14px; margin-bottom: 6px; width: 100px;\"><\/div>\n<div style=\"background-color: #f4f4f4; border-radius: 4px; flex-grow: 0; height: 14px; width: 60px;\"><\/div>\n<\/div>\n<\/div>\n<div style=\"padding: 19% 0;\"><\/div>\n<div style=\"display: block; height: 50px; margin: 0 auto 12px; width: 50px;\"><\/div>\n<div style=\"padding-top: 8px;\">\n<div style=\"color: #3897f0; font-family: Arial,sans-serif; font-size: 14px; font-style: normal; font-weight: 550; line-height: 18px;\">Ver essa foto no Instagram<\/div>\n<\/div>\n<div style=\"padding: 12.5% 0;\"><\/div>\n<div style=\"display: flex; flex-direction: row; margin-bottom: 14px; align-items: center;\">\n<div>\n<div style=\"background-color: #f4f4f4; border-radius: 50%; height: 12.5px; width: 12.5px; transform: translateX(0px) translateY(7px);\"><\/div>\n<div style=\"background-color: #f4f4f4; height: 12.5px; transform: rotate(-45deg) translateX(3px) translateY(1px); width: 12.5px; flex-grow: 0; margin-right: 14px; margin-left: 2px;\"><\/div>\n<div style=\"background-color: #f4f4f4; border-radius: 50%; height: 12.5px; width: 12.5px; transform: translateX(9px) translateY(-18px);\"><\/div>\n<\/div>\n<div style=\"margin-left: 8px;\">\n<div style=\"background-color: #f4f4f4; border-radius: 50%; flex-grow: 0; height: 20px; width: 20px;\"><\/div>\n<div style=\"width: 0; height: 0; border-top: 2px solid transparent; border-left: 6px solid #f4f4f4; border-bottom: 2px solid transparent; transform: translateX(16px) translateY(-4px) rotate(30deg);\"><\/div>\n<\/div>\n<div style=\"margin-left: auto;\">\n<div style=\"width: 0px; border-top: 8px solid #F4F4F4; border-right: 8px solid transparent; transform: translateY(16px);\"><\/div>\n<div style=\"background-color: #f4f4f4; flex-grow: 0; height: 12px; width: 16px; transform: translateY(-4px);\"><\/div>\n<div style=\"width: 0; height: 0; border-top: 8px solid #F4F4F4; border-left: 8px solid transparent; transform: translateY(-4px) translateX(8px);\"><\/div>\n<\/div>\n<\/div>\n<div style=\"display: flex; flex-direction: column; flex-grow: 1; justify-content: center; margin-bottom: 24px;\">\n<div style=\"background-color: #f4f4f4; border-radius: 4px; flex-grow: 0; height: 14px; margin-bottom: 6px; width: 224px;\"><\/div>\n<div style=\"background-color: #f4f4f4; border-radius: 4px; flex-grow: 0; height: 14px; width: 144px;\"><\/div>\n<\/div>\n<p>&nbsp;<\/p>\n<p style=\"color: #c9c8cd; font-family: Arial,sans-serif; font-size: 14px; line-height: 17px; margin-bottom: 0; margin-top: 8px; overflow: hidden; padding: 8px 0 7px; text-align: center; text-overflow: ellipsis; white-space: nowrap;\"><a style=\"color: #c9c8cd; font-family: Arial,sans-serif; font-size: 14px; font-style: normal; font-weight: normal; line-height: 17px; text-decoration: none;\" href=\"https:\/\/www.instagram.com\/p\/Cx5kWM2roww\/?utm_source=ig_embed&amp;utm_campaign=loading\" rel=\"noopener nofollow\" target=\"_blank\">Uma publica\u00e7\u00e3o compartilhada por Gloria Pires (@gpiresoficial)<\/a><\/p>\n<\/div>\n<\/blockquote>\n<p><script async src=\"https:\/\/www.instagram.com\/embed.js\"><\/script><\/p>\n<p>&nbsp;<\/p>\n<div id=\"cb-publicidade-retangulo-interna-1\" class=\"pub-ret\" data-google-query-id=\"CNHNhPDr2oEDFcwBuQYdWOUCOg\">\n<p class=\"texto\">J\u00e1 F\u00e1bio Jr, reuniu diversos registros ao lado da filha em um v\u00eddeo emocionante. Como trilha sonora, ele usou a can\u00e7\u00e3o\u00a0<em>Voc\u00ea vem vindo<\/em>, que dedicou especialmente para Cleo.<\/p>\n<p class=\"texto\">&#8220;Filhotaaa! Quando voc\u00ea ainda &#8216;estava vindo&#8217;, eu s\u00f3 imaginava como seria ter voc\u00ea aqui e como eu disse nessa letra: &#8216;Voc\u00ea veio com a m\u00e1xima poesia no olhar, veio com tudo, com a sina do brilho do sol, t\u00e3o linda e t\u00e3o bem vinda!&#8217;. Parab\u00e9ns filha! Te amo muit\u00e3o! Tenho muito orgulho de voc\u00ea, viu?! Deus te aben\u00e7oe, te proteja, te ilumine e te oriente sempre. Papai F\u00e1bio&#8221;, escreveu. &#8220;Pai, te amo demais&#8221;, respondeu a cantora.<\/p>\n<\/div>\n<p>&nbsp;<\/p>\n<blockquote class=\"instagram-media\" style=\"background: #FFF; border: 0; border-radius: 3px; box-shadow: 0 0 1px 0 rgba(0,0,0,0.5),0 1px 10px 0 rgba(0,0,0,0.15); margin: 1px; max-width: 540px; min-width: 326px; padding: 0; width: calc(100% - 2px);\" data-instgrm-captioned=\"\" data-instgrm-permalink=\"https:\/\/www.instagram.com\/reel\/Cx6NT2susd4\/?utm_source=ig_embed&amp;utm_campaign=loading\" data-instgrm-version=\"14\">\n<div style=\"padding: 16px;\">\n<p>&nbsp;<\/p>\n<div style=\"display: flex; flex-direction: row; align-items: center;\">\n<div style=\"background-color: #f4f4f4; border-radius: 50%; flex-grow: 0; height: 40px; margin-right: 14px; width: 40px;\"><\/div>\n<div style=\"display: flex; flex-direction: column; flex-grow: 1; justify-content: center;\">\n<div style=\"background-color: #f4f4f4; border-radius: 4px; flex-grow: 0; height: 14px; margin-bottom: 6px; width: 100px;\"><\/div>\n<div style=\"background-color: #f4f4f4; border-radius: 4px; flex-grow: 0; height: 14px; width: 60px;\"><\/div>\n<\/div>\n<\/div>\n<div style=\"padding: 19% 0;\"><\/div>\n<div style=\"display: block; height: 50px; margin: 0 auto 12px; width: 50px;\"><\/div>\n<div style=\"padding-top: 8px;\">\n<div style=\"color: #3897f0; font-family: Arial,sans-serif; font-size: 14px; font-style: normal; font-weight: 550; line-height: 18px;\">Ver essa foto no Instagram<\/div>\n<\/div>\n<div style=\"padding: 12.5% 0;\"><\/div>\n<div style=\"display: flex; flex-direction: row; margin-bottom: 14px; align-items: center;\">\n<div>\n<div style=\"background-color: #f4f4f4; border-radius: 50%; height: 12.5px; width: 12.5px; transform: translateX(0px) translateY(7px);\"><\/div>\n<div style=\"background-color: #f4f4f4; height: 12.5px; transform: rotate(-45deg) translateX(3px) translateY(1px); width: 12.5px; flex-grow: 0; margin-right: 14px; margin-left: 2px;\"><\/div>\n<div style=\"background-color: #f4f4f4; border-radius: 50%; height: 12.5px; width: 12.5px; transform: translateX(9px) translateY(-18px);\"><\/div>\n<\/div>\n<div style=\"margin-left: 8px;\">\n<div style=\"background-color: #f4f4f4; border-radius: 50%; flex-grow: 0; height: 20px; width: 20px;\"><\/div>\n<div style=\"width: 0; height: 0; border-top: 2px solid transparent; border-left: 6px solid #f4f4f4; border-bottom: 2px solid transparent; transform: translateX(16px) translateY(-4px) rotate(30deg);\"><\/div>\n<\/div>\n<div style=\"margin-left: auto;\">\n<div style=\"width: 0px; border-top: 8px solid #F4F4F4; border-right: 8px solid transparent; transform: translateY(16px);\"><\/div>\n<div style=\"background-color: #f4f4f4; flex-grow: 0; height: 12px; width: 16px; transform: translateY(-4px);\"><\/div>\n<div style=\"width: 0; height: 0; border-top: 8px solid #F4F4F4; border-left: 8px solid transparent; transform: translateY(-4px) translateX(8px);\"><\/div>\n<\/div>\n<\/div>\n<div style=\"display: flex; flex-direction: column; flex-grow: 1; justify-content: center; margin-bottom: 24px;\">\n<div style=\"background-color: #f4f4f4; border-radius: 4px; flex-grow: 0; height: 14px; margin-bottom: 6px; width: 224px;\"><\/div>\n<div style=\"background-color: #f4f4f4; border-radius: 4px; flex-grow: 0; height: 14px; width: 144px;\"><\/div>\n<\/div>\n<p>&nbsp;<\/p>\n<p style=\"color: #c9c8cd; font-family: Arial,sans-serif; font-size: 14px; line-height: 17px; margin-bottom: 0; margin-top: 8px; overflow: hidden; padding: 8px 0 7px; text-align: center; text-overflow: ellipsis; white-space: nowrap;\"><a style=\"color: #c9c8cd; font-family: Arial,sans-serif; font-size: 14px; font-style: normal; font-weight: normal; line-height: 17px; text-decoration: none;\" href=\"https:\/\/www.instagram.com\/reel\/Cx6NT2susd4\/?utm_source=ig_embed&amp;utm_campaign=loading\" rel=\"noopener nofollow\" target=\"_blank\">Uma publica\u00e7\u00e3o compartilhada por Fa\u0301bio Jr (@fabiojroficial)<\/a><\/p>\n<\/div>\n<\/blockquote>\n<p><script async src=\"https:\/\/www.instagram.com\/embed.js\"><\/script><\/p>\n<p>&nbsp;<\/p>\n<div id=\"cb-publicidade-retangulo-interna-1\" class=\"pub-ret\" data-google-query-id=\"CNHNhPDr2oEDFcwBuQYdWOUCOg\">\n<p class=\"texto\">Muito querida, Cleo tamb\u00e9m ganhou uma homenagem do padrasto, Orlando Morais, atual marido de Gloria Pires. Em seu Instagram, o m\u00fasico publicou uma foto da famosa e na legenda, deixou um texto pra l\u00e1 de carinhoso para ela.<\/p>\n<p class=\"texto\">&#8220;Hoje \u00e9 anivers\u00e1rio dessa filha amada do meu cora\u00e7\u00e3o. Cleo \u00e9 a certeza de que existe o amor puro e verdadeiro. Cleo chegou, pulou nos meus bra\u00e7os, mergulhou no meu cora\u00e7\u00e3o, me olhou com os olhinhos mais lindos e me chamou de Pai. N\u00e3o combinamos nada, o destino nos confidenciou o segredo de termos mais do que o mesmo sangue, temos o respeito de almas eternamente gratas pelo encontro&#8221;, iniciou ele.<\/p>\n<p class=\"texto\">Orlando prosseguiu: &#8220;Ainda me lembro de tirar seus primeiros dentes-de-leite, de dan\u00e7ar quadrilha na escola, de andar gargalhando na rua e brincando de amarelinha. Somos um do outro, somos pai e filha, somos um jardim florido e florindo a cada esta\u00e7\u00e3o. Obrigado por existir na minha vida e me ensinar tanto. Te amo filhinha&#8221;, finalizou.<\/p>\n<\/div>\n<p>&nbsp;<\/p>\n<blockquote class=\"instagram-media\" style=\"background: #FFF; border: 0; border-radius: 3px; box-shadow: 0 0 1px 0 rgba(0,0,0,0.5),0 1px 10px 0 rgba(0,0,0,0.15); margin: 1px; max-width: 540px; min-width: 326px; padding: 0; width: calc(100% - 2px);\" data-instgrm-captioned=\"\" data-instgrm-permalink=\"https:\/\/www.instagram.com\/p\/Cx5I3wbuo_J\/?utm_source=ig_embed&amp;utm_campaign=loading\" data-instgrm-version=\"14\">\n<div style=\"padding: 16px;\">\n<p>&nbsp;<\/p>\n<div style=\"display: flex; flex-direction: row; align-items: center;\">\n<div style=\"background-color: #f4f4f4; border-radius: 50%; flex-grow: 0; height: 40px; margin-right: 14px; width: 40px;\"><\/div>\n<div style=\"display: flex; flex-direction: column; flex-grow: 1; justify-content: center;\">\n<div style=\"background-color: #f4f4f4; border-radius: 4px; flex-grow: 0; height: 14px; margin-bottom: 6px; width: 100px;\"><\/div>\n<div style=\"background-color: #f4f4f4; border-radius: 4px; flex-grow: 0; height: 14px; width: 60px;\"><\/div>\n<\/div>\n<\/div>\n<div style=\"padding: 19% 0;\"><\/div>\n<div style=\"display: block; height: 50px; margin: 0 auto 12px; width: 50px;\"><\/div>\n<div style=\"padding-top: 8px;\">\n<div style=\"color: #3897f0; font-family: Arial,sans-serif; font-size: 14px; font-style: normal; font-weight: 550; line-height: 18px;\">Ver essa foto no Instagram<\/div>\n<\/div>\n<div style=\"padding: 12.5% 0;\"><\/div>\n<div style=\"display: flex; flex-direction: row; margin-bottom: 14px; align-items: center;\">\n<div>\n<div style=\"background-color: #f4f4f4; border-radius: 50%; height: 12.5px; width: 12.5px; transform: translateX(0px) translateY(7px);\"><\/div>\n<div style=\"background-color: #f4f4f4; height: 12.5px; transform: rotate(-45deg) translateX(3px) translateY(1px); width: 12.5px; flex-grow: 0; margin-right: 14px; margin-left: 2px;\"><\/div>\n<div style=\"background-color: #f4f4f4; border-radius: 50%; height: 12.5px; width: 12.5px; transform: translateX(9px) translateY(-18px);\"><\/div>\n<\/div>\n<div style=\"margin-left: 8px;\">\n<div style=\"background-color: #f4f4f4; border-radius: 50%; flex-grow: 0; height: 20px; width: 20px;\"><\/div>\n<div style=\"width: 0; height: 0; border-top: 2px solid transparent; border-left: 6px solid #f4f4f4; border-bottom: 2px solid transparent; transform: translateX(16px) translateY(-4px) rotate(30deg);\"><\/div>\n<\/div>\n<div style=\"margin-left: auto;\">\n<div style=\"width: 0px; border-top: 8px solid #F4F4F4; border-right: 8px solid transparent; transform: translateY(16px);\"><\/div>\n<div style=\"background-color: #f4f4f4; flex-grow: 0; height: 12px; width: 16px; transform: translateY(-4px);\"><\/div>\n<div style=\"width: 0; height: 0; border-top: 8px solid #F4F4F4; border-left: 8px solid transparent; transform: translateY(-4px) translateX(8px);\"><\/div>\n<\/div>\n<\/div>\n<div style=\"display: flex; flex-direction: column; flex-grow: 1; justify-content: center; margin-bottom: 24px;\">\n<div style=\"background-color: #f4f4f4; border-radius: 4px; flex-grow: 0; height: 14px; margin-bottom: 6px; width: 224px;\"><\/div>\n<div style=\"background-color: #f4f4f4; border-radius: 4px; flex-grow: 0; height: 14px; width: 144px;\"><\/div>\n<\/div>\n<p>&nbsp;<\/p>\n<p style=\"color: #c9c8cd; font-family: Arial,sans-serif; font-size: 14px; line-height: 17px; margin-bottom: 0; margin-top: 8px; overflow: hidden; padding: 8px 0 7px; text-align: center; text-overflow: ellipsis; white-space: nowrap;\"><a style=\"color: #c9c8cd; font-family: Arial,sans-serif; font-size: 14px; font-style: normal; font-weight: normal; line-height: 17px; text-decoration: none;\" href=\"https:\/\/www.instagram.com\/p\/Cx5I3wbuo_J\/?utm_source=ig_embed&amp;utm_campaign=loading\" rel=\"noopener nofollow\" target=\"_blank\">Uma publica\u00e7\u00e3o compartilhada por Orlando Morais (@orlandomorais62)<\/a><\/p>\n<\/div>\n<\/blockquote>\n<p><script async src=\"https:\/\/www.instagram.com\/embed.js\"><\/script><\/p>\n<p>&nbsp;<\/p>\n<div id=\"cb-publicidade-retangulo-interna-1\" class=\"pub-ret\" data-google-query-id=\"CNHNhPDr2oEDFcwBuQYdWOUCOg\">\n<p class=\"texto\">O post\u00a0<a href=\"https:\/\/observatoriodosfamosos.uol.com.br\/noticias\/cleo-completa-41-anos-e-se-emociona-com-homenagens-dos-pais-gloria-pires-e-fabio-jr\" rel=\"nofollow noopener\" target=\"_blank\">Cleo completa 41 anos e se emociona com homenagens dos pais<\/a>\u00a0foi publicado primeiro em\u00a0<a href=\"https:\/\/observatoriodosfamosos.uol.com.br\/\" rel=\"nofollow noopener\" target=\"_blank\">Observat\u00f3rio dos Famosos<\/a>.<\/p>\n<\/div>\n<p>O post <a rel=\"nofollow noopener\" href=\"https:\/\/wscom.com.br\/cleo-pires-completa-41-anos-e-se-emociona-com-homenagens-dos-pais\/\" target=\"_blank\">Cleo Pires completa 41 anos e se emociona com homenagens dos pais<\/a> apareceu primeiro em <a rel=\"nofollow noopener\" href=\"https:\/\/wscom.com.br\/\" target=\"_blank\">WSCOM<\/a>.<\/p>\n","protected":false},"excerpt":{"rendered":"<p>Cleo Pires completou 41 anos de idade na \u00faltima segunda-feira (2\/10), e ganhou homenagens dos pais, Gloria Pires e F\u00e1bio Jr., nas redes sociais. Atrav\u00e9s do Instagram, a atriz e o cantor fizeram quest\u00e3o de se declarar para a artista, que ficou muito emocionada. Em seu perfil, Gloria Pires publicou uma s\u00e9rie de fotos antigas [\u2026]<\/p>\n<p>O post <a rel=\"nofollow\" href=\"https:\/\/wscom.com.br\/cleo-pires-completa-41-anos-e-se-emociona-com-homenagens-dos-pais\/\">Cleo Pires completa 41 anos e se emociona com homenagens dos pais<\/a> apareceu primeiro em <a rel=\"nofollow\" href=\"https:\/\/wscom.com.br\/\">WSCOM<\/a>.<\/p>\n","protected":false},"author":49,"featured_media":0,"comment_status":"closed","ping_status":"closed","sticky":false,"template":"","format":"standard","meta":{"advgb_blocks_editor_width":"","advgb_blocks_columns_visual_guide":"","footnotes":""},"categories":[436,9753,9754,34,9755,9756],"tags":[35],"class_list":["post-37303","post","type-post","status-publish","format-standard","hentry","category-celebridades","category-cleo-pires","category-fabio-jr","category-g1","category-gloria-pires","category-orlando-morais","tag-g1"],"author_meta":{"display_name":"Cristiane Cavalcante","author_link":"https:\/\/sindaopcpb.org.br\/author\/cristiane-cavalcante\/"},"featured_img":null,"coauthors":[],"tax_additional":{"categories":{"linked":["<a href=\"https:\/\/sindaopcpb.org.br\/celebridades\/\" class=\"advgb-post-tax-term\">Celebridades<\/a>","<a href=\"https:\/\/sindaopcpb.org.br\/cleo-pires\/\" class=\"advgb-post-tax-term\">cleo pires<\/a>","<a href=\"https:\/\/sindaopcpb.org.br\/fabio-jr\/\" class=\"advgb-post-tax-term\">F\u00e1bio Jr<\/a>","<a href=\"https:\/\/sindaopcpb.org.br\/g1\/\" class=\"advgb-post-tax-term\">G1<\/a>","<a href=\"https:\/\/sindaopcpb.org.br\/gloria-pires\/\" class=\"advgb-post-tax-term\">gloria pires<\/a>","<a href=\"https:\/\/sindaopcpb.org.br\/orlando-morais\/\" class=\"advgb-post-tax-term\">Orlando Morais<\/a>"],"unlinked":["<span class=\"advgb-post-tax-term\">Celebridades<\/span>","<span class=\"advgb-post-tax-term\">cleo pires<\/span>","<span class=\"advgb-post-tax-term\">F\u00e1bio Jr<\/span>","<span class=\"advgb-post-tax-term\">G1<\/span>","<span class=\"advgb-post-tax-term\">gloria pires<\/span>","<span class=\"advgb-post-tax-term\">Orlando Morais<\/span>"]},"tags":{"linked":["<a href=\"https:\/\/sindaopcpb.org.br\/orlando-morais\/\" class=\"advgb-post-tax-term\">g1<\/a>"],"unlinked":["<span class=\"advgb-post-tax-term\">g1<\/span>"]}},"comment_count":"0","relative_dates":{"created":"Publicado 3 anos atr\u00e1s","modified":"Atualizado 3 anos atr\u00e1s"},"absolute_dates":{"created":"Publicado em 3 de outubro de 2023","modified":"Atualizado em 3 de outubro de 2023"},"absolute_dates_time":{"created":"Publicado em 3 de outubro de 2023 18:44","modified":"Atualizado em 3 de outubro de 2023 18:44"},"featured_img_caption":"","series_order":"","_links":{"self":[{"href":"https:\/\/sindaopcpb.org.br\/index.php\/wp-json\/wp\/v2\/posts\/37303","targetHints":{"allow":["GET"]}}],"collection":[{"href":"https:\/\/sindaopcpb.org.br\/index.php\/wp-json\/wp\/v2\/posts"}],"about":[{"href":"https:\/\/sindaopcpb.org.br\/index.php\/wp-json\/wp\/v2\/types\/post"}],"author":[{"embeddable":true,"href":"https:\/\/sindaopcpb.org.br\/index.php\/wp-json\/wp\/v2\/users\/49"}],"replies":[{"embeddable":true,"href":"https:\/\/sindaopcpb.org.br\/index.php\/wp-json\/wp\/v2\/comments?post=37303"}],"version-history":[{"count":1,"href":"https:\/\/sindaopcpb.org.br\/index.php\/wp-json\/wp\/v2\/posts\/37303\/revisions"}],"predecessor-version":[{"id":37304,"href":"https:\/\/sindaopcpb.org.br\/index.php\/wp-json\/wp\/v2\/posts\/37303\/revisions\/37304"}],"wp:attachment":[{"href":"https:\/\/sindaopcpb.org.br\/index.php\/wp-json\/wp\/v2\/media?parent=37303"}],"wp:term":[{"taxonomy":"category","embeddable":true,"href":"https:\/\/sindaopcpb.org.br\/index.php\/wp-json\/wp\/v2\/categories?post=37303"},{"taxonomy":"post_tag","embeddable":true,"href":"https:\/\/sindaopcpb.org.br\/index.php\/wp-json\/wp\/v2\/tags?post=37303"}],"curies":[{"name":"wp","href":"https:\/\/api.w.org\/{rel}","templated":true}]}}