{"id":37294,"date":"2023-10-03T18:41:00","date_gmt":"2023-10-03T21:41:00","guid":{"rendered":"https:\/\/www.infomoney.com.br\/?p=2259730"},"modified":"2023-10-03T18:41:00","modified_gmt":"2023-10-03T21:41:00","slug":"fpa-quer-retirar-a-agricultura-do-pl-do-mercado-de-carbono-no-senado","status":"publish","type":"post","link":"https:\/\/sindaopcpb.org.br\/index.php\/2023\/10\/03\/fpa-quer-retirar-a-agricultura-do-pl-do-mercado-de-carbono-no-senado\/","title":{"rendered":"FPA quer retirar a agricultura do PL do mercado de carbono no Senado"},"content":{"rendered":"<p><img loading=\"lazy\" width=\"300\" height=\"199\" src=\"https:\/\/www.infomoney.com.br\/wp-content\/uploads\/2019\/06\/congresso-.jpg?fit=300%2C199&amp;quality=70&amp;strip=all\" class=\"attachment-medium size-medium wp-post-image\" alt=\"\" decoding=\"async\" style=\"float:right; margin:0 0 10px 10px;\" srcset=\"https:\/\/www.infomoney.com.br\/wp-content\/uploads\/2019\/06\/congresso-.jpg?w=754&amp;quality=70&amp;strip=all 754w, https:\/\/www.infomoney.com.br\/wp-content\/uploads\/2019\/06\/congresso-.jpg?w=300&amp;quality=70&amp;strip=all 300w, https:\/\/www.infomoney.com.br\/wp-content\/uploads\/2019\/06\/congresso-.jpg?w=150&amp;quality=70&amp;strip=all 150w\" sizes=\"auto, (max-width: 300px) 100vw, 300px\" data-attachment-id=\"55150\" data-permalink=\"https:\/\/www.infomoney.com.br\/congresso-2\/\" data-orig-file=\"https:\/\/www.infomoney.com.br\/wp-content\/uploads\/2019\/06\/congresso-.jpg?fit=754%2C500&amp;quality=70&amp;strip=all\" data-orig-size=\"754,500\" data-comments-opened=\"1\" data-image-meta=\"{&quot;aperture&quot;:&quot;0&quot;,&quot;credit&quot;:&quot;&quot;,&quot;camera&quot;:&quot;&quot;,&quot;caption&quot;:&quot;&quot;,&quot;created_timestamp&quot;:&quot;0&quot;,&quot;copyright&quot;:&quot;&quot;,&quot;focal_length&quot;:&quot;0&quot;,&quot;iso&quot;:&quot;0&quot;,&quot;shutter_speed&quot;:&quot;0&quot;,&quot;title&quot;:&quot;&quot;,&quot;orientation&quot;:&quot;0&quot;}\" data-image-title=\"congresso-\" data-image-description=\"\" data-image-caption=\"\" data-medium-file=\"https:\/\/www.infomoney.com.br\/wp-content\/uploads\/2019\/06\/congresso-.jpg?fit=300%2C199&amp;quality=70&amp;strip=all\" data-large-file=\"https:\/\/www.infomoney.com.br\/wp-content\/uploads\/2019\/06\/congresso-.jpg?fit=754%2C500&amp;quality=70&amp;strip=all\" title=\"\"><\/p>\n<p>A Frente Parlamentar da Agropecu&aacute;ria (FPA) quer retirar a agropecu&aacute;ria do projeto de lei 412\/2022, que regulamenta o mercado brasileiro de redu&ccedil;&atilde;o de emiss&otilde;es (MBRE), chamado de PL do mercado de carbono. &ldquo;Temos um ativo ambiental muito grande, mas o mundo n&atilde;o quer pagar pelo que est&aacute; ali retido na floresta e sim quer pagar pela eventual mitiga&ccedil;&atilde;o em nova &aacute;rvore que venha a se plantar&rdquo;, disse o deputado federal Sergio Souza (MDB-PR) em coletiva de imprensa ap&oacute;s reuni&atilde;o semanal da bancada.<\/p>\n<p>&ldquo;Temos um grande desafio pela frente que &eacute; fazer valer o que de fato temos hoje de agricultura sustent&aacute;vel, com C&oacute;digo Florestal, pr&aacute;ticas agr&iacute;colas como agricultura de baixo carbono, plantio direto. A ideia &eacute; retirar agricultura do projeto que est&aacute; no Senado e trabalhar (regulamenta&ccedil;&atilde;o) em paralelo&rdquo;, acrescentou. O relat&oacute;rio da senadora Leila Barros (PDT-DF) deve ser votado amanh&atilde; na Comiss&atilde;o de Meio Ambiente (CMA) do Senado.<\/p>\n<p>A bancada ruralista quer abordar a agropecu&aacute;ria dentro do mercado de carbono regulado sob o &acirc;mbito do projeto de lei 7.578\/2017, que tramita na C&acirc;mara dos Deputados. Segundo Souza, o texto da C&acirc;mara inclui compensa&ccedil;&atilde;o financeira ao produtor para manuten&ccedil;&atilde;o da vegeta&ccedil;&atilde;o que j&aacute; possui na propriedade, como em &aacute;reas de preserva&ccedil;&atilde;o permanente e reservas legais. &ldquo;O projeto calcula o ativo ambiental que j&aacute; tem na propriedade. Ele calcula quantas toneladas de carbono tem retidas na propriedade e transforma em t&iacute;tulo no mercado com valor financeiro. Algu&eacute;m compraria esse t&iacute;tulo e pagaria para ele manter a floresta em p&eacute;&rdquo;, explicou Souza.<\/p>\n<p>De acordo com o deputado, os projetos sobre mercado de carbono em andamento tanto na C&acirc;mara quanto no Senado ainda n&atilde;o englobam a compensa&ccedil;&atilde;o pelas boas pr&aacute;ticas de cultivo, como o plantio direto. &ldquo;N&atilde;o tem interpreta&ccedil;&atilde;o fora do Brasil sobre plantio direto. Portanto, h&aacute; dificuldade em achar algu&eacute;m que possa comprar esse cr&eacute;dito&rdquo;, destacou, mencionando ser uma quest&atilde;o a ser inclu&iacute;da futuramente.<\/p>\n<\/p>\n<div class=\"cta-end\">\n<div class=\"im-cta\" >\n<div class=\"im-shortcode-forms bg-light bg-opacity-25 border rounded-4 p-3 p-sm-4 p-md-3 p-lg-4 px-xxl-5 my-5\" data-configuration='{\"form_name\":false,\"form_hat\":\"Newsletter\",\"form_email\":true,\"form_icon\":\"newsletter\",\"form_phone\":false,\"form_campaign\":\"NIM\",\"form_thankyou\":\"\",\"form_journey\":\"APIEvent-26a5198d-8e09-06ef-5f80-cd9127757ad1\",\"form_button\":\"Quero receber\",\"form_context\":\"newsletter\",\"form_origin\":\"https:\\\/\\\/www.infomoney.com.br\\\/politica\\\/feed\\\/?utm_medium=materia&#038;utm_source=infomoney&#038;utm_campaign=NIM&#038;utm_term=politica&#038;utm_content=newsletter\",\"form_position\":\"final\",\"form_category\":\"cta_form\"}'>\n<div class=\"d-flex flex-column align-items-center align-items-lg-start mb-4 flex-lg-row\">\n<div class=\"rounded-circle mb-2 mb-lg-0 mr-lg-4 me-lg-4 p-3 p-lg-4 bg-blue-400\"><svg width=\"40\" height=\"40\" viewBox=\"0 0 40 40\" fill=\"none\" xmlns=\"http:\/\/www.w3.org\/2000\/svg\"><path d=\"M20 20.25 6.042 11.042v19.041c0 .167.048.299.146.396a.535.535 0 0 0 .395.146h15.792V32.5H6.583a2.328 2.328 0 0 1-1.708-.708 2.328 2.328 0 0 1-.708-1.709V9.917c0-.667.236-1.236.708-1.709A2.328 2.328 0 0 1 6.583 7.5h26.834c.666 0 1.236.236 1.708.708a2.33 2.33 0 0 1 .708 1.709v12.458h-1.875V11.042L20 20.25Zm0-2 13.667-8.875H6.333L20 18.25Zm11.75 18.958-1.292-1.333 3.334-3.375h-9v-1.875h9l-3.375-3.417 1.333-1.291 5.667 5.625-5.667 5.666ZM6.042 11.042v20.791-9.458.25-13.25 1.667Z\" fill=\"#fff\"\/><\/svg><\/div>\n<div class=\"flex-fill text-center text-lg-left\">\n<div class=\"h6 small text-orange-700 lh-base mb-1\">Newsletter<\/div>\n<div class=\"text-body h4 m-0\">Infomorning<\/div>\n<div class=\"text-body small lh-base mt-2\">Receba no seu e-mail logo pela manh&atilde; as not&iacute;cias que v&atilde;o mexer com os mercados, com os seus investimentos e o seu bolso durante o dia<\/div>\n<\/div>\n<\/div>\n<\/div>\n<\/div>\n<\/div>\n<p>The post <a rel=\"nofollow noopener\" href=\"https:\/\/www.infomoney.com.br\/politica\/fpa-quer-retirar-a-agricultura-do-pl-do-mercado-de-carbono-no-senado\/\" target=\"_blank\">FPA quer retirar a agricultura do PL do mercado de carbono no Senado<\/a> appeared first on <a rel=\"nofollow noopener\" href=\"https:\/\/www.infomoney.com.br\/\" target=\"_blank\">InfoMoney<\/a>.<\/p>\n","protected":false},"excerpt":{"rendered":"<p><img loading=\"lazy\" decoding=\"async\" width=\"300\" height=\"199\" src=\"https:\/\/www.infomoney.com.br\/wp-content\/uploads\/2019\/06\/congresso-.jpg?fit=300%2C199&amp;quality=70&amp;strip=all\" class=\"attachment-medium size-medium wp-post-image\" alt=\"\" data-attachment-id=\"55150\" data-permalink=\"https:\/\/www.infomoney.com.br\/congresso-2\/\" data-orig-file=\"https:\/\/www.infomoney.com.br\/wp-content\/uploads\/2019\/06\/congresso-.jpg?fit=754%2C500&amp;quality=70&amp;strip=all\" data-orig-size=\"754,500\" data-comments-opened=\"1\" data-image-meta='{\"aperture\":\"0\",\"credit\":\"\",\"camera\":\"\",\"caption\":\"\",\"created_timestamp\":\"0\",\"copyright\":\"\",\"focal_length\":\"0\",\"iso\":\"0\",\"shutter_speed\":\"0\",\"title\":\"\",\"orientation\":\"0\"}' data-image-title=\"congresso-\" data-image-description=\"\" data-image-caption=\"\" data-medium-file=\"https:\/\/www.infomoney.com.br\/wp-content\/uploads\/2019\/06\/congresso-.jpg?fit=300%2C199&amp;quality=70&amp;strip=all\" data-large-file=\"https:\/\/www.infomoney.com.br\/wp-content\/uploads\/2019\/06\/congresso-.jpg?fit=754%2C500&amp;quality=70&amp;strip=all\">De acordo com deputado S\u00e9rgio Souza, projetos sobre mercado de carbono no Legislativo ainda n\u00e3o englobam a compensa\u00e7\u00e3o pelas boas pr\u00e1ticas de cultivo<\/p>\n<p>The post <a rel=\"nofollow\" href=\"https:\/\/www.infomoney.com.br\/politica\/fpa-quer-retirar-a-agricultura-do-pl-do-mercado-de-carbono-no-senado\/\">FPA quer retirar a agricultura do PL do mercado de carbono no Senado<\/a> appeared first on <a rel=\"nofollow\" href=\"https:\/\/www.infomoney.com.br\/\">InfoMoney<\/a>.<\/p>\n","protected":false},"author":43,"featured_media":0,"comment_status":"closed","ping_status":"closed","sticky":false,"template":"","format":"standard","meta":{"advgb_blocks_editor_width":"","advgb_blocks_columns_visual_guide":"","footnotes":""},"categories":[276,8593,9750,34,47,403],"tags":[35],"class_list":["post-37294","post","type-post","status-publish","format-standard","hentry","category-camara-dos-deputados","category-creditos-de-carbono","category-frente-parlamentar-agropecuaria","category-g1","category-politica","category-senado","tag-g1"],"author_meta":{"display_name":"Estad\u00e3o Conte\u00fado","author_link":"https:\/\/sindaopcpb.org.br\/author\/estadao-conteudo\/"},"featured_img":null,"coauthors":[],"tax_additional":{"categories":{"linked":["<a href=\"https:\/\/sindaopcpb.org.br\/camara-dos-deputados\/\" class=\"advgb-post-tax-term\">C\u00e2mara dos Deputados<\/a>","<a href=\"https:\/\/sindaopcpb.org.br\/creditos-de-carbono\/\" class=\"advgb-post-tax-term\">Cr\u00e9ditos de Carbono<\/a>","<a href=\"https:\/\/sindaopcpb.org.br\/frente-parlamentar-agropecuaria\/\" class=\"advgb-post-tax-term\">Frente Parlamentar Agropecu\u00e1ria<\/a>","<a href=\"https:\/\/sindaopcpb.org.br\/g1\/\" class=\"advgb-post-tax-term\">G1<\/a>","<a href=\"https:\/\/sindaopcpb.org.br\/politica\/\" class=\"advgb-post-tax-term\">POLITICA<\/a>","<a href=\"https:\/\/sindaopcpb.org.br\/senado\/\" class=\"advgb-post-tax-term\">Senado<\/a>"],"unlinked":["<span class=\"advgb-post-tax-term\">C\u00e2mara dos Deputados<\/span>","<span class=\"advgb-post-tax-term\">Cr\u00e9ditos de Carbono<\/span>","<span class=\"advgb-post-tax-term\">Frente Parlamentar Agropecu\u00e1ria<\/span>","<span class=\"advgb-post-tax-term\">G1<\/span>","<span class=\"advgb-post-tax-term\">POLITICA<\/span>","<span class=\"advgb-post-tax-term\">Senado<\/span>"]},"tags":{"linked":["<a href=\"https:\/\/sindaopcpb.org.br\/senado\/\" class=\"advgb-post-tax-term\">g1<\/a>"],"unlinked":["<span class=\"advgb-post-tax-term\">g1<\/span>"]}},"comment_count":"0","relative_dates":{"created":"Publicado 3 anos atr\u00e1s","modified":"Atualizado 3 anos atr\u00e1s"},"absolute_dates":{"created":"Publicado em 3 de outubro de 2023","modified":"Atualizado em 3 de outubro de 2023"},"absolute_dates_time":{"created":"Publicado em 3 de outubro de 2023 18:41","modified":"Atualizado em 3 de outubro de 2023 18:41"},"featured_img_caption":"","series_order":"","_links":{"self":[{"href":"https:\/\/sindaopcpb.org.br\/index.php\/wp-json\/wp\/v2\/posts\/37294","targetHints":{"allow":["GET"]}}],"collection":[{"href":"https:\/\/sindaopcpb.org.br\/index.php\/wp-json\/wp\/v2\/posts"}],"about":[{"href":"https:\/\/sindaopcpb.org.br\/index.php\/wp-json\/wp\/v2\/types\/post"}],"author":[{"embeddable":true,"href":"https:\/\/sindaopcpb.org.br\/index.php\/wp-json\/wp\/v2\/users\/43"}],"replies":[{"embeddable":true,"href":"https:\/\/sindaopcpb.org.br\/index.php\/wp-json\/wp\/v2\/comments?post=37294"}],"version-history":[{"count":1,"href":"https:\/\/sindaopcpb.org.br\/index.php\/wp-json\/wp\/v2\/posts\/37294\/revisions"}],"predecessor-version":[{"id":37295,"href":"https:\/\/sindaopcpb.org.br\/index.php\/wp-json\/wp\/v2\/posts\/37294\/revisions\/37295"}],"wp:attachment":[{"href":"https:\/\/sindaopcpb.org.br\/index.php\/wp-json\/wp\/v2\/media?parent=37294"}],"wp:term":[{"taxonomy":"category","embeddable":true,"href":"https:\/\/sindaopcpb.org.br\/index.php\/wp-json\/wp\/v2\/categories?post=37294"},{"taxonomy":"post_tag","embeddable":true,"href":"https:\/\/sindaopcpb.org.br\/index.php\/wp-json\/wp\/v2\/tags?post=37294"}],"curies":[{"name":"wp","href":"https:\/\/api.w.org\/{rel}","templated":true}]}}