{"id":37260,"date":"2023-10-03T16:19:45","date_gmt":"2023-10-03T19:19:45","guid":{"rendered":"https:\/\/wpa.wscom.com.br\/?p=925789"},"modified":"2023-10-03T16:19:45","modified_gmt":"2023-10-03T19:19:45","slug":"tite-aceita-comandar-o-flamengo-contrato-com-o-clube-sera-valido-ate-dezembro-de-2024","status":"publish","type":"post","link":"https:\/\/sindaopcpb.org.br\/index.php\/2023\/10\/03\/tite-aceita-comandar-o-flamengo-contrato-com-o-clube-sera-valido-ate-dezembro-de-2024\/","title":{"rendered":"Tite aceita comandar o Flamengo; contrato com o clube ser\u00e1 v\u00e1lido at\u00e9 dezembro de 2024"},"content":{"rendered":"<p>O t\u00e9cnico Tite confirmou seu acordo com o Flamengo, aceitando assumir o comando do clube j\u00e1 neste m\u00eas de outubro. Atualmente, as partes est\u00e3o em negocia\u00e7\u00f5es detalhadas para finalizar o contrato, que ter\u00e1 vig\u00eancia at\u00e9 dezembro de 2024, coincidindo com o t\u00e9rmino do mandato do presidente do Flamengo, Rodolfo Landim,\u00a0<a href=\"https:\/\/ge.globo.com\/futebol\/times\/flamengo\/noticia\/2023\/10\/03\/tite-diz-sim-ao-flamengo-e-aceita-assumir-em-outubro-anuncio-esta-por-detalhes.ghtml\" rel=\"noopener nofollow\" target=\"_blank\">destaca<\/a>\u00a0o GE.<\/p>\n<p>O projeto esportivo apresentado ao treinador deixou Tite entusiasmado com a perspectiva de liderar o Flamengo. Com o apoio de sua fam\u00edlia, o ex-t\u00e9cnico da sele\u00e7\u00e3o brasileira considerou que assumir o clube agora \u00e9 uma oportunidade para maximizar o desempenho em 2024.<\/p>\n<p>Ao lado de Tite, o Flamengo contar\u00e1 com a equipe t\u00e9cnica que o acompanhou durante sua passagem pela sele\u00e7\u00e3o brasileira. Matheus Bacchi, C\u00e9sar Sampaio e Cl\u00e9ber Xavier ser\u00e3o os auxiliares, enquanto F\u00e1bio Mahseredjian ficar\u00e1 respons\u00e1vel pela prepara\u00e7\u00e3o f\u00edsica. Entre esses profissionais, Mahseredjian \u00e9 o \u00fanico com experi\u00eancia anterior no Flamengo, tendo trabalhado no clube em 2003.<\/p>\n<p>Desde o avan\u00e7o das negocia\u00e7\u00f5es, Tite e o Flamengo definiram o in\u00edcio do trabalho durante a Data Fifa, que come\u00e7a em 9 de outubro. O treinador v\u00ea essa pausa como uma oportunidade ideal para familiarizar-se com o elenco e come\u00e7ar a implementar suas estrat\u00e9gias.<\/p>\n<p>Enquanto finaliza os detalhes com o Flamengo, Tite precisa concluir uma conversa com um clube estrangeiro. Ap\u00f3s deixar a sele\u00e7\u00e3o brasileira, o treinador despertou interesse de v\u00e1rias equipes internacionais, incluindo o Orlando City, que intensificou suas abordagens nas \u00faltimas semanas.<\/p>\n<p>Com a confirma\u00e7\u00e3o de Tite, o Flamengo espera iniciar uma nova era j\u00e1 na pr\u00f3xima semana, coincidindo com o in\u00edcio da Data Fifa. O jogo contra o Corinthians n\u00e3o representa um obst\u00e1culo imediato; pessoas pr\u00f3ximas \u00e0s negocia\u00e7\u00f5es afirmam que o treinador, de 62 anos, deseja um per\u00edodo adequado para preparar a equipe para os pr\u00f3ximos desafios, evitando assumir o time apenas alguns dias antes do confronto na Neo Qu\u00edmica Arena.<\/p>\n<p>O post <a rel=\"nofollow noopener\" href=\"https:\/\/wscom.com.br\/tite-aceita-comandar-o-flamengo-contrato-com-o-clube-sera-valido-ate-dezembro-de-2024\/\" target=\"_blank\">Tite aceita comandar o Flamengo; contrato com o clube ser\u00e1 v\u00e1lido at\u00e9 dezembro de 2024<\/a> apareceu primeiro em <a rel=\"nofollow noopener\" href=\"https:\/\/wscom.com.br\/\" target=\"_blank\">WSCOM<\/a>.<\/p>\n","protected":false},"excerpt":{"rendered":"<p>O t\u00e9cnico Tite confirmou seu acordo com o Flamengo, aceitando assumir o comando do clube j\u00e1 neste m\u00eas de outubro. Atualmente, as partes est\u00e3o em negocia\u00e7\u00f5es detalhadas para finalizar o contrato, que ter\u00e1 vig\u00eancia at\u00e9 dezembro de 2024, coincidindo com o t\u00e9rmino do mandato do presidente do Flamengo, Rodolfo Landim,\u00a0destaca\u00a0o GE. O projeto esportivo apresentado [\u2026]<\/p>\n<p>O post <a rel=\"nofollow\" href=\"https:\/\/wscom.com.br\/tite-aceita-comandar-o-flamengo-contrato-com-o-clube-sera-valido-ate-dezembro-de-2024\/\">Tite aceita comandar o Flamengo; contrato com o clube ser\u00e1 v\u00e1lido at\u00e9 dezembro de 2024<\/a> apareceu primeiro em <a rel=\"nofollow\" href=\"https:\/\/wscom.com.br\/\">WSCOM<\/a>.<\/p>\n","protected":false},"author":49,"featured_media":0,"comment_status":"closed","ping_status":"closed","sticky":false,"template":"","format":"standard","meta":{"advgb_blocks_editor_width":"","advgb_blocks_columns_visual_guide":"","footnotes":""},"categories":[6119,9739,293,79,34,6393,3024],"tags":[35],"class_list":["post-37260","post","type-post","status-publish","format-standard","hentry","category-contrato","category-ex-tecnico-da-selecao","category-flamengo","category-futebol","category-g1","category-tecnico-de-futebol","category-tite","tag-g1"],"author_meta":{"display_name":"Cristiane Cavalcante","author_link":"https:\/\/sindaopcpb.org.br\/author\/cristiane-cavalcante\/"},"featured_img":null,"coauthors":[],"tax_additional":{"categories":{"linked":["<a href=\"https:\/\/sindaopcpb.org.br\/contrato\/\" class=\"advgb-post-tax-term\">contrato<\/a>","<a href=\"https:\/\/sindaopcpb.org.br\/ex-tecnico-da-selecao\/\" class=\"advgb-post-tax-term\">ex-t\u00e9cnico da sele\u00e7\u00e3o<\/a>","<a href=\"https:\/\/sindaopcpb.org.br\/flamengo\/\" class=\"advgb-post-tax-term\">flamengo<\/a>","<a href=\"https:\/\/sindaopcpb.org.br\/futebol\/\" class=\"advgb-post-tax-term\">Futebol<\/a>","<a href=\"https:\/\/sindaopcpb.org.br\/g1\/\" class=\"advgb-post-tax-term\">G1<\/a>","<a href=\"https:\/\/sindaopcpb.org.br\/tecnico-de-futebol\/\" class=\"advgb-post-tax-term\">t\u00e9cnico de futebol<\/a>","<a href=\"https:\/\/sindaopcpb.org.br\/tite\/\" class=\"advgb-post-tax-term\">TITE<\/a>"],"unlinked":["<span class=\"advgb-post-tax-term\">contrato<\/span>","<span class=\"advgb-post-tax-term\">ex-t\u00e9cnico da sele\u00e7\u00e3o<\/span>","<span class=\"advgb-post-tax-term\">flamengo<\/span>","<span class=\"advgb-post-tax-term\">Futebol<\/span>","<span class=\"advgb-post-tax-term\">G1<\/span>","<span class=\"advgb-post-tax-term\">t\u00e9cnico de futebol<\/span>","<span class=\"advgb-post-tax-term\">TITE<\/span>"]},"tags":{"linked":["<a href=\"https:\/\/sindaopcpb.org.br\/tite\/\" class=\"advgb-post-tax-term\">g1<\/a>"],"unlinked":["<span class=\"advgb-post-tax-term\">g1<\/span>"]}},"comment_count":"0","relative_dates":{"created":"Publicado 3 anos atr\u00e1s","modified":"Atualizado 3 anos atr\u00e1s"},"absolute_dates":{"created":"Publicado em 3 de outubro de 2023","modified":"Atualizado em 3 de outubro de 2023"},"absolute_dates_time":{"created":"Publicado em 3 de outubro de 2023 16:19","modified":"Atualizado em 3 de outubro de 2023 16:19"},"featured_img_caption":"","series_order":"","_links":{"self":[{"href":"https:\/\/sindaopcpb.org.br\/index.php\/wp-json\/wp\/v2\/posts\/37260","targetHints":{"allow":["GET"]}}],"collection":[{"href":"https:\/\/sindaopcpb.org.br\/index.php\/wp-json\/wp\/v2\/posts"}],"about":[{"href":"https:\/\/sindaopcpb.org.br\/index.php\/wp-json\/wp\/v2\/types\/post"}],"author":[{"embeddable":true,"href":"https:\/\/sindaopcpb.org.br\/index.php\/wp-json\/wp\/v2\/users\/49"}],"replies":[{"embeddable":true,"href":"https:\/\/sindaopcpb.org.br\/index.php\/wp-json\/wp\/v2\/comments?post=37260"}],"version-history":[{"count":1,"href":"https:\/\/sindaopcpb.org.br\/index.php\/wp-json\/wp\/v2\/posts\/37260\/revisions"}],"predecessor-version":[{"id":37261,"href":"https:\/\/sindaopcpb.org.br\/index.php\/wp-json\/wp\/v2\/posts\/37260\/revisions\/37261"}],"wp:attachment":[{"href":"https:\/\/sindaopcpb.org.br\/index.php\/wp-json\/wp\/v2\/media?parent=37260"}],"wp:term":[{"taxonomy":"category","embeddable":true,"href":"https:\/\/sindaopcpb.org.br\/index.php\/wp-json\/wp\/v2\/categories?post=37260"},{"taxonomy":"post_tag","embeddable":true,"href":"https:\/\/sindaopcpb.org.br\/index.php\/wp-json\/wp\/v2\/tags?post=37260"}],"curies":[{"name":"wp","href":"https:\/\/api.w.org\/{rel}","templated":true}]}}