{"id":37240,"date":"2023-10-03T15:14:55","date_gmt":"2023-10-03T18:14:55","guid":{"rendered":"https:\/\/wpa.wscom.com.br\/?p=925776"},"modified":"2023-10-03T15:14:55","modified_gmt":"2023-10-03T18:14:55","slug":"congresso-tecnico-define-confrontos-da-primeira-fase-da-taca-das-favelas","status":"publish","type":"post","link":"https:\/\/sindaopcpb.org.br\/index.php\/2023\/10\/03\/congresso-tecnico-define-confrontos-da-primeira-fase-da-taca-das-favelas\/","title":{"rendered":"Congresso T\u00e9cnico define confrontos da primeira fase da Ta\u00e7a das Favelas"},"content":{"rendered":"<p>A Prefeitura de Jo\u00e3o Pessoa, atrav\u00e9s da Secretaria de Juventude, Esporte e Recrea\u00e7\u00e3o (Sejer), em parceria com a Central \u00danica das Favelas \u2013 Cufa\/PB, realizou, nesta segunda-feira (2), o Congresso T\u00e9cnico do maior torneio de futebol de campo entre favelas do mundo: a Ta\u00e7a das Favelas. O evento, que foi realizado no audit\u00f3rio do Centro Administrativo Municipal (CAM), em \u00c1gua Fria, reuniu representantes das 16 comunidades, nas modalidades masculino e feminino. A primeira fase da Ta\u00e7a das Favelas ser\u00e1 realizada neste s\u00e1bado (7) e domingo (8).<\/p>\n<p>As equipes foram divididas em dois grupos, que disputar\u00e3o no estilo mata-mata. Ao final, o time vencedor ganhar\u00e1 uma festa na comunidade que representa e al\u00e9m disso, os 20 melhores atletas avaliados por uma comiss\u00e3o t\u00e9cnica, v\u00e3o compor o time que representar\u00e1 a Para\u00edba na etapa nacional que ser\u00e1 realizada no m\u00eas de dezembro, em S\u00e3o Paulo.<\/p>\n<p>O secret\u00e1rio de Esportes do Munic\u00edpio, Kaio M\u00e1rcio, reafirmou o compromisso da Prefeitura em apoiar o esporte da Capital, atrav\u00e9s de projetos que desenvolvam o cidad\u00e3o e revelem novos talentos. \u201cFicamos muito felizes em poder realizar essa competi\u00e7\u00e3o de extrema import\u00e2ncia. E tenho a certeza que ser\u00e1 a primeira de muitas. Ela \u00e9 diferenciada, principalmente pela faixa et\u00e1ria, por ser jovens de at\u00e9 17 anos e por ter uma representatividade muito boa. Al\u00e9m de levar um time muito forte para concorrer a grande final, a expectativa maior \u00e9 que a gente consiga entrar nas comunidades, tornar o futebol o esporte ainda mais acess\u00edvel, e esse torneio vem em uma hora muito boa para n\u00f3s\u201d, concluiu.<\/p>\n<p>A Ta\u00e7a das Favelas \u00e9 um importante campeonato de futebol amador que promove a inclus\u00e3o e o desenvolvimento social por meio do esporte. Realizada em v\u00e1rias regi\u00f5es do Brasil, a competi\u00e7\u00e3o chega \u00e0 Para\u00edba com o apoio dessas duas institui\u00e7\u00f5es comprometidas com a promo\u00e7\u00e3o da cidadania e do esporte nas comunidades.<\/p>\n<p>A disputa, ter\u00e1 dura\u00e7\u00e3o de 40 dias, reunir\u00e1 times de diferentes localidades, proporcionando uma oportunidade \u00fanica para os jovens mostrarem seu talento e apresentarem suas favelas em um ambiente de competi\u00e7\u00e3o saud\u00e1vel e inclus\u00e3o social.<\/p>\n<p>&nbsp;<\/p>\n<figure class=\"wp-block-image size-large\"><img decoding=\"async\" loading=\"lazy\" class=\"wp-image-328599\" src=\"https:\/\/www.joaopessoa.pb.gov.br\/wp-content\/uploads\/2023\/10\/sejer_taca_das_favelas_foto_samuel_lima-5-1024x683.jpg\" sizes=\"auto, (max-width: 1024px) 100vw, 1024px\" srcset=\"https:\/\/www.joaopessoa.pb.gov.br\/wp-content\/uploads\/2023\/10\/sejer_taca_das_favelas_foto_samuel_lima-5-1024x683.jpg 1024w, https:\/\/www.joaopessoa.pb.gov.br\/wp-content\/uploads\/2023\/10\/sejer_taca_das_favelas_foto_samuel_lima-5-768x512.jpg 768w, https:\/\/www.joaopessoa.pb.gov.br\/wp-content\/uploads\/2023\/10\/sejer_taca_das_favelas_foto_samuel_lima-5-1536x1024.jpg 1536w, https:\/\/www.joaopessoa.pb.gov.br\/wp-content\/uploads\/2023\/10\/sejer_taca_das_favelas_foto_samuel_lima-5-2048x1365.jpg 2048w, https:\/\/www.joaopessoa.pb.gov.br\/wp-content\/uploads\/2023\/10\/sejer_taca_das_favelas_foto_samuel_lima-5-600x400.jpg 600w\" alt=\"\" width=\"1024\" height=\"683\" data-id=\"328599\" title=\"\"><\/figure>\n<figure class=\"wp-block-image size-large\"><img decoding=\"async\" loading=\"lazy\" class=\"wp-image-328596\" src=\"https:\/\/www.joaopessoa.pb.gov.br\/wp-content\/uploads\/2023\/10\/sejer_taca_das_favelas_foto_samuel_lima-10-1024x683.jpg\" sizes=\"auto, (max-width: 1024px) 100vw, 1024px\" srcset=\"https:\/\/www.joaopessoa.pb.gov.br\/wp-content\/uploads\/2023\/10\/sejer_taca_das_favelas_foto_samuel_lima-10-1024x683.jpg 1024w, https:\/\/www.joaopessoa.pb.gov.br\/wp-content\/uploads\/2023\/10\/sejer_taca_das_favelas_foto_samuel_lima-10-768x512.jpg 768w, https:\/\/www.joaopessoa.pb.gov.br\/wp-content\/uploads\/2023\/10\/sejer_taca_das_favelas_foto_samuel_lima-10-1536x1024.jpg 1536w, https:\/\/www.joaopessoa.pb.gov.br\/wp-content\/uploads\/2023\/10\/sejer_taca_das_favelas_foto_samuel_lima-10-2048x1365.jpg 2048w, https:\/\/www.joaopessoa.pb.gov.br\/wp-content\/uploads\/2023\/10\/sejer_taca_das_favelas_foto_samuel_lima-10-600x400.jpg 600w\" alt=\"\" width=\"1024\" height=\"683\" data-id=\"328596\" title=\"\"><\/figure>\n<figure class=\"wp-block-image size-large\"><img decoding=\"async\" loading=\"lazy\" class=\"wp-image-328597\" src=\"https:\/\/www.joaopessoa.pb.gov.br\/wp-content\/uploads\/2023\/10\/sejer_taca_das_favelas_foto_samuel_lima-12-1024x683.jpg\" sizes=\"auto, (max-width: 1024px) 100vw, 1024px\" srcset=\"https:\/\/www.joaopessoa.pb.gov.br\/wp-content\/uploads\/2023\/10\/sejer_taca_das_favelas_foto_samuel_lima-12-1024x683.jpg 1024w, https:\/\/www.joaopessoa.pb.gov.br\/wp-content\/uploads\/2023\/10\/sejer_taca_das_favelas_foto_samuel_lima-12-768x512.jpg 768w, https:\/\/www.joaopessoa.pb.gov.br\/wp-content\/uploads\/2023\/10\/sejer_taca_das_favelas_foto_samuel_lima-12-1536x1024.jpg 1536w, https:\/\/www.joaopessoa.pb.gov.br\/wp-content\/uploads\/2023\/10\/sejer_taca_das_favelas_foto_samuel_lima-12-2048x1365.jpg 2048w, https:\/\/www.joaopessoa.pb.gov.br\/wp-content\/uploads\/2023\/10\/sejer_taca_das_favelas_foto_samuel_lima-12-600x400.jpg 600w\" alt=\"\" width=\"1024\" height=\"683\" data-id=\"328597\" title=\"\"><\/figure>\n<figure class=\"wp-block-image size-large\"><img decoding=\"async\" loading=\"lazy\" class=\"wp-image-328598\" src=\"https:\/\/www.joaopessoa.pb.gov.br\/wp-content\/uploads\/2023\/10\/sejer_taca_das_favelas_foto_samuel_lima-3-1024x683.jpg\" sizes=\"auto, (max-width: 1024px) 100vw, 1024px\" srcset=\"https:\/\/www.joaopessoa.pb.gov.br\/wp-content\/uploads\/2023\/10\/sejer_taca_das_favelas_foto_samuel_lima-3-1024x683.jpg 1024w, https:\/\/www.joaopessoa.pb.gov.br\/wp-content\/uploads\/2023\/10\/sejer_taca_das_favelas_foto_samuel_lima-3-768x512.jpg 768w, https:\/\/www.joaopessoa.pb.gov.br\/wp-content\/uploads\/2023\/10\/sejer_taca_das_favelas_foto_samuel_lima-3-1536x1024.jpg 1536w, https:\/\/www.joaopessoa.pb.gov.br\/wp-content\/uploads\/2023\/10\/sejer_taca_das_favelas_foto_samuel_lima-3-2048x1365.jpg 2048w, https:\/\/www.joaopessoa.pb.gov.br\/wp-content\/uploads\/2023\/10\/sejer_taca_das_favelas_foto_samuel_lima-3-600x400.jpg 600w\" alt=\"\" width=\"1024\" height=\"683\" data-id=\"328598\" title=\"\"><\/figure>\n<p>&nbsp;<\/p>\n<p>\u201cAp\u00f3s o grande evento de lan\u00e7amento, a Cufa Para\u00edba vem firmando esse compromisso, juntamente com a Sejer, nesses 16 territ\u00f3rios de favela de Jo\u00e3o Pessoa no fortalecimento da pr\u00e1tica esportiva, por acreditar que seja um dos meios de mudan\u00e7as de vidas para esses jovens moradores da periferia. O objetivo maior \u00e9 revelar talentos que muitas das vezes est\u00e3o nos poeir\u00f5es, nas vielas e agora ter\u00e3o a oportunidade de estar jogando em campos profissionais e quem sabe at\u00e9 v\u00e3o fazer parte da sele\u00e7\u00e3o paraibana\u201d, explicou Vitor Rodrigo, coordenador pedag\u00f3gico da Cufa Para\u00edba.<\/p>\n<p>Al\u00e9m de fomentar o esporte e a integra\u00e7\u00e3o comunit\u00e1ria, a Ta\u00e7a das Favelas tamb\u00e9m visa criar oportunidades para que esses jovens possam se destacar e, quem sabe, seguir uma carreira profissional no futebol. A Sejer tem se empenhado em oferecer suporte t\u00e9cnico e log\u00edstico necess\u00e1rio para a realiza\u00e7\u00e3o do campeonato.\u00a0<strong>\u00a0<\/strong><\/p>\n<p><strong>Comunidades participantes<\/strong><\/p>\n<p>Bairro S\u00e3o Jos\u00e9<\/p>\n<p>Citex<\/p>\n<p>Aratu<\/p>\n<p>Riachinho<\/p>\n<p>Nova Cana\u00e3<\/p>\n<p>S\u00e3o Geraldo Rangel<\/p>\n<p>S\u00e3o Rafael<\/p>\n<p>4 de Outubro<\/p>\n<p>Gadanhe<\/p>\n<p>Irm\u00e3 Dulce<\/p>\n<p>Jardim Itabaiana<\/p>\n<p>Mu\u00e7umagro<\/p>\n<p>S\u00e3o Luiz<\/p>\n<p>S\u00e3o Matheus<\/p>\n<p>Taipa<\/p>\n<p>Vista Alegre<\/p>\n<p><strong>N\u00fameros da Ta\u00e7a na Para\u00edba:<\/strong><\/p>\n<p>Benefici\u00e1rio direto: 512 jovens<\/p>\n<p>Benefici\u00e1rios indiretos: 4.000 pessoas, dentre elas volunt\u00e1rios, l\u00edderes comunit\u00e1rios, fornecedores, produtores e respons\u00e1veis dos benefici\u00e1rios diretos.<\/p>\n<p>Total de Benefici\u00e1rio(s): 4.512<\/p>\n<p>No ano passado, a Ta\u00e7a das Favelas teve a primeira edi\u00e7\u00e3o nacional, disputada em S\u00e3o Paulo, com a sele\u00e7\u00e3o do Rio de Janeiro vencendo a edi\u00e7\u00e3o feminina, e a de S\u00e3o Paulo, vencendo a masculina. Em dez anos, mais de cinco mil favelas, em todo o territ\u00f3rio nacional, participaram do evento que ao longo dos anos movimentou 400 mil jovens.<\/p>\n<p><strong>Objetivos \u2013\u00a0<\/strong>A competi\u00e7\u00e3o visa contribuir para a promo\u00e7\u00e3o da inclus\u00e3o social atrav\u00e9s do esporte, influenciando positivamente a realidade de crian\u00e7as e jovens brasileiros. Uma oportunidade de promover a integra\u00e7\u00e3o das favelas e comunidades, a ressignifica\u00e7\u00e3o do territ\u00f3rio e o fortalecimento da autoestima da juventude das favelas, incentivar a pr\u00e1tica esportiva atrav\u00e9s da realiza\u00e7\u00e3o de partidas de futebol de campo nos finais de semana, em formato de campeonato para o desenvolvimento dos jovens em vulnerabilidade social; realizar palestras\/workshops; realizar acompanhamento da evolu\u00e7\u00e3o escolar e esportiva. Por fim, descobrir talentos do futebol dando oportunidade aos jovens, em situa\u00e7\u00e3o de vulnerabilidade social, de se tornarem atletas.<\/p>\n<p>O post <a rel=\"nofollow noopener\" href=\"https:\/\/wscom.com.br\/congresso-tecnico-define-confrontos-da-primeira-fase-da-taca-das-favelas\/\" target=\"_blank\">Congresso T\u00e9cnico define confrontos da primeira fase da Ta\u00e7a das Favelas<\/a> apareceu primeiro em <a rel=\"nofollow noopener\" href=\"https:\/\/wscom.com.br\/\" target=\"_blank\">WSCOM<\/a>.<\/p>\n","protected":false},"excerpt":{"rendered":"<p>A Prefeitura de Jo\u00e3o Pessoa, atrav\u00e9s da Secretaria de Juventude, Esporte e Recrea\u00e7\u00e3o (Sejer), em parceria com a Central \u00danica das Favelas \u2013 Cufa\/PB, realizou, nesta segunda-feira (2), o Congresso T\u00e9cnico do maior torneio de futebol de campo entre favelas do mundo: a Ta\u00e7a das Favelas. O evento, que foi realizado no audit\u00f3rio do Centro [\u2026]<\/p>\n<p>O post <a rel=\"nofollow\" href=\"https:\/\/wscom.com.br\/congresso-tecnico-define-confrontos-da-primeira-fase-da-taca-das-favelas\/\">Congresso T\u00e9cnico define confrontos da primeira fase da Ta\u00e7a das Favelas<\/a> apareceu primeiro em <a rel=\"nofollow\" href=\"https:\/\/wscom.com.br\/\">WSCOM<\/a>.<\/p>\n","protected":false},"author":49,"featured_media":0,"comment_status":"closed","ping_status":"closed","sticky":false,"template":"","format":"standard","meta":{"advgb_blocks_editor_width":"","advgb_blocks_columns_visual_guide":"","footnotes":""},"categories":[3796,79,34,71,54,9736],"tags":[35],"class_list":["post-37240","post","type-post","status-publish","format-standard","hentry","category-cufa","category-futebol","category-g1","category-joao-pessoa","category-paraiba","category-taca-das-favelas","tag-g1"],"author_meta":{"display_name":"Cristiane Cavalcante","author_link":"https:\/\/sindaopcpb.org.br\/author\/cristiane-cavalcante\/"},"featured_img":null,"coauthors":[],"tax_additional":{"categories":{"linked":["<a href=\"https:\/\/sindaopcpb.org.br\/cufa\/\" class=\"advgb-post-tax-term\">cufa<\/a>","<a href=\"https:\/\/sindaopcpb.org.br\/futebol\/\" class=\"advgb-post-tax-term\">Futebol<\/a>","<a href=\"https:\/\/sindaopcpb.org.br\/g1\/\" class=\"advgb-post-tax-term\">G1<\/a>","<a href=\"https:\/\/sindaopcpb.org.br\/joao-pessoa\/\" class=\"advgb-post-tax-term\">Jo\u00e3o Pessoa<\/a>","<a href=\"https:\/\/sindaopcpb.org.br\/paraiba\/\" class=\"advgb-post-tax-term\">Para\u00edba<\/a>","<a href=\"https:\/\/sindaopcpb.org.br\/taca-das-favelas\/\" class=\"advgb-post-tax-term\">Ta\u00e7a das Favelas<\/a>"],"unlinked":["<span class=\"advgb-post-tax-term\">cufa<\/span>","<span class=\"advgb-post-tax-term\">Futebol<\/span>","<span class=\"advgb-post-tax-term\">G1<\/span>","<span class=\"advgb-post-tax-term\">Jo\u00e3o Pessoa<\/span>","<span class=\"advgb-post-tax-term\">Para\u00edba<\/span>","<span class=\"advgb-post-tax-term\">Ta\u00e7a das Favelas<\/span>"]},"tags":{"linked":["<a href=\"https:\/\/sindaopcpb.org.br\/taca-das-favelas\/\" class=\"advgb-post-tax-term\">g1<\/a>"],"unlinked":["<span class=\"advgb-post-tax-term\">g1<\/span>"]}},"comment_count":"0","relative_dates":{"created":"Publicado 3 anos atr\u00e1s","modified":"Atualizado 3 anos atr\u00e1s"},"absolute_dates":{"created":"Publicado em 3 de outubro de 2023","modified":"Atualizado em 3 de outubro de 2023"},"absolute_dates_time":{"created":"Publicado em 3 de outubro de 2023 15:14","modified":"Atualizado em 3 de outubro de 2023 15:14"},"featured_img_caption":"","series_order":"","_links":{"self":[{"href":"https:\/\/sindaopcpb.org.br\/index.php\/wp-json\/wp\/v2\/posts\/37240","targetHints":{"allow":["GET"]}}],"collection":[{"href":"https:\/\/sindaopcpb.org.br\/index.php\/wp-json\/wp\/v2\/posts"}],"about":[{"href":"https:\/\/sindaopcpb.org.br\/index.php\/wp-json\/wp\/v2\/types\/post"}],"author":[{"embeddable":true,"href":"https:\/\/sindaopcpb.org.br\/index.php\/wp-json\/wp\/v2\/users\/49"}],"replies":[{"embeddable":true,"href":"https:\/\/sindaopcpb.org.br\/index.php\/wp-json\/wp\/v2\/comments?post=37240"}],"version-history":[{"count":1,"href":"https:\/\/sindaopcpb.org.br\/index.php\/wp-json\/wp\/v2\/posts\/37240\/revisions"}],"predecessor-version":[{"id":37241,"href":"https:\/\/sindaopcpb.org.br\/index.php\/wp-json\/wp\/v2\/posts\/37240\/revisions\/37241"}],"wp:attachment":[{"href":"https:\/\/sindaopcpb.org.br\/index.php\/wp-json\/wp\/v2\/media?parent=37240"}],"wp:term":[{"taxonomy":"category","embeddable":true,"href":"https:\/\/sindaopcpb.org.br\/index.php\/wp-json\/wp\/v2\/categories?post=37240"},{"taxonomy":"post_tag","embeddable":true,"href":"https:\/\/sindaopcpb.org.br\/index.php\/wp-json\/wp\/v2\/tags?post=37240"}],"curies":[{"name":"wp","href":"https:\/\/api.w.org\/{rel}","templated":true}]}}