{"id":37171,"date":"2023-10-03T10:18:47","date_gmt":"2023-10-03T13:18:47","guid":{"rendered":"https:\/\/www.infomoney.com.br\/?p=2259066"},"modified":"2023-10-03T10:18:47","modified_gmt":"2023-10-03T13:18:47","slug":"metroviarios-dizem-que-privatizar-servicos-pode-encarecer-tarifas","status":"publish","type":"post","link":"https:\/\/sindaopcpb.org.br\/index.php\/2023\/10\/03\/metroviarios-dizem-que-privatizar-servicos-pode-encarecer-tarifas\/","title":{"rendered":"Metrovi\u00e1rios dizem que privatizar servi\u00e7os pode encarecer tarifas"},"content":{"rendered":"<p><img loading=\"lazy\" width=\"300\" height=\"225\" src=\"https:\/\/www.infomoney.com.br\/wp-content\/uploads\/2023\/10\/20230323110140_mg_4634.jpg?fit=300%2C225&amp;quality=70&amp;strip=all\" class=\"attachment-medium size-medium wp-post-image\" alt=\"\" decoding=\"async\" style=\"float:right; margin:0 0 10px 10px;\" srcset=\"https:\/\/www.infomoney.com.br\/wp-content\/uploads\/2023\/10\/20230323110140_mg_4634.jpg?w=1024&amp;quality=70&amp;strip=all 1024w, https:\/\/www.infomoney.com.br\/wp-content\/uploads\/2023\/10\/20230323110140_mg_4634.jpg?w=300&amp;quality=70&amp;strip=all 300w, https:\/\/www.infomoney.com.br\/wp-content\/uploads\/2023\/10\/20230323110140_mg_4634.jpg?w=768&amp;quality=70&amp;strip=all 768w, https:\/\/www.infomoney.com.br\/wp-content\/uploads\/2023\/10\/20230323110140_mg_4634.jpg?w=150&amp;quality=70&amp;strip=all 150w\" sizes=\"auto, (max-width: 300px) 100vw, 300px\" data-attachment-id=\"2259074\" data-permalink=\"https:\/\/www.infomoney.com.br\/politica\/metroviarios-dizem-que-privatizar-servicos-pode-encarecer-tarifas\/attachment\/20230323110140_mg_4634\/\" data-orig-file=\"https:\/\/www.infomoney.com.br\/wp-content\/uploads\/2023\/10\/20230323110140_mg_4634.jpg?fit=1024%2C768&amp;quality=70&amp;strip=all\" data-orig-size=\"1024,768\" data-comments-opened=\"0\" data-image-meta=\"{&quot;aperture&quot;:&quot;4&quot;,&quot;credit&quot;:&quot;&quot;,&quot;camera&quot;:&quot;Canon EOS 7D Mark II&quot;,&quot;caption&quot;:&quot;S\\u00e3o Paulo (SP), 23\\\/03\\\/2023 - Esta\\u00e7\\u00e3o Palmeiras-Barra Funda, linha 3 do Metr\\u00f4, fechada durante a greve dos metrovi\\u00e1rios em S\\u00e3o Paulo. Foto: Fernando Fraz\\u00e3o\\\/Ag\\u00eancia Brasil&quot;,&quot;created_timestamp&quot;:&quot;0&quot;,&quot;copyright&quot;:&quot;Ag\\u00eancia Brasil\\\/EBC&quot;,&quot;focal_length&quot;:&quot;35&quot;,&quot;iso&quot;:&quot;2500&quot;,&quot;shutter_speed&quot;:&quot;0.003125&quot;,&quot;title&quot;:&quot;&quot;,&quot;orientation&quot;:&quot;0&quot;}\" data-image-title=\"Esta\u00e7\u00e3o Palmeiras Barra Funda\" data-image-description=\"\" data-image-caption=\"&lt;p&gt;S\u00e3o Paulo (SP), 23\/03\/2023 &#8211; Esta\u00e7\u00e3o Palmeiras-Barra Funda, linha 3 do Metr\u00f4, fechada durante a greve dos metrovi\u00e1rios em S\u00e3o Paulo. Foto: Fernando Fraz\u00e3o\/Ag\u00eancia Brasil&lt;\/p&gt;\n\" data-medium-file=\"https:\/\/www.infomoney.com.br\/wp-content\/uploads\/2023\/10\/20230323110140_mg_4634.jpg?fit=300%2C225&amp;quality=70&amp;strip=all\" data-large-file=\"https:\/\/www.infomoney.com.br\/wp-content\/uploads\/2023\/10\/20230323110140_mg_4634.jpg?fit=1024%2C768&amp;quality=70&amp;strip=all\" title=\"\"><\/p>\n<p>Os funcion&aacute;rios da Companhia do Metropolitano de S&atilde;o Paulo (Metr&ocirc;), da Companhia Paulista de Trens Metropolitanos (CPTM) e da Companhia de Saneamento B&aacute;sico do Estado de S&atilde;o Paulo (Sabesp) realizam hoje (2) greve unificada para reivindicar melhores condi&ccedil;&otilde;es de trabalho e contestar a privatiza&ccedil;&atilde;o dos servi&ccedil;os. Eles denunciam que transferir o controle do poder p&uacute;blico para a iniciativa privada deve encarecer tarifas e piorar a qualidade dos servi&ccedil;os.<\/p>\n<p>Na esta&ccedil;&atilde;o Barra Funda, onde &eacute; poss&iacute;vel embarcar em linhas de trem, &ocirc;nibus e metr&ocirc;, lideran&ccedil;as de movimentos que apoiam a greve se organizaram para traduzir &agrave; popula&ccedil;&atilde;o da capital paulista o que significa a privatiza&ccedil;&atilde;o e informar os motivos da greve. Somente pelo metr&ocirc; da Barra Funda transitam, em m&eacute;dia, cerca de 60 mil passageiros por hora, em momentos de pico.<\/p>\n<p>&ldquo;N&atilde;o existe greve ilegal. N&atilde;o &eacute; s&oacute; por direitos, &eacute; por melhoria de servi&ccedil;os. Rico n&atilde;o trabalha, pobre trabalha. A pobreza enriquece o pa&iacute;s e n&atilde;o tem o direito de circular no pa&iacute;s&rdquo;, discursou uma lideran&ccedil;a popular ao microfone, em meio a alguns protestos de transeuntes que demonstraram irrita&ccedil;&atilde;o e incompreens&atilde;o quanto &agrave; greve.<\/p>\n<h2><strong>Contra a privatiza&ccedil;&atilde;o<\/strong><\/h2>\n<p>Raquel Brito, que integra o diret&oacute;rio da Unidade Popular na capital, afirmou &agrave; Ag&ecirc;ncia Brasil que a mobiliza&ccedil;&atilde;o no local e em outros endere&ccedil;os, junto &agrave; popula&ccedil;&atilde;o, tem por objetivo esclarecer que todos perdem com a privatiza&ccedil;&atilde;o e que todos est&atilde;o do mesmo lado da hist&oacute;ria. &ldquo;As empresas p&uacute;blicas s&atilde;o patrim&ocirc;nio. Privatizar &eacute; muito ruim, inclusive para os usu&aacute;rios. A empresa privada tem como meta o lucro e isso faz com que o servi&ccedil;o piore e a tarifa aumente. A greve &eacute; um instrumento hist&oacute;rico de luta e tudo que se conseguiu de direitos foi por meio dela&rdquo;, argumentou.<\/p>\n<p>A operadora de m&aacute;quinas fixas Genilda Matos, empregada em uma f&aacute;brica de produ&ccedil;&atilde;o e manuten&ccedil;&atilde;o de equipamentos cir&uacute;rgicos, sabia que haveria paralisa&ccedil;&atilde;o do transporte nesta ter&ccedil;a-feira e que parte das linhas estaria funcionando normalmente, mas n&atilde;o que a linha que pega todos os dias estaria indispon&iacute;vel. Ela mora zona norte e trabalha em Vila Prudente, utilizando sempre tr&ecirc;s linhas de &ocirc;nibus e uma de trem para se deslocar de casa ao trabalho. &ldquo;N&atilde;o tenho como trabalhar de casa e tamb&eacute;m n&atilde;o sei chegar de &ocirc;nibus ao trabalho. Mas meu patr&atilde;o entende a situa&ccedil;&atilde;o&rdquo;, explicou.<\/p>\n<p>Questionada sobre sua posi&ccedil;&atilde;o quanto &agrave; privatiza&ccedil;&atilde;o, Genilda demonstra surpresa. &ldquo;O que &eacute; privatiza&ccedil;&atilde;o? Sobre isso, n&atilde;o sei nem o que responder.&rdquo; Quando a reportagem explica o poss&iacute;vel efeito da desestatiza&ccedil;&atilde;o, ela faz sua avalia&ccedil;&atilde;o rapidamente: &ldquo;&Eacute; isso n&atilde;o &eacute; bom mesmo.&rdquo;<\/p>\n<h2><strong>Linha vermelha paralisada<\/strong><\/h2>\n<p>A t&eacute;cnica em farm&aacute;cia Denise da Silva faz o percurso de casa, no munic&iacute;pio de Barueri, at&eacute; o trabalho, no bairro da Penha, na capital, atrav&eacute;s da linha vermelha do metr&ocirc;, hoje paralisada, levando duas horas para completar o trajeto. &ldquo;Sei que os trabalhadores precisam ter melhores sal&aacute;rios e melhor servi&ccedil;o, mas a greve prejudica a gente tamb&eacute;m. Acho que, se houvessem outras alternativas para se fazer isso [a reivindica&ccedil;&atilde;o], seria bom&rdquo;, disse ela, que acrescenta que conhece pessoas que dependem das linhas de transporte j&aacute; privatizadas, como a 8 e a 9 do trem, e relatam ter problemas di&aacute;rios como a lentid&atilde;o. Al&eacute;m disso, ela reconhece que h&aacute; chances de a privatiza&ccedil;&atilde;o aumentar a tarifa dos servi&ccedil;os.<\/p>\n<p>A t&eacute;cnica de enfermagem Eni Duarte reside em Itapevi e vai tamb&eacute;m, todos os dias, at&eacute; a Penha, de transporte p&uacute;blico. O tempo m&eacute;dio que gasta fazendo o trajeto &eacute; de uma hora, entre uma linha de trem e outra de metr&ocirc;. Ela se diz a favor da greve e contra privatiza&ccedil;&atilde;o.<\/p>\n<p>&ldquo;Porque voc&ecirc; privatizando, a tarifa acaba aumentando. Por exemplo, a energia el&eacute;trica. Com a privatiza&ccedil;&atilde;o, acaba saindo do nosso controle. N&atilde;o dos empres&aacute;rios, mas da gente, sim&rdquo;, observou.<\/p>\n<p>&ldquo;A greve &eacute; uma forma de luta, e a popula&ccedil;&atilde;o n&atilde;o entende. As pessoas n&atilde;o procuram saber a causa da greve. Claro que, quando subir a tarifa, v&atilde;o procurar saber. A&iacute;, j&aacute; &eacute; tarde. O brasileiro n&atilde;o procura se mobilizar coletivamente&rdquo;, finalizou.<\/p>\n<\/p>\n<div class=\"cta-end\">\n<div class=\"im-cta\" >\n<div class=\"im-shortcode-forms bg-light bg-opacity-25 border rounded-4 p-3 p-sm-4 p-md-3 p-lg-4 px-xxl-5 my-5\" data-configuration='{\"form_name\":false,\"form_hat\":\"Newsletter\",\"form_email\":true,\"form_icon\":\"newsletter\",\"form_phone\":false,\"form_campaign\":\"NIM\",\"form_thankyou\":\"\",\"form_journey\":\"APIEvent-26a5198d-8e09-06ef-5f80-cd9127757ad1\",\"form_button\":\"Quero receber\",\"form_context\":\"newsletter\",\"form_origin\":\"https:\\\/\\\/www.infomoney.com.br\\\/politica\\\/feed\\\/?utm_medium=materia&#038;utm_source=infomoney&#038;utm_campaign=NIM&#038;utm_term=politica&#038;utm_content=newsletter\",\"form_position\":\"final\",\"form_category\":\"cta_form\"}'>\n<div class=\"d-flex flex-column align-items-center align-items-lg-start mb-4 flex-lg-row\">\n<div class=\"rounded-circle mb-2 mb-lg-0 mr-lg-4 me-lg-4 p-3 p-lg-4 bg-blue-400\"><svg width=\"40\" height=\"40\" viewBox=\"0 0 40 40\" fill=\"none\" xmlns=\"http:\/\/www.w3.org\/2000\/svg\"><path d=\"M20 20.25 6.042 11.042v19.041c0 .167.048.299.146.396a.535.535 0 0 0 .395.146h15.792V32.5H6.583a2.328 2.328 0 0 1-1.708-.708 2.328 2.328 0 0 1-.708-1.709V9.917c0-.667.236-1.236.708-1.709A2.328 2.328 0 0 1 6.583 7.5h26.834c.666 0 1.236.236 1.708.708a2.33 2.33 0 0 1 .708 1.709v12.458h-1.875V11.042L20 20.25Zm0-2 13.667-8.875H6.333L20 18.25Zm11.75 18.958-1.292-1.333 3.334-3.375h-9v-1.875h9l-3.375-3.417 1.333-1.291 5.667 5.625-5.667 5.666ZM6.042 11.042v20.791-9.458.25-13.25 1.667Z\" fill=\"#fff\"\/><\/svg><\/div>\n<div class=\"flex-fill text-center text-lg-left\">\n<div class=\"h6 small text-orange-700 lh-base mb-1\">Newsletter<\/div>\n<div class=\"text-body h4 m-0\">Infomorning<\/div>\n<div class=\"text-body small lh-base mt-2\">Receba no seu e-mail logo pela manh&atilde; as not&iacute;cias que v&atilde;o mexer com os mercados, com os seus investimentos e o seu bolso durante o dia<\/div>\n<\/div>\n<\/div>\n<\/div>\n<\/div>\n<\/div>\n<p>The post <a rel=\"nofollow noopener\" href=\"https:\/\/www.infomoney.com.br\/politica\/metroviarios-dizem-que-privatizar-servicos-pode-encarecer-tarifas\/\" target=\"_blank\">Metrovi\u00e1rios dizem que privatizar servi\u00e7os pode encarecer tarifas<\/a> appeared first on <a rel=\"nofollow noopener\" href=\"https:\/\/www.infomoney.com.br\/\" target=\"_blank\">InfoMoney<\/a>.<\/p>\n","protected":false},"excerpt":{"rendered":"<p><img loading=\"lazy\" decoding=\"async\" width=\"300\" height=\"225\" src=\"https:\/\/www.infomoney.com.br\/wp-content\/uploads\/2023\/10\/20230323110140_mg_4634.jpg?fit=300%2C225&amp;quality=70&amp;strip=all\" class=\"attachment-medium size-medium wp-post-image\" alt=\"\" data-attachment-id=\"2259074\" data-permalink=\"https:\/\/www.infomoney.com.br\/politica\/metroviarios-dizem-que-privatizar-servicos-pode-encarecer-tarifas\/attachment\/20230323110140_mg_4634\/\" data-orig-file=\"https:\/\/www.infomoney.com.br\/wp-content\/uploads\/2023\/10\/20230323110140_mg_4634.jpg?fit=1024%2C768&amp;quality=70&amp;strip=all\" data-orig-size=\"1024,768\" data-comments-opened=\"0\" data-image-meta='{\"aperture\":\"4\",\"credit\":\"\",\"camera\":\"Canon EOS 7D Mark II\",\"caption\":\"S\\u00e3o Paulo (SP), 23\\\/03\\\/2023 - Esta\\u00e7\\u00e3o Palmeiras-Barra Funda, linha 3 do Metr\\u00f4, fechada durante a greve dos metrovi\\u00e1rios em S\\u00e3o Paulo. Foto: Fernando Fraz\\u00e3o\\\/Ag\\u00eancia Brasil\",\"created_timestamp\":\"0\",\"copyright\":\"Ag\\u00eancia Brasil\\\/EBC\",\"focal_length\":\"35\",\"iso\":\"2500\",\"shutter_speed\":\"0.003125\",\"title\":\"\",\"orientation\":\"0\"}' data-image-title=\"Esta\u00e7\u00e3o Palmeiras Barra Funda\" data-image-description=\"\" data-image-caption=\"&lt;p&gt;S\u00e3o Paulo (SP), 23\/03\/2023 \u2013 Esta\u00e7\u00e3o Palmeiras-Barra Funda, linha 3 do Metr\u00f4, fechada durante a greve dos metrovi\u00e1rios em S\u00e3o Paulo. Foto: Fernando Fraz\u00e3o\/Ag\u00eancia Brasil&lt;\/p&gt;\n\" data-medium-file=\"https:\/\/www.infomoney.com.br\/wp-content\/uploads\/2023\/10\/20230323110140_mg_4634.jpg?fit=300%2C225&amp;quality=70&amp;strip=all\" data-large-file=\"https:\/\/www.infomoney.com.br\/wp-content\/uploads\/2023\/10\/20230323110140_mg_4634.jpg?fit=1024%2C768&amp;quality=70&amp;strip=all\">Tamb\u00e9m s\u00e3o reivindicadas melhores condi\u00e7\u00f5es de trabalho<\/p>\n<p>The post <a rel=\"nofollow\" href=\"https:\/\/www.infomoney.com.br\/politica\/metroviarios-dizem-que-privatizar-servicos-pode-encarecer-tarifas\/\">Metrovi\u00e1rios dizem que privatizar servi\u00e7os pode encarecer tarifas<\/a> appeared first on <a rel=\"nofollow\" href=\"https:\/\/www.infomoney.com.br\/\">InfoMoney<\/a>.<\/p>\n","protected":false},"author":44,"featured_media":0,"comment_status":"closed","ping_status":"closed","sticky":false,"template":"","format":"standard","meta":{"advgb_blocks_editor_width":"","advgb_blocks_columns_visual_guide":"","footnotes":""},"categories":[34,9733,47,424,1985],"tags":[35],"class_list":["post-37171","post","type-post","status-publish","format-standard","hentry","category-g1","category-metro","category-politica","category-sao-paulo","category-transporte-publico","tag-g1"],"author_meta":{"display_name":"Ag\u00eancia Brasil","author_link":"https:\/\/sindaopcpb.org.br\/author\/agencia-brasil\/"},"featured_img":null,"coauthors":[],"tax_additional":{"categories":{"linked":["<a href=\"https:\/\/sindaopcpb.org.br\/g1\/\" class=\"advgb-post-tax-term\">G1<\/a>","<a href=\"https:\/\/sindaopcpb.org.br\/metro\/\" class=\"advgb-post-tax-term\">Metr\u00f4<\/a>","<a href=\"https:\/\/sindaopcpb.org.br\/politica\/\" class=\"advgb-post-tax-term\">POLITICA<\/a>","<a href=\"https:\/\/sindaopcpb.org.br\/sao-paulo\/\" class=\"advgb-post-tax-term\">S\u00e3o Paulo<\/a>","<a href=\"https:\/\/sindaopcpb.org.br\/transporte-publico\/\" class=\"advgb-post-tax-term\">Transporte P\u00fablico<\/a>"],"unlinked":["<span class=\"advgb-post-tax-term\">G1<\/span>","<span class=\"advgb-post-tax-term\">Metr\u00f4<\/span>","<span class=\"advgb-post-tax-term\">POLITICA<\/span>","<span class=\"advgb-post-tax-term\">S\u00e3o Paulo<\/span>","<span class=\"advgb-post-tax-term\">Transporte P\u00fablico<\/span>"]},"tags":{"linked":["<a href=\"https:\/\/sindaopcpb.org.br\/transporte-publico\/\" class=\"advgb-post-tax-term\">g1<\/a>"],"unlinked":["<span class=\"advgb-post-tax-term\">g1<\/span>"]}},"comment_count":"0","relative_dates":{"created":"Publicado 3 anos atr\u00e1s","modified":"Atualizado 3 anos atr\u00e1s"},"absolute_dates":{"created":"Publicado em 3 de outubro de 2023","modified":"Atualizado em 3 de outubro de 2023"},"absolute_dates_time":{"created":"Publicado em 3 de outubro de 2023 10:18","modified":"Atualizado em 3 de outubro de 2023 10:18"},"featured_img_caption":"","series_order":"","_links":{"self":[{"href":"https:\/\/sindaopcpb.org.br\/index.php\/wp-json\/wp\/v2\/posts\/37171","targetHints":{"allow":["GET"]}}],"collection":[{"href":"https:\/\/sindaopcpb.org.br\/index.php\/wp-json\/wp\/v2\/posts"}],"about":[{"href":"https:\/\/sindaopcpb.org.br\/index.php\/wp-json\/wp\/v2\/types\/post"}],"author":[{"embeddable":true,"href":"https:\/\/sindaopcpb.org.br\/index.php\/wp-json\/wp\/v2\/users\/44"}],"replies":[{"embeddable":true,"href":"https:\/\/sindaopcpb.org.br\/index.php\/wp-json\/wp\/v2\/comments?post=37171"}],"version-history":[{"count":2,"href":"https:\/\/sindaopcpb.org.br\/index.php\/wp-json\/wp\/v2\/posts\/37171\/revisions"}],"predecessor-version":[{"id":37202,"href":"https:\/\/sindaopcpb.org.br\/index.php\/wp-json\/wp\/v2\/posts\/37171\/revisions\/37202"}],"wp:attachment":[{"href":"https:\/\/sindaopcpb.org.br\/index.php\/wp-json\/wp\/v2\/media?parent=37171"}],"wp:term":[{"taxonomy":"category","embeddable":true,"href":"https:\/\/sindaopcpb.org.br\/index.php\/wp-json\/wp\/v2\/categories?post=37171"},{"taxonomy":"post_tag","embeddable":true,"href":"https:\/\/sindaopcpb.org.br\/index.php\/wp-json\/wp\/v2\/tags?post=37171"}],"curies":[{"name":"wp","href":"https:\/\/api.w.org\/{rel}","templated":true}]}}