{"id":37114,"date":"2023-10-02T18:48:52","date_gmt":"2023-10-02T21:48:52","guid":{"rendered":"https:\/\/wpa.wscom.com.br\/?p=925666"},"modified":"2023-10-02T18:48:52","modified_gmt":"2023-10-02T21:48:52","slug":"hugo-motta-admite-tendencia-de-disputar-o-senado-em-chapa-com-joao-azevedo-e-lucas-ribeiro-em-2026","status":"publish","type":"post","link":"https:\/\/sindaopcpb.org.br\/index.php\/2023\/10\/02\/hugo-motta-admite-tendencia-de-disputar-o-senado-em-chapa-com-joao-azevedo-e-lucas-ribeiro-em-2026\/","title":{"rendered":"Hugo Motta admite \u2018tend\u00eancia\u2019 de disputar o Senado em chapa com Jo\u00e3o Azev\u00eado e Lucas Ribeiro em 2026"},"content":{"rendered":"<p>O deputado federal Hugo Motta, presidente do Republicanos na Para\u00edba, defendeu nesta segunda-feira (2) uma chapa majorit\u00e1ria para as elei\u00e7\u00f5es de 2026 com Lucas Ribeiro (PP) disputando o Governo do Estado. As vagas ao Senado do grupo pol\u00edtico seriam preenchidas pelo atual governador, Jo\u00e3o Azevedo, e pelo pr\u00f3prio Hugo.<\/p>\n<p>\u201cO governador saindo para ser candidato ao Senado, naturalmente, o Progressistas representado pelo vice-governador Lucas Ribeiro tem naturalmente o direito de disputar a reelei\u00e7\u00e3o. Ele vai assumir o Governo do Estado em Jo\u00e3o se afastando, e a\u00ed onde \u00e9 que cabe o Republicanos nessa equa\u00e7\u00e3o, na minha avalia\u00e7\u00e3o, o Republicano na outra vaga para o Senado\u201d, disse \u00e0 Arapuan FM.<\/p>\n<p>Motta declarou que o Republicanos tem outros nomes dispon\u00edveis, mas vai \u2018no momento certo\u2019 colocar o seu nome \u00e0 disposi\u00e7\u00e3o.<\/p>\n<p>\u201cQuem est\u00e1 na pol\u00edtica sempre almeja disputar um cargo majorit\u00e1rio, isso \u00e9 da constru\u00e7\u00e3o de cada um. Quem \u00e9 que n\u00e3o sonha em estar no Senado Federal? Quem \u00e9 que n\u00e3o sonha em governar o seu estado? Mas n\u00f3s temos que construir isso de acordo com a circunst\u00e2ncia do momento e, claro, pautado nas alian\u00e7as que s\u00e3o necess\u00e1rias\u201d, defendeu.<\/p>\n<p>Ele exaltou ainda o nome do governador ao Senado: \u201cele vai chegar em 2026 com a condi\u00e7\u00e3o de ser o grande puxador de votos da elei\u00e7\u00e3o de 2026 pelo bom governo que faz na Para\u00edba. O governador disputa elei\u00e7\u00e3o para o Senado, por qu\u00ea? Primeiro, porque Jo\u00e3o \u00e9 um bom quadro; segundo, porque ser\u00e1 um reconhecimento \u00e0 gest\u00e3o que ele tem feito na Para\u00edba.\u201d<\/p>\n<p>O post <a rel=\"nofollow noopener\" href=\"https:\/\/wscom.com.br\/hugo-motta-admite-tendencia-de-disputar-o-senado-em-chapa-com-joao-azevedo-e-lucas-ribeiro-em-2026\/\" target=\"_blank\">Hugo Motta admite &#8216;tend\u00eancia&#8217; de disputar o Senado em chapa com Jo\u00e3o Azev\u00eado e Lucas Ribeiro em 2026<\/a> apareceu primeiro em <a rel=\"nofollow noopener\" href=\"https:\/\/wscom.com.br\/\" target=\"_blank\">WSCOM<\/a>.<\/p>\n","protected":false},"excerpt":{"rendered":"<p>O deputado federal Hugo Motta, presidente do Republicanos na Para\u00edba, defendeu nesta segunda-feira (2) uma chapa majorit\u00e1ria para as elei\u00e7\u00f5es de 2026 com Lucas Ribeiro (PP) disputando o Governo do Estado. As vagas ao Senado do grupo pol\u00edtico seriam preenchidas pelo atual governador, Jo\u00e3o Azevedo, e pelo pr\u00f3prio Hugo. \u201cO governador saindo para ser candidato [\u2026]<\/p>\n<p>O post <a rel=\"nofollow\" href=\"https:\/\/wscom.com.br\/hugo-motta-admite-tendencia-de-disputar-o-senado-em-chapa-com-joao-azevedo-e-lucas-ribeiro-em-2026\/\">Hugo Motta admite \u2018tend\u00eancia\u2019 de disputar o Senado em chapa com Jo\u00e3o Azev\u00eado e Lucas Ribeiro em 2026<\/a> apareceu primeiro em <a rel=\"nofollow\" href=\"https:\/\/wscom.com.br\/\">WSCOM<\/a>.<\/p>\n","protected":false},"author":50,"featured_media":0,"comment_status":"closed","ping_status":"closed","sticky":false,"template":"","format":"standard","meta":{"advgb_blocks_editor_width":"","advgb_blocks_columns_visual_guide":"","footnotes":""},"categories":[34,1520,47,366],"tags":[35],"class_list":["post-37114","post","type-post","status-publish","format-standard","hentry","category-g1","category-hugo-motta","category-politica","category-republicanos","tag-g1"],"author_meta":{"display_name":"Wallyson","author_link":"https:\/\/sindaopcpb.org.br\/author\/wallyson\/"},"featured_img":null,"coauthors":[],"tax_additional":{"categories":{"linked":["<a href=\"https:\/\/sindaopcpb.org.br\/g1\/\" class=\"advgb-post-tax-term\">G1<\/a>","<a href=\"https:\/\/sindaopcpb.org.br\/hugo-motta\/\" class=\"advgb-post-tax-term\">hugo motta<\/a>","<a href=\"https:\/\/sindaopcpb.org.br\/politica\/\" class=\"advgb-post-tax-term\">POLITICA<\/a>","<a href=\"https:\/\/sindaopcpb.org.br\/republicanos\/\" class=\"advgb-post-tax-term\">Republicanos<\/a>"],"unlinked":["<span class=\"advgb-post-tax-term\">G1<\/span>","<span class=\"advgb-post-tax-term\">hugo motta<\/span>","<span class=\"advgb-post-tax-term\">POLITICA<\/span>","<span class=\"advgb-post-tax-term\">Republicanos<\/span>"]},"tags":{"linked":["<a href=\"https:\/\/sindaopcpb.org.br\/republicanos\/\" class=\"advgb-post-tax-term\">g1<\/a>"],"unlinked":["<span class=\"advgb-post-tax-term\">g1<\/span>"]}},"comment_count":"0","relative_dates":{"created":"Publicado 3 anos atr\u00e1s","modified":"Atualizado 3 anos atr\u00e1s"},"absolute_dates":{"created":"Publicado em 2 de outubro de 2023","modified":"Atualizado em 2 de outubro de 2023"},"absolute_dates_time":{"created":"Publicado em 2 de outubro de 2023 18:48","modified":"Atualizado em 2 de outubro de 2023 18:48"},"featured_img_caption":"","series_order":"","_links":{"self":[{"href":"https:\/\/sindaopcpb.org.br\/index.php\/wp-json\/wp\/v2\/posts\/37114","targetHints":{"allow":["GET"]}}],"collection":[{"href":"https:\/\/sindaopcpb.org.br\/index.php\/wp-json\/wp\/v2\/posts"}],"about":[{"href":"https:\/\/sindaopcpb.org.br\/index.php\/wp-json\/wp\/v2\/types\/post"}],"author":[{"embeddable":true,"href":"https:\/\/sindaopcpb.org.br\/index.php\/wp-json\/wp\/v2\/users\/50"}],"replies":[{"embeddable":true,"href":"https:\/\/sindaopcpb.org.br\/index.php\/wp-json\/wp\/v2\/comments?post=37114"}],"version-history":[{"count":1,"href":"https:\/\/sindaopcpb.org.br\/index.php\/wp-json\/wp\/v2\/posts\/37114\/revisions"}],"predecessor-version":[{"id":37115,"href":"https:\/\/sindaopcpb.org.br\/index.php\/wp-json\/wp\/v2\/posts\/37114\/revisions\/37115"}],"wp:attachment":[{"href":"https:\/\/sindaopcpb.org.br\/index.php\/wp-json\/wp\/v2\/media?parent=37114"}],"wp:term":[{"taxonomy":"category","embeddable":true,"href":"https:\/\/sindaopcpb.org.br\/index.php\/wp-json\/wp\/v2\/categories?post=37114"},{"taxonomy":"post_tag","embeddable":true,"href":"https:\/\/sindaopcpb.org.br\/index.php\/wp-json\/wp\/v2\/tags?post=37114"}],"curies":[{"name":"wp","href":"https:\/\/api.w.org\/{rel}","templated":true}]}}