{"id":37040,"date":"2023-10-02T12:31:21","date_gmt":"2023-10-02T15:31:21","guid":{"rendered":"https:\/\/g1.globo.com\/pb\/paraiba\/noticia\/2023\/10\/02\/bebe-de-10-meses-e-atingido-por-fogos-de-artificio-em-motociata-de-resultado-das-eleicoes-do-conselho-tutelar-na-pb.ghtml"},"modified":"2023-10-02T12:31:21","modified_gmt":"2023-10-02T15:31:21","slug":"bebe-de-10-meses-e-atingido-por-fogos-de-artificio-em-motociata-de-resultado-das-eleicoes-do-conselho-tutelar-na-pb","status":"publish","type":"post","link":"https:\/\/sindaopcpb.org.br\/index.php\/2023\/10\/02\/bebe-de-10-meses-e-atingido-por-fogos-de-artificio-em-motociata-de-resultado-das-eleicoes-do-conselho-tutelar-na-pb\/","title":{"rendered":"Beb\u00ea de 10 meses \u00e9 atingido por fogos de artif\u00edcio em motociata de resultado das elei\u00e7\u00f5es do Conselho Tutelar na PB"},"content":{"rendered":"   <img src=\"https:\/\/s2.glbimg.com\/nG7ntowvfdwHy8Of_rSL97lWaE4=\/i.s3.glbimg.com\/v1\/AUTH_59edd422c0c84a879bd37670ae4f538a\/internal_photos\/bs\/2023\/e\/j\/jFo3GFTMKOQi0Aar52ng\/motociata-cabedelo.jpg\" \/><br \/>     Beb\u00ea estava em casa quando fogos soltos na rua entraram na resid\u00eancia e o atingiram. Pai est\u00e1 internado no mesmo hospital, ap\u00f3s sofrer acidente enquanto se dirigia \u00e0 unidade hospitalar. Motociata registrada no bairro do Renascer, em Cabedelo, ap\u00f3s resultado das elei\u00e7\u00f5es do Conselho Tutelar\nReprodu\u00e7\u00e3o\/TV Cabo Branco\nUm beb\u00ea de 10 meses ficou ferido ap\u00f3s ser atingido, dentro de casa, por fogos de artif\u00edcio soltos durante uma motociata de comemora\u00e7\u00e3o do resultado das elei\u00e7\u00f5es do Conselho Tutelar em Cabedelo, na Grande Jo\u00e3o Pessoa, no domingo (1\u00ba). O pai do beb\u00ea, que segurava o filho no colo no momento em que ele foi atingido, sofreu um acidente de tr\u00e2nsito ao levar objetos pessoais para o beb\u00ea, no hospital, na manh\u00e3 desta segunda-feira (2). Ambos est\u00e3o em estado regular, no Hospital de Emerg\u00eancia e Trauma de Jo\u00e3o Pessoa.\nO caso aconteceu por volta das 22h, no bairro do Renascer. A m\u00e3e do beb\u00ea, que preferiu n\u00e3o se identificar, contou que havia acabado de dar banho no filho, que ainda estava enrolado na toalha, quando notou o barulho das comemora\u00e7\u00f5es na rua onde mora.\n\u201cA gente j\u00e1 tinha escutado de longe que eles vinham soltando fogos. Eu n\u00e3o cheguei nem no port\u00e3o direito quando meu marido gritou que soltaram fogos dentro de casa. Eu reclamei com as pessoas e quando voltei, vi que ele estava cheio de sangue. Meu esposo n\u00e3o teve condi\u00e7\u00f5es de dirigir, e uma pessoa da pr\u00f3pria carreata que socorreu e me trouxe com o beb\u00ea\u201d, contou a m\u00e3e, em entrevista \u00e0 TV Cabo Branco.\nSegundo o m\u00e9dico Eduardo Dore, cirurgi\u00e3o pl\u00e1stico que estava de plant\u00e3o e atendeu o beb\u00ea no Hospital de Trauma de Jo\u00e3o Pessoa, trata-se de um caso grave, de queimadura de terceiro grau.\nHospital de Emerg\u00eancia e Trauma de Jo\u00e3o Pessoa\nReprodu\u00e7\u00e3o\/TV Cabo Branco\n\u201cA explos\u00e3o gerada por esse fogo de artif\u00edcio foi uma explos\u00e3o grave, que acometeu face, t\u00f3rax e uma grande parte do bra\u00e7o esquerdo da crian\u00e7a, que \u00e9 a parte justamente que inspira mais cuidados. Fizemos os primeiros cuidados nele com seda\u00e7\u00e3o leve e tamb\u00e9m realizamos a primeira cirurgia\u201d, explicou.\nNa manh\u00e3 desta segunda-feira, o beb\u00ea passou pelo setor de radiologia, onde foi feito um ultrassom para saber se o fluxo de sangue da v\u00edtima havia sido prejudicado pela queimadura. \u201c\u00c9 caracter\u00edstico de queimaduras por fogos de artif\u00edcio causar um edema que interrompe o fluxo, e por isso estamos acompanhando\u201d, falou o m\u00e9dico.\nO beb\u00ea segue internado na Unidade de Tratamento de Queimados (UTQ) do hospital e, segundo o m\u00e9dico, n\u00e3o h\u00e1 previs\u00e3o de alta. \u201cApesar de ser uma queimadura grave, o estado dele \u00e9 regular e n\u00e3o vimos necessidade de indica\u00e7\u00e3o para interna\u00e7\u00e3o em UTI, por\u00e9m ele ainda vai ficar em acompanhamento cont\u00ednuo com uma equipe multidisciplinar\u201d, concluiu. \nJ\u00e1 o pai da crian\u00e7a tamb\u00e9m est\u00e1 internado em estado est\u00e1vel. Ele esteve no hospital na noite do domingo, para dar assist\u00eancia ao filho, mas na manh\u00e3 desta segunda-feira, enquanto se dirigia novamente, sofreu um acidente de moto na BR-230. \nV\u00eddeos mais assistidos da Para\u00edba  ","protected":false},"excerpt":{"rendered":"<p>        Beb\u00ea estava em casa quando fogos soltos na rua entraram na resid\u00eancia e o atingiram. Pai est\u00e1 internado no mesmo hospital, ap\u00f3s sofrer acidente enquanto se dirigia \u00e0 unidade hospitalar. Motociata registrada no bairro do Renascer, em Cabedelo, a&#8230;<\/p>\n","protected":false},"author":2,"featured_media":0,"comment_status":"closed","ping_status":"closed","sticky":false,"template":"","format":"standard","meta":{"advgb_blocks_editor_width":"","advgb_blocks_columns_visual_guide":"","footnotes":""},"categories":[34],"tags":[35],"class_list":["post-37040","post","type-post","status-publish","format-standard","hentry","category-g1","tag-g1"],"author_meta":{"display_name":"g1 &gt; Para\u00edba","author_link":"https:\/\/sindaopcpb.org.br\/author\/g1-paraiba\/"},"featured_img":null,"coauthors":[],"tax_additional":{"categories":{"linked":["<a href=\"https:\/\/sindaopcpb.org.br\/g1\/\" class=\"advgb-post-tax-term\">G1<\/a>"],"unlinked":["<span class=\"advgb-post-tax-term\">G1<\/span>"]},"tags":{"linked":["<a href=\"https:\/\/sindaopcpb.org.br\/g1\/\" class=\"advgb-post-tax-term\">g1<\/a>"],"unlinked":["<span class=\"advgb-post-tax-term\">g1<\/span>"]}},"comment_count":"0","relative_dates":{"created":"Publicado 3 anos atr\u00e1s","modified":"Atualizado 3 anos atr\u00e1s"},"absolute_dates":{"created":"Publicado em 2 de outubro de 2023","modified":"Atualizado em 2 de outubro de 2023"},"absolute_dates_time":{"created":"Publicado em 2 de outubro de 2023 12:31","modified":"Atualizado em 2 de outubro de 2023 12:31"},"featured_img_caption":"","series_order":"","_links":{"self":[{"href":"https:\/\/sindaopcpb.org.br\/index.php\/wp-json\/wp\/v2\/posts\/37040","targetHints":{"allow":["GET"]}}],"collection":[{"href":"https:\/\/sindaopcpb.org.br\/index.php\/wp-json\/wp\/v2\/posts"}],"about":[{"href":"https:\/\/sindaopcpb.org.br\/index.php\/wp-json\/wp\/v2\/types\/post"}],"author":[{"embeddable":true,"href":"https:\/\/sindaopcpb.org.br\/index.php\/wp-json\/wp\/v2\/users\/2"}],"replies":[{"embeddable":true,"href":"https:\/\/sindaopcpb.org.br\/index.php\/wp-json\/wp\/v2\/comments?post=37040"}],"version-history":[{"count":2,"href":"https:\/\/sindaopcpb.org.br\/index.php\/wp-json\/wp\/v2\/posts\/37040\/revisions"}],"predecessor-version":[{"id":37129,"href":"https:\/\/sindaopcpb.org.br\/index.php\/wp-json\/wp\/v2\/posts\/37040\/revisions\/37129"}],"wp:attachment":[{"href":"https:\/\/sindaopcpb.org.br\/index.php\/wp-json\/wp\/v2\/media?parent=37040"}],"wp:term":[{"taxonomy":"category","embeddable":true,"href":"https:\/\/sindaopcpb.org.br\/index.php\/wp-json\/wp\/v2\/categories?post=37040"},{"taxonomy":"post_tag","embeddable":true,"href":"https:\/\/sindaopcpb.org.br\/index.php\/wp-json\/wp\/v2\/tags?post=37040"}],"curies":[{"name":"wp","href":"https:\/\/api.w.org\/{rel}","templated":true}]}}