{"id":37032,"date":"2023-10-02T12:47:22","date_gmt":"2023-10-02T15:47:22","guid":{"rendered":"https:\/\/wpa.wscom.com.br\/?p=925601"},"modified":"2023-10-02T12:47:22","modified_gmt":"2023-10-02T15:47:22","slug":"prefeito-de-cabedelo-vitor-hugo-ira-assumir-a-presidencia-do-avante-na-paraiba","status":"publish","type":"post","link":"https:\/\/sindaopcpb.org.br\/index.php\/2023\/10\/02\/prefeito-de-cabedelo-vitor-hugo-ira-assumir-a-presidencia-do-avante-na-paraiba\/","title":{"rendered":"Prefeito de Cabedelo, Vitor Hugo, ir\u00e1 assumir a presid\u00eancia do Avante na Para\u00edba"},"content":{"rendered":"<p>&nbsp;<\/p>\n<p>&nbsp;<\/p>\n<p>O presidente nacional do Avante, Luiz Tib\u00e9, confirmou nesta segunda-feira (2) em entrevista ao Correio Debate, da 98 FM, que o prefeito de Cabedelo, Vitor Hugo, est\u00e1 prestes a assumir a presid\u00eancia estadual do partido na Para\u00edba.<\/p>\n<p>Na entrevista, Tib\u00e9 ressaltou que veio ao estado na semana passada para finalizar aspectos do acordo com o gestor. &#8220;Est\u00e1 faltando apenas os detalhes para assumir a presid\u00eancia&#8221;, destacou.<\/p>\n<p>O acordo foi selado ap\u00f3s negocia\u00e7\u00f5es envolvendo C\u00edcero Lucena e Mersinho Lucena, contando tamb\u00e9m com a participa\u00e7\u00e3o do presidente da C\u00e2mara Municipal de Jo\u00e3o Pessoa (CMJP), Dinho, que tamb\u00e9m \u00e9 membro do Avante. Vitor Hugo, por sua vez, j\u00e1 teria informado ao senador Efraim Morais sobre sua sa\u00edda do Uni\u00e3o Brasil.<\/p>\n<p>O Avante figura entre os partidos que comp\u00f5em a base de apoio \u00e0 reelei\u00e7\u00e3o de C\u00edcero Lucena, que j\u00e1 est\u00e1 estruturando sua coaliz\u00e3o para a sucess\u00e3o no pr\u00f3ximo ano.<\/p>\n<p>O post <a rel=\"nofollow noopener\" href=\"https:\/\/wscom.com.br\/prefeito-de-cabedelo-vitor-hugo-ira-assumir-a-presidencia-do-avante-na-paraiba\/\" target=\"_blank\">Prefeito de Cabedelo, Vitor Hugo, ir\u00e1 assumir a presid\u00eancia do Avante na Para\u00edba<\/a> apareceu primeiro em <a rel=\"nofollow noopener\" href=\"https:\/\/wscom.com.br\/\" target=\"_blank\">WSCOM<\/a>.<\/p>\n","protected":false},"excerpt":{"rendered":"<p>\u00a0 \u00a0 O presidente nacional do Avante, Luiz Tib\u00e9, confirmou nesta segunda-feira (2) em entrevista ao Correio Debate, da 98 FM, que o prefeito de Cabedelo, Vitor Hugo, est\u00e1 prestes a assumir a presid\u00eancia estadual do partido na Para\u00edba. Na entrevista, Tib\u00e9 ressaltou que veio ao estado na semana passada para finalizar aspectos do acordo [\u2026]<\/p>\n<p>O post <a rel=\"nofollow\" href=\"https:\/\/wscom.com.br\/prefeito-de-cabedelo-vitor-hugo-ira-assumir-a-presidencia-do-avante-na-paraiba\/\">Prefeito de Cabedelo, Vitor Hugo, ir\u00e1 assumir a presid\u00eancia do Avante na Para\u00edba<\/a> apareceu primeiro em <a rel=\"nofollow\" href=\"https:\/\/wscom.com.br\/\">WSCOM<\/a>.<\/p>\n","protected":false},"author":42,"featured_media":0,"comment_status":"closed","ping_status":"closed","sticky":false,"template":"","format":"standard","meta":{"advgb_blocks_editor_width":"","advgb_blocks_columns_visual_guide":"","footnotes":""},"categories":[4928,471,34,47,1806],"tags":[35],"class_list":["post-37032","post","type-post","status-publish","format-standard","hentry","category-avante","category-cabedelo","category-g1","category-politica","category-victor-hugo","tag-g1"],"author_meta":{"display_name":"Rafael Andrade","author_link":"https:\/\/sindaopcpb.org.br\/author\/rafael-andrade\/"},"featured_img":null,"coauthors":[],"tax_additional":{"categories":{"linked":["<a href=\"https:\/\/sindaopcpb.org.br\/avante\/\" class=\"advgb-post-tax-term\">Avante<\/a>","<a href=\"https:\/\/sindaopcpb.org.br\/cabedelo\/\" class=\"advgb-post-tax-term\">cabedelo<\/a>","<a href=\"https:\/\/sindaopcpb.org.br\/g1\/\" class=\"advgb-post-tax-term\">G1<\/a>","<a href=\"https:\/\/sindaopcpb.org.br\/politica\/\" class=\"advgb-post-tax-term\">POLITICA<\/a>","<a href=\"https:\/\/sindaopcpb.org.br\/victor-hugo\/\" class=\"advgb-post-tax-term\">victor hugo<\/a>"],"unlinked":["<span class=\"advgb-post-tax-term\">Avante<\/span>","<span class=\"advgb-post-tax-term\">cabedelo<\/span>","<span class=\"advgb-post-tax-term\">G1<\/span>","<span class=\"advgb-post-tax-term\">POLITICA<\/span>","<span class=\"advgb-post-tax-term\">victor hugo<\/span>"]},"tags":{"linked":["<a href=\"https:\/\/sindaopcpb.org.br\/victor-hugo\/\" class=\"advgb-post-tax-term\">g1<\/a>"],"unlinked":["<span class=\"advgb-post-tax-term\">g1<\/span>"]}},"comment_count":"0","relative_dates":{"created":"Publicado 3 anos atr\u00e1s","modified":"Atualizado 3 anos atr\u00e1s"},"absolute_dates":{"created":"Publicado em 2 de outubro de 2023","modified":"Atualizado em 2 de outubro de 2023"},"absolute_dates_time":{"created":"Publicado em 2 de outubro de 2023 12:47","modified":"Atualizado em 2 de outubro de 2023 12:47"},"featured_img_caption":"","series_order":"","_links":{"self":[{"href":"https:\/\/sindaopcpb.org.br\/index.php\/wp-json\/wp\/v2\/posts\/37032","targetHints":{"allow":["GET"]}}],"collection":[{"href":"https:\/\/sindaopcpb.org.br\/index.php\/wp-json\/wp\/v2\/posts"}],"about":[{"href":"https:\/\/sindaopcpb.org.br\/index.php\/wp-json\/wp\/v2\/types\/post"}],"author":[{"embeddable":true,"href":"https:\/\/sindaopcpb.org.br\/index.php\/wp-json\/wp\/v2\/users\/42"}],"replies":[{"embeddable":true,"href":"https:\/\/sindaopcpb.org.br\/index.php\/wp-json\/wp\/v2\/comments?post=37032"}],"version-history":[{"count":2,"href":"https:\/\/sindaopcpb.org.br\/index.php\/wp-json\/wp\/v2\/posts\/37032\/revisions"}],"predecessor-version":[{"id":37053,"href":"https:\/\/sindaopcpb.org.br\/index.php\/wp-json\/wp\/v2\/posts\/37032\/revisions\/37053"}],"wp:attachment":[{"href":"https:\/\/sindaopcpb.org.br\/index.php\/wp-json\/wp\/v2\/media?parent=37032"}],"wp:term":[{"taxonomy":"category","embeddable":true,"href":"https:\/\/sindaopcpb.org.br\/index.php\/wp-json\/wp\/v2\/categories?post=37032"},{"taxonomy":"post_tag","embeddable":true,"href":"https:\/\/sindaopcpb.org.br\/index.php\/wp-json\/wp\/v2\/tags?post=37032"}],"curies":[{"name":"wp","href":"https:\/\/api.w.org\/{rel}","templated":true}]}}