{"id":37018,"date":"2023-10-02T10:56:58","date_gmt":"2023-10-02T13:56:58","guid":{"rendered":"https:\/\/wpa.wscom.com.br\/?p=925583"},"modified":"2023-10-02T10:56:58","modified_gmt":"2023-10-02T13:56:58","slug":"joao-pessoa-elege-novos-representantes-para-os-conselhos-tutelares-confira-vencedores","status":"publish","type":"post","link":"https:\/\/sindaopcpb.org.br\/index.php\/2023\/10\/02\/joao-pessoa-elege-novos-representantes-para-os-conselhos-tutelares-confira-vencedores\/","title":{"rendered":"Jo\u00e3o Pessoa elege novos representantes para os Conselhos Tutelares; confira vencedores"},"content":{"rendered":"<p>&nbsp;<\/p>\n<p>&nbsp;<\/p>\n<p>A Comiss\u00e3o Eleitoral do processo de escolha dos conselheiros tutelares de Jo\u00e3o Pessoa divulgou, nesta segunda-feira (2), os nomes dos novos representantes dos Conselhos Tutelares do Munic\u00edpio. A contagem dos votos aconteceu na Escola Municipal Leonel Brizola, no bairro de Tambauzinho, e os eleitores puderam acompanhar todo o processo por um tel\u00e3o disponibilizado na quadra da unidade de ensino.<\/p>\n<p>Ao todo foram contabilizados 42.421 votos, sendo 3.757 votos da Regi\u00e3o Praia; 6.158 votos da Regi\u00e3o Cristo; 5.631 votos do Valentina; 6.992 votos de Mangabeira; 6.967 da Regi\u00e3o Sul; 4.681 da Regi\u00e3o Sudeste; e 8.235 votos da Regi\u00e3o Norte. Todos os conselheiros eleitos come\u00e7am a atuar em 2024 e ficam no cargo por 4 anos.<\/p>\n<p>As elei\u00e7\u00f5es ocorreram durante todo o dia deste domingo (1\u00ba) em 35 locais estrat\u00e9gicos na cidade, visando a facilidade e conforto dos eleitores. A Prefeitura da Capital disponibilizou mais de mil servidores para auxiliar no pleito eleitoral, que ocorreu em parceria com o Conselho Municipal dos Direitos da Crian\u00e7a e do Adolescente (CMDCA), Minist\u00e9rio P\u00fablico da Para\u00edba (MPPB) e Tribunal Regional Eleitoral da Para\u00edba (TRE-PB).<\/p>\n<p>O papel dos conselheiros tutelares \u00e9 representar a sociedade na defesa dos direitos da crian\u00e7a e do adolescente, atuando em parceria com diversas entidades e \u00f3rg\u00e3os p\u00fablicos. A Prefeitura disponibilizou servidores das Secretarias de Gest\u00e3o Governamental (Seggov), Direitos Humanos e Cidadania (Sedhuc), Educa\u00e7\u00e3o e Cultura (Sedec), Sa\u00fade (incluindo o Samu-JP), Seguran\u00e7a Urbana e Cidadania (Semusb), Ci\u00eancia e Tecnologia (Secitec) e Comunica\u00e7\u00e3o (Secom), al\u00e9m da Superintend\u00eancia Executiva de Mobilidade Urbana (Semob-JP).<\/p>\n<p><strong>Candidatos eleitos neste domingo (1\u00ba):<\/strong><\/p>\n<p><strong>Regi\u00e3o Praia<\/strong><\/p>\n<p>\u2013 Titular<\/p>\n<p>Patr\u00edcia da Silva Falc\u00e3o \u2013 1055 votos<\/p>\n<p>Josevaldo Gomes da Silva \u2013 721 votos<\/p>\n<p>Sandra Rodrigues dos Santos \u2013 683 votos<\/p>\n<p>Luana Leite Bezerra \u2013 617 votos<\/p>\n<p>Kaline Ruffo Lycari\u00e3o \u2013 344 votos<\/p>\n<p>\u2013 Suplente<\/p>\n<p>Lucia Maria dos Santos \u2013 337 votos<\/p>\n<p><strong>Regi\u00e3o Cristo<\/strong><\/p>\n<p>-Titular<\/p>\n<p>Rodrigo Jos\u00e9 Barros Davino \u2013 1364 votos<\/p>\n<p>Sammy Bezerra de Oliveira \u2013 737 votos<\/p>\n<p>Lazaro Joaquim de Souza \u2013 708 votos<\/p>\n<p>Katiana Karla de Ara\u00fajo \u2013 690 votos<\/p>\n<p>Jos\u00e9 Verissimo da Silva Filho \u2013 680 votos<\/p>\n<p>\u2013 Suplente<\/p>\n<p>Aniely Ribeiro de Morais \u2013 632 votos<\/p>\n<p>Genivaldo Modesto da Silva \u2013 406 votos<\/p>\n<p>Ism\u00eania Marques Campos \u2013 348 votos<\/p>\n<p>Ailton Araujo de Fran\u00e7a \u2013 341 votos<\/p>\n<p>Rafaela Alves de Souza \u2013 248 votos<\/p>\n<p><strong>Regi\u00e3o Valentina<\/strong><\/p>\n<p>-Titular<\/p>\n<p>Iago Emanoel Chagas dos Santos \u2013 1039 votos<\/p>\n<p>Jessica Nayara Frade \u2013 797 votos<\/p>\n<p>Janete Fernandes de Araujo \u2013 698 votos<\/p>\n<p>Roqueane Cola\u00e7o Dantas \u2013 597 votos<\/p>\n<p>Risely Ferreira de Lima \u2013 556 votos<\/p>\n<p>\u2013 Suplente<\/p>\n<p>Carlos Alberto Evaristo Pessoa \u2013 536 votos<\/p>\n<p>Marilene Cavalcanti de Souza \u2013 531 votos<\/p>\n<p>Micheline Figueiredo \u2013 399 votos<\/p>\n<p>Vanusa Alana Ferreira \u2013 167 votos<\/p>\n<p>Leamim Fernandes Varelo \u2013 159 votos<\/p>\n<p><strong>Regi\u00e3o Mangabeira<\/strong><\/p>\n<p>\u2013 Titular<\/p>\n<p>Wellington Alves Cardoso \u2013 1359 votos<\/p>\n<p>Vinicius Fernandes de Ara\u00fajo \u2013 1118 votos<\/p>\n<p>Valdilene Rodrigues de Assis Cruz \u2013 1108 votos<\/p>\n<p>Fabricio Souto Guimar\u00e3es \u2013 927 votos<\/p>\n<p>Deborah Symone Moreira \u2013 686 votos<\/p>\n<p>-Suplente<\/p>\n<p>Veronica Silva de Oliveira \u2013 682 votos<\/p>\n<p>Debora Maria Melo Cavalcanti \u2013 654 votos<\/p>\n<p>Jamil Jose Camilo \u2013 458 votos<\/p>\n<p><strong>Regi\u00e3o Sul<\/strong><\/p>\n<p>\u2013 Titular<\/p>\n<p>Marcos Antonio da Silva Arag\u00e3o \u2013 1803 votos<\/p>\n<p>Thaisy Cristina da N\u00f3brega \u2013 1367 votos<\/p>\n<p>Jocemar Farias de Oliveira \u2013 1047 votos<\/p>\n<p>Edylene de Fatima Ara\u00fajo \u2013 884 votos<\/p>\n<p>Rosemberg Marcos dos Santos \u2013 722 votos<\/p>\n<p>-Suplente<\/p>\n<p>Maxwell Felix de Oliveira \u2013 668 votos<\/p>\n<p>Luzinete dos Santos \u2013 476 votos<\/p>\n<p><strong>Regi\u00e3o Sudeste<\/strong><\/p>\n<p>\u2013 Titular<\/p>\n<p>Gerl\u00e2nia Mamede Genide \u2013 903 votos<\/p>\n<p>Alexsandro Queiroz \u2013 875 votos<\/p>\n<p>Isabela Santos de Souza \u2013 835 votos<\/p>\n<p>Piragibe Nunes de Lucena \u2013 810 votos<\/p>\n<p>Pollyanna Dayse Melo \u2013 667 votos<\/p>\n<p>\u2013 Suplente<\/p>\n<p>Ant\u00f4nio Carlos Veloso \u2013 591 votos<\/p>\n<p><strong>Regi\u00e3o Norte<\/strong><\/p>\n<p>-Titular<\/p>\n<p>Raquel Batista Feitosa Ruffo \u2013 1343 votos<\/p>\n<p>Jairo Pessoa Costa \u2013 1165 votos<\/p>\n<p>Silvania Cavalcanti de Almeida \u2013 1139 votos<\/p>\n<p>Rosana Maria Pereira \u2013 1007 votos<\/p>\n<p>Sergio de Lima Lucena \u2013 995 votos<\/p>\n<p>-Suplente<\/p>\n<p>Renato Sousa de Lucena \u2013 970 votos<\/p>\n<p>Maria Aparecida Pereira Pontes \u2013 706 votos<\/p>\n<p>Claudia Maria da Silva \u2013 504 votos<\/p>\n<p>Ant\u00f4nio Fernandes da Cunha \u2013 159 votos<\/p>\n<p>Flavio Gomes de Pontes \u2013 146 votos<\/p>\n<p>O post <a rel=\"nofollow noopener\" href=\"https:\/\/wscom.com.br\/joao-pessoa-elege-novos-representantes-para-os-conselhos-tutelares-confira-vencedores\/\" target=\"_blank\">Jo\u00e3o Pessoa elege novos representantes para os Conselhos Tutelares; confira vencedores<\/a> apareceu primeiro em <a rel=\"nofollow noopener\" href=\"https:\/\/wscom.com.br\/\" target=\"_blank\">WSCOM<\/a>.<\/p>\n","protected":false},"excerpt":{"rendered":"<p>\u00a0 \u00a0 A Comiss\u00e3o Eleitoral do processo de escolha dos conselheiros tutelares de Jo\u00e3o Pessoa divulgou, nesta segunda-feira (2), os nomes dos novos representantes dos Conselhos Tutelares do Munic\u00edpio. A contagem dos votos aconteceu na Escola Municipal Leonel Brizola, no bairro de Tambauzinho, e os eleitores puderam acompanhar todo o processo por um tel\u00e3o disponibilizado [\u2026]<\/p>\n<p>O post <a rel=\"nofollow\" href=\"https:\/\/wscom.com.br\/joao-pessoa-elege-novos-representantes-para-os-conselhos-tutelares-confira-vencedores\/\">Jo\u00e3o Pessoa elege novos representantes para os Conselhos Tutelares; confira vencedores<\/a> apareceu primeiro em <a rel=\"nofollow\" href=\"https:\/\/wscom.com.br\/\">WSCOM<\/a>.<\/p>\n","protected":false},"author":42,"featured_media":0,"comment_status":"closed","ping_status":"closed","sticky":false,"template":"","format":"standard","meta":{"advgb_blocks_editor_width":"","advgb_blocks_columns_visual_guide":"","footnotes":""},"categories":[2113,9656,9697,2449,34,71,54,9698],"tags":[35],"class_list":["post-37018","post","type-post","status-publish","format-standard","hentry","category-conselheiros-tutelares","category-conselho-tutelar","category-eleicoes-2023","category-eleitos","category-g1","category-joao-pessoa","category-paraiba","category-vencedores","tag-g1"],"author_meta":{"display_name":"Rafael Andrade","author_link":"https:\/\/sindaopcpb.org.br\/author\/rafael-andrade\/"},"featured_img":null,"coauthors":[],"tax_additional":{"categories":{"linked":["<a href=\"https:\/\/sindaopcpb.org.br\/conselheiros-tutelares\/\" class=\"advgb-post-tax-term\">conselheiros Tutelares<\/a>","<a href=\"https:\/\/sindaopcpb.org.br\/conselho-tutelar\/\" class=\"advgb-post-tax-term\">conselho tutelar<\/a>","<a href=\"https:\/\/sindaopcpb.org.br\/eleicoes-2023\/\" class=\"advgb-post-tax-term\">Elei\u00e7\u00f5es 2023<\/a>","<a href=\"https:\/\/sindaopcpb.org.br\/eleitos\/\" class=\"advgb-post-tax-term\">eleitos<\/a>","<a href=\"https:\/\/sindaopcpb.org.br\/g1\/\" class=\"advgb-post-tax-term\">G1<\/a>","<a href=\"https:\/\/sindaopcpb.org.br\/joao-pessoa\/\" class=\"advgb-post-tax-term\">Jo\u00e3o Pessoa<\/a>","<a href=\"https:\/\/sindaopcpb.org.br\/paraiba\/\" class=\"advgb-post-tax-term\">Para\u00edba<\/a>","<a href=\"https:\/\/sindaopcpb.org.br\/vencedores\/\" class=\"advgb-post-tax-term\">Vencedores<\/a>"],"unlinked":["<span class=\"advgb-post-tax-term\">conselheiros Tutelares<\/span>","<span class=\"advgb-post-tax-term\">conselho tutelar<\/span>","<span class=\"advgb-post-tax-term\">Elei\u00e7\u00f5es 2023<\/span>","<span class=\"advgb-post-tax-term\">eleitos<\/span>","<span class=\"advgb-post-tax-term\">G1<\/span>","<span class=\"advgb-post-tax-term\">Jo\u00e3o Pessoa<\/span>","<span class=\"advgb-post-tax-term\">Para\u00edba<\/span>","<span class=\"advgb-post-tax-term\">Vencedores<\/span>"]},"tags":{"linked":["<a href=\"https:\/\/sindaopcpb.org.br\/vencedores\/\" class=\"advgb-post-tax-term\">g1<\/a>"],"unlinked":["<span class=\"advgb-post-tax-term\">g1<\/span>"]}},"comment_count":"0","relative_dates":{"created":"Publicado 3 anos atr\u00e1s","modified":"Atualizado 3 anos atr\u00e1s"},"absolute_dates":{"created":"Publicado em 2 de outubro de 2023","modified":"Atualizado em 2 de outubro de 2023"},"absolute_dates_time":{"created":"Publicado em 2 de outubro de 2023 10:56","modified":"Atualizado em 2 de outubro de 2023 10:56"},"featured_img_caption":"","series_order":"","_links":{"self":[{"href":"https:\/\/sindaopcpb.org.br\/index.php\/wp-json\/wp\/v2\/posts\/37018","targetHints":{"allow":["GET"]}}],"collection":[{"href":"https:\/\/sindaopcpb.org.br\/index.php\/wp-json\/wp\/v2\/posts"}],"about":[{"href":"https:\/\/sindaopcpb.org.br\/index.php\/wp-json\/wp\/v2\/types\/post"}],"author":[{"embeddable":true,"href":"https:\/\/sindaopcpb.org.br\/index.php\/wp-json\/wp\/v2\/users\/42"}],"replies":[{"embeddable":true,"href":"https:\/\/sindaopcpb.org.br\/index.php\/wp-json\/wp\/v2\/comments?post=37018"}],"version-history":[{"count":1,"href":"https:\/\/sindaopcpb.org.br\/index.php\/wp-json\/wp\/v2\/posts\/37018\/revisions"}],"predecessor-version":[{"id":37019,"href":"https:\/\/sindaopcpb.org.br\/index.php\/wp-json\/wp\/v2\/posts\/37018\/revisions\/37019"}],"wp:attachment":[{"href":"https:\/\/sindaopcpb.org.br\/index.php\/wp-json\/wp\/v2\/media?parent=37018"}],"wp:term":[{"taxonomy":"category","embeddable":true,"href":"https:\/\/sindaopcpb.org.br\/index.php\/wp-json\/wp\/v2\/categories?post=37018"},{"taxonomy":"post_tag","embeddable":true,"href":"https:\/\/sindaopcpb.org.br\/index.php\/wp-json\/wp\/v2\/tags?post=37018"}],"curies":[{"name":"wp","href":"https:\/\/api.w.org\/{rel}","templated":true}]}}