{"id":37016,"date":"2023-10-02T10:57:41","date_gmt":"2023-10-02T13:57:41","guid":{"rendered":"https:\/\/wpa.wscom.com.br\/?p=925584"},"modified":"2023-10-02T10:57:41","modified_gmt":"2023-10-02T13:57:41","slug":"cotado-no-pdt-prefeito-de-cabedelo-confirma-saida-do-uniao-brasil","status":"publish","type":"post","link":"https:\/\/sindaopcpb.org.br\/index.php\/2023\/10\/02\/cotado-no-pdt-prefeito-de-cabedelo-confirma-saida-do-uniao-brasil\/","title":{"rendered":"Cotado no PDT, prefeito de Cabedelo confirma sa\u00edda do Uni\u00e3o Brasil"},"content":{"rendered":"<p>O prefeito de Cabedelo, Vitor Hugo, confirmou nesta segunda-feira (2) a sua decis\u00e3o de deixar o partido Uni\u00e3o Brasil. A decis\u00e3o foi tomada ap\u00f3s um encontro com o deputado federal Mercinho Lucena (PP) e o presidente da C\u00e2mara Municipal da cidade, vereador Andr\u00e9 Coutinho (Uni\u00e3o Brasil), realizado no domingo (1\u00ba).<\/p>\n<p>Vitor Hugo iniciou sua trajet\u00f3ria pol\u00edtica no PFL, que posteriormente se transformou no Democratas, e, mais recentemente, fundiu-se ao PSL para constituir o Uni\u00e3o Brasil.<\/p>\n<p>O prefeito agradeceu a l\u00edderes pol\u00edticos ligados ao partido, incluindo o deputado estadual George Morais, o ex-senador Efraim Morais, e o senador Efraim Filho Morais. Ele pediu compreens\u00e3o a todos diante de sua decis\u00e3o, descrevendo-a como uma &#8220;virada de p\u00e1gina&#8221; em sua vida pol\u00edtica.<\/p>\n<p>O nome de Vitor Hugo \u00e9 mencionado em uma articula\u00e7\u00e3o para filia\u00e7\u00e3o ao PDT. Ele pode assumir, inclusive, papel de lideran\u00e7a na executiva estadual da legenda.<\/p>\n<p>O post <a rel=\"nofollow noopener\" href=\"https:\/\/wscom.com.br\/cotado-no-pdt-prefeito-de-cabedelo-confirma-saida-do-uniao-brasil\/\" target=\"_blank\">Cotado no PDT, prefeito de Cabedelo confirma sa\u00edda do Uni\u00e3o Brasil<\/a> apareceu primeiro em <a rel=\"nofollow noopener\" href=\"https:\/\/wscom.com.br\/\" target=\"_blank\">WSCOM<\/a>.<\/p>\n","protected":false},"excerpt":{"rendered":"<p>O prefeito de Cabedelo, Vitor Hugo, confirmou nesta segunda-feira (2) a sua decis\u00e3o de deixar o partido Uni\u00e3o Brasil. A decis\u00e3o foi tomada ap\u00f3s um encontro com o deputado federal Mercinho Lucena (PP) e o presidente da C\u00e2mara Municipal da cidade, vereador Andr\u00e9 Coutinho (Uni\u00e3o Brasil), realizado no domingo (1\u00ba). Vitor Hugo iniciou sua trajet\u00f3ria [\u2026]<\/p>\n<p>O post <a rel=\"nofollow\" href=\"https:\/\/wscom.com.br\/cotado-no-pdt-prefeito-de-cabedelo-confirma-saida-do-uniao-brasil\/\">Cotado no PDT, prefeito de Cabedelo confirma sa\u00edda do Uni\u00e3o Brasil<\/a> apareceu primeiro em <a rel=\"nofollow\" href=\"https:\/\/wscom.com.br\/\">WSCOM<\/a>.<\/p>\n","protected":false},"author":50,"featured_media":0,"comment_status":"closed","ping_status":"closed","sticky":false,"template":"","format":"standard","meta":{"advgb_blocks_editor_width":"","advgb_blocks_columns_visual_guide":"","footnotes":""},"categories":[471,34,8026,47,454],"tags":[35],"class_list":["post-37016","post","type-post","status-publish","format-standard","hentry","category-cabedelo","category-g1","category-hugo","category-politica","category-vitor","tag-g1"],"author_meta":{"display_name":"Wallyson","author_link":"https:\/\/sindaopcpb.org.br\/author\/wallyson\/"},"featured_img":null,"coauthors":[],"tax_additional":{"categories":{"linked":["<a href=\"https:\/\/sindaopcpb.org.br\/cabedelo\/\" class=\"advgb-post-tax-term\">cabedelo<\/a>","<a href=\"https:\/\/sindaopcpb.org.br\/g1\/\" class=\"advgb-post-tax-term\">G1<\/a>","<a href=\"https:\/\/sindaopcpb.org.br\/hugo\/\" class=\"advgb-post-tax-term\">Hugo<\/a>","<a href=\"https:\/\/sindaopcpb.org.br\/politica\/\" class=\"advgb-post-tax-term\">POLITICA<\/a>","<a href=\"https:\/\/sindaopcpb.org.br\/vitor\/\" class=\"advgb-post-tax-term\">vitor<\/a>"],"unlinked":["<span class=\"advgb-post-tax-term\">cabedelo<\/span>","<span class=\"advgb-post-tax-term\">G1<\/span>","<span class=\"advgb-post-tax-term\">Hugo<\/span>","<span class=\"advgb-post-tax-term\">POLITICA<\/span>","<span class=\"advgb-post-tax-term\">vitor<\/span>"]},"tags":{"linked":["<a href=\"https:\/\/sindaopcpb.org.br\/vitor\/\" class=\"advgb-post-tax-term\">g1<\/a>"],"unlinked":["<span class=\"advgb-post-tax-term\">g1<\/span>"]}},"comment_count":"0","relative_dates":{"created":"Publicado 3 anos atr\u00e1s","modified":"Atualizado 3 anos atr\u00e1s"},"absolute_dates":{"created":"Publicado em 2 de outubro de 2023","modified":"Atualizado em 2 de outubro de 2023"},"absolute_dates_time":{"created":"Publicado em 2 de outubro de 2023 10:57","modified":"Atualizado em 2 de outubro de 2023 10:57"},"featured_img_caption":"","series_order":"","_links":{"self":[{"href":"https:\/\/sindaopcpb.org.br\/index.php\/wp-json\/wp\/v2\/posts\/37016","targetHints":{"allow":["GET"]}}],"collection":[{"href":"https:\/\/sindaopcpb.org.br\/index.php\/wp-json\/wp\/v2\/posts"}],"about":[{"href":"https:\/\/sindaopcpb.org.br\/index.php\/wp-json\/wp\/v2\/types\/post"}],"author":[{"embeddable":true,"href":"https:\/\/sindaopcpb.org.br\/index.php\/wp-json\/wp\/v2\/users\/50"}],"replies":[{"embeddable":true,"href":"https:\/\/sindaopcpb.org.br\/index.php\/wp-json\/wp\/v2\/comments?post=37016"}],"version-history":[{"count":1,"href":"https:\/\/sindaopcpb.org.br\/index.php\/wp-json\/wp\/v2\/posts\/37016\/revisions"}],"predecessor-version":[{"id":37017,"href":"https:\/\/sindaopcpb.org.br\/index.php\/wp-json\/wp\/v2\/posts\/37016\/revisions\/37017"}],"wp:attachment":[{"href":"https:\/\/sindaopcpb.org.br\/index.php\/wp-json\/wp\/v2\/media?parent=37016"}],"wp:term":[{"taxonomy":"category","embeddable":true,"href":"https:\/\/sindaopcpb.org.br\/index.php\/wp-json\/wp\/v2\/categories?post=37016"},{"taxonomy":"post_tag","embeddable":true,"href":"https:\/\/sindaopcpb.org.br\/index.php\/wp-json\/wp\/v2\/tags?post=37016"}],"curies":[{"name":"wp","href":"https:\/\/api.w.org\/{rel}","templated":true}]}}