{"id":37012,"date":"2023-10-02T10:53:15","date_gmt":"2023-10-02T13:53:15","guid":{"rendered":"https:\/\/g1.globo.com\/pb\/paraiba\/noticia\/2023\/10\/02\/maestro-tom-k-referencia-no-canto-coral-morre-em-joao-pessoa.ghtml"},"modified":"2023-10-02T10:53:15","modified_gmt":"2023-10-02T13:53:15","slug":"maestro-tom-k-referencia-no-canto-coral-morre-aos-70-anos-em-joao-pessoa","status":"publish","type":"post","link":"https:\/\/sindaopcpb.org.br\/index.php\/2023\/10\/02\/maestro-tom-k-referencia-no-canto-coral-morre-aos-70-anos-em-joao-pessoa\/","title":{"rendered":"Maestro Tom K, refer\u00eancia no canto coral, morre aos 70 anos em Jo\u00e3o Pessoa"},"content":{"rendered":"   <img src=\"https:\/\/s2.glbimg.com\/tUgogxFRd6b0DX-dkBp3-LcaWKk=\/i.s3.glbimg.com\/v1\/AUTH_59edd422c0c84a879bd37670ae4f538a\/internal_photos\/bs\/2023\/J\/5\/HfsGWLTym0mL0bmENJbw\/maestro-tom-k.png\" \/><br \/>     Tom K estava internado em um hospital privado em Jo\u00e3o Pessoa. Morte foi confirmada pela UFPB, onde o maestro lecionou por anos. Maestro Tom K, refer\u00eancia no canto coral da Para\u00edba e do Brasil\nArquivo Pessoal\nMorreu em Jo\u00e3o Pessoa na noite do domingo (1\u00ba), aos 70 anos, o maestro Ant\u00f4nio Carlos Batista Pinto Coelho, conhecido como maestro Tom K. A informa\u00e7\u00e3o foi confirmada pelo Departamento de M\u00fasica da Universidade Federal da Para\u00edba (UFPB), no qual o maestro foi professor e atuou durante anos.\nCompartilhe no Whatsapp\nCompartilhe no Telegram\nDe acordo com familiares e amigos de Tom K, a morte dele se deu em virtude de v\u00e1rios problemas de sa\u00fade. Ele enfrentou um c\u00e2ncer de f\u00edgado em meados de 2020, e desde ent\u00e3o ficou debilitado.\nTom K estava internado h\u00e1 cerca de 15 dias em um hospital privado em Jo\u00e3o Pessoa, onde morreu nesse domingo (1\u00ba). O vel\u00f3rio dele acontece nesta segunda-feira (2) na Mortu\u00e1ria S\u00e3o Jo\u00e3o Batista, e o sepultamento ocorrer\u00e1 no cemit\u00e9rio Boa Senten\u00e7a \u00e0s 16h.\nO maestro Tom K \u00e9 natural de Recife, Pernambuco, mas morava na Para\u00edba desde 1966. Ele era professor da UFPB, onde lecionou no Departamento de Educa\u00e7\u00e3o Musical em diversas disciplinas e regeu o Coro Sinf\u00f4nico da Para\u00edba, por mais de 15 ano.\nO maestro tamb\u00e9m foi foi fundador do Coro de C\u00e2mara Villa Lobos, do qual foi regente por 10 anos; regeu o Madrigal Para\u00edba tamb\u00e9m por 10 anos; foi maestro do Coral da Associa\u00e7\u00e3o dos Aposentados da Caixa Econ\u00f4mica Federal (Coral APCEF\/PB) por 35 anos; e membro fundador do Laborat\u00f3rio de Composi\u00e7\u00e3o da UFPB (COMPOMUS).\nTom K ser\u00e1 homenageado no 21\u00ba Festival Paraibano de Coros, que acontece no m\u00eas de novembro. Segundo o maestro Eduardo N\u00f3brega, da UFPB, Tom K sabia da homenagem e se preparava para participar do evento, que agora deve prestar homenagens p\u00f3stumas ao maestro.\nV\u00eddeos mais assistidos do g1 Para\u00edba  ","protected":false},"excerpt":{"rendered":"<p>        Tom K estava internado em um hospital privado em Jo\u00e3o Pessoa. Morte foi confirmada pela UFPB, onde o maestro lecionou por anos. Maestro Tom K, refer\u00eancia no canto coral da Para\u00edba e do Brasil<br \/>\nArquivo Pessoal<br \/>\nMorreu em Jo\u00e3o Pessoa na noite do do&#8230;<\/p>\n","protected":false},"author":2,"featured_media":0,"comment_status":"closed","ping_status":"closed","sticky":false,"template":"","format":"standard","meta":{"advgb_blocks_editor_width":"","advgb_blocks_columns_visual_guide":"","footnotes":""},"categories":[34],"tags":[35],"class_list":["post-37012","post","type-post","status-publish","format-standard","hentry","category-g1","tag-g1"],"author_meta":{"display_name":"g1 &gt; Para\u00edba","author_link":"https:\/\/sindaopcpb.org.br\/author\/g1-paraiba\/"},"featured_img":null,"coauthors":[],"tax_additional":{"categories":{"linked":["<a href=\"https:\/\/sindaopcpb.org.br\/g1\/\" class=\"advgb-post-tax-term\">G1<\/a>"],"unlinked":["<span class=\"advgb-post-tax-term\">G1<\/span>"]},"tags":{"linked":["<a href=\"https:\/\/sindaopcpb.org.br\/g1\/\" class=\"advgb-post-tax-term\">g1<\/a>"],"unlinked":["<span class=\"advgb-post-tax-term\">g1<\/span>"]}},"comment_count":"0","relative_dates":{"created":"Publicado 3 anos atr\u00e1s","modified":"Atualizado 3 anos atr\u00e1s"},"absolute_dates":{"created":"Publicado em 2 de outubro de 2023","modified":"Atualizado em 2 de outubro de 2023"},"absolute_dates_time":{"created":"Publicado em 2 de outubro de 2023 10:53","modified":"Atualizado em 2 de outubro de 2023 10:53"},"featured_img_caption":"","series_order":"","_links":{"self":[{"href":"https:\/\/sindaopcpb.org.br\/index.php\/wp-json\/wp\/v2\/posts\/37012","targetHints":{"allow":["GET"]}}],"collection":[{"href":"https:\/\/sindaopcpb.org.br\/index.php\/wp-json\/wp\/v2\/posts"}],"about":[{"href":"https:\/\/sindaopcpb.org.br\/index.php\/wp-json\/wp\/v2\/types\/post"}],"author":[{"embeddable":true,"href":"https:\/\/sindaopcpb.org.br\/index.php\/wp-json\/wp\/v2\/users\/2"}],"replies":[{"embeddable":true,"href":"https:\/\/sindaopcpb.org.br\/index.php\/wp-json\/wp\/v2\/comments?post=37012"}],"version-history":[{"count":2,"href":"https:\/\/sindaopcpb.org.br\/index.php\/wp-json\/wp\/v2\/posts\/37012\/revisions"}],"predecessor-version":[{"id":37031,"href":"https:\/\/sindaopcpb.org.br\/index.php\/wp-json\/wp\/v2\/posts\/37012\/revisions\/37031"}],"wp:attachment":[{"href":"https:\/\/sindaopcpb.org.br\/index.php\/wp-json\/wp\/v2\/media?parent=37012"}],"wp:term":[{"taxonomy":"category","embeddable":true,"href":"https:\/\/sindaopcpb.org.br\/index.php\/wp-json\/wp\/v2\/categories?post=37012"},{"taxonomy":"post_tag","embeddable":true,"href":"https:\/\/sindaopcpb.org.br\/index.php\/wp-json\/wp\/v2\/tags?post=37012"}],"curies":[{"name":"wp","href":"https:\/\/api.w.org\/{rel}","templated":true}]}}