{"id":37009,"date":"2023-10-02T09:49:47","date_gmt":"2023-10-02T12:49:47","guid":{"rendered":"https:\/\/www.infomoney.com.br\/?p=2257490"},"modified":"2023-10-02T09:49:47","modified_gmt":"2023-10-02T12:49:47","slug":"candidatos-a-presidencia-da-argentina-trocam-farpas-em-primeiro-debate","status":"publish","type":"post","link":"https:\/\/sindaopcpb.org.br\/index.php\/2023\/10\/02\/candidatos-a-presidencia-da-argentina-trocam-farpas-em-primeiro-debate\/","title":{"rendered":"Candidatos \u00e0 Presid\u00eancia da Argentina trocam farpas em primeiro debate"},"content":{"rendered":"<p><img loading=\"lazy\" width=\"300\" height=\"191\" src=\"https:\/\/www.infomoney.com.br\/wp-content\/uploads\/2023\/10\/Captura-de-tela-2023-10-02-094517.png?fit=300%2C191&amp;quality=70&amp;strip=all\" class=\"attachment-medium size-medium wp-post-image\" alt=\"\" decoding=\"async\" style=\"float:right; margin:0 0 10px 10px;\" srcset=\"https:\/\/www.infomoney.com.br\/wp-content\/uploads\/2023\/10\/Captura-de-tela-2023-10-02-094517.png?w=1313&amp;quality=70&amp;strip=all 1313w, https:\/\/www.infomoney.com.br\/wp-content\/uploads\/2023\/10\/Captura-de-tela-2023-10-02-094517.png?w=300&amp;quality=70&amp;strip=all 300w, https:\/\/www.infomoney.com.br\/wp-content\/uploads\/2023\/10\/Captura-de-tela-2023-10-02-094517.png?w=768&amp;quality=70&amp;strip=all 768w, https:\/\/www.infomoney.com.br\/wp-content\/uploads\/2023\/10\/Captura-de-tela-2023-10-02-094517.png?w=1280&amp;quality=70&amp;strip=all 1280w, https:\/\/www.infomoney.com.br\/wp-content\/uploads\/2023\/10\/Captura-de-tela-2023-10-02-094517.png?w=150&amp;quality=70&amp;strip=all 150w\" sizes=\"auto, (max-width: 300px) 100vw, 300px\" data-attachment-id=\"2257494\" data-permalink=\"https:\/\/www.infomoney.com.br\/economia\/candidatos-a-presidencia-da-argentina-trocam-farpas-em-primeiro-debate\/attachment\/captura-de-tela-2023-10-02-094517\/\" data-orig-file=\"https:\/\/www.infomoney.com.br\/wp-content\/uploads\/2023\/10\/Captura-de-tela-2023-10-02-094517.png?fit=1313%2C837&amp;quality=70&amp;strip=all\" data-orig-size=\"1313,837\" data-comments-opened=\"0\" data-image-meta=\"{&quot;aperture&quot;:&quot;0&quot;,&quot;credit&quot;:&quot;&quot;,&quot;camera&quot;:&quot;&quot;,&quot;caption&quot;:&quot;&quot;,&quot;created_timestamp&quot;:&quot;0&quot;,&quot;copyright&quot;:&quot;&quot;,&quot;focal_length&quot;:&quot;0&quot;,&quot;iso&quot;:&quot;0&quot;,&quot;shutter_speed&quot;:&quot;0&quot;,&quot;title&quot;:&quot;&quot;,&quot;orientation&quot;:&quot;0&quot;}\" data-image-title=\"Sergio Massa e Javier Milei\" data-image-description=\"\" data-image-caption=\"&lt;p&gt;Sergio Massa e Javier Milei durante debate 1\/10\/2023 (Foto: Tomas Cuesta\/Pool via REUTERS)&lt;\/p&gt;\n\" data-medium-file=\"https:\/\/www.infomoney.com.br\/wp-content\/uploads\/2023\/10\/Captura-de-tela-2023-10-02-094517.png?fit=300%2C191&amp;quality=70&amp;strip=all\" data-large-file=\"https:\/\/www.infomoney.com.br\/wp-content\/uploads\/2023\/10\/Captura-de-tela-2023-10-02-094517.png?fit=1280%2C816&amp;quality=70&amp;strip=all\" title=\"\"><\/p>\n<p>BUENOS AIRES (Reuters) &ndash; Os principais candidatos &agrave; Presid&ecirc;ncia da Argentina entraram em confronto no primeiro debate da campanha no domingo, trocando farpas sobre quem &eacute; o culpado pelas &uacute;ltimas crises econ&ocirc;micas e como acabar com d&eacute;cadas de dificuldade econ&ocirc;mica.<\/p>\n<p>De acordo com a lei argentina, dois debates obrigat&oacute;rios devem ser realizados antes da elei&ccedil;&atilde;o presidencial de 22 de outubro, na qual os eleitores argentinos t&ecirc;m vis&otilde;es radicalmente diferentes para o futuro.<\/p>\n<p>Com o crescente ceticismo dos eleitores, o debate sobre economia, educa&ccedil;&atilde;o, direitos humanos e &ldquo;coexist&ecirc;ncia democr&aacute;tica&rdquo; foi realizado com um formato pr&eacute;-estabelecido e regras r&iacute;gidas que deram pouco tempo para que os candidatos elaborassem seus pontos.<\/p>\n<p>O candidato ultraliberal Javier Milei, que prop&otilde;e a dolariza&ccedil;&atilde;o e est&aacute; liderando as pesquisas, prop&ocirc;s &ldquo;reformar o Estado, reduzir drasticamente os gastos p&uacute;blicos, cortar impostos, simplificar o sistema tribut&aacute;rio, desregulamentar a economia, privatizar para se livrar das empresas estatais nocivas, abrir a economia e fechar o banco central&rdquo;.<\/p>\n<div class=\"infomoney-related-posts\">\n<h4>Leia tamb&eacute;m<\/h4>\n<div class=\"list\">\n<div class=\"row mx-0 item\">\n<div class=\"img-container\">\n<figure><img decoding=\"async\" class=\"img-fluid img-fluid\" src=\"https:\/\/www.infomoney.com.br\/wp-content\/uploads\/2020\/09\/GettyImages-458742713.jpg?quality=70&#038;w=150&#038;%23038;h=150&#038;%23038;crop=1&#038;%23038;strip=all\" data-recalc-dims=\"1\" alt=\"\" title=\"\"><\/figure>\n<\/div>\n<div class=\"info\"><span class=\"hl-hat\">Boom em mercado<\/span><span class=\"hl-title\"><a href=\"https:\/\/www.infomoney.com.br\/mercados\/amor-dos-argentinos-por-dolares-faz-setor-do-mercado-disparar-em-meio-a-crise\/\" rel=\"nofollow noopener\" target=\"_blank\">&ldquo;Amor&rdquo; dos argentinos por d&oacute;lares faz setor do mercado disparar em meio &agrave; crise<\/a><\/span><span class=\"hl-description\">Para as corretoras locais, o caos alimentou um boom diferente de tudo o que os veteranos do setor conseguem lembrar<\/span><\/div>\n<\/div>\n<\/div>\n<\/div>\n<p>Milei disse aos eleitores que, com tais reformas, em 15 anos a Argentina &ldquo;poderia estar atingindo padr&otilde;es de vida semelhantes aos da It&aacute;lia ou da Fran&ccedil;a, se me derem 20, da Alemanha, e se me derem 35, dos Estados Unidos&rdquo;.<\/p>\n<div class=\"cta-middle\">\n<div class=\"im-cta bg-light bg-opacity-25 border rounded-4 p-3 p-sm-4 p-md-3 p-lg-4 px-xxl-5 my-5\" >\n<div class=\"d-flex flex-column align-items-center align-items-lg-start mb-4 flex-lg-row\">\n<div class=\"rounded-circle mb-2 mb-lg-0 mr-lg-4 me-lg-4 p-3 p-lg-4 bg-red-500\"><svg width=\"40\" height=\"40\" viewBox=\"0 0 40 40\" fill=\"none\" xmlns=\"http:\/\/www.w3.org\/2000\/svg\"><path d=\"M19.958 33.083 8.833 27v-9.042L3.417 15l16.541-9.042L36.583 15v11.875h-1.875v-10.75l-3.583 1.833V27l-11.167 6.083Zm0-11.208L32.625 15 19.958 8.208 7.375 15l12.583 6.875Zm0 9.042 9.25-5.084v-6.75l-9.25 4.959-9.25-5v6.791l9.25 5.084Z\" fill=\"#fff\"\/><\/svg><\/div>\n<div class=\"flex-fill text-center text-lg-left\">\n<div class=\"h6 small text-orange-700 lh-base mb-1\">Masterclass<\/div>\n<div class=\"text-body h4 m-0\">As A&ccedil;&otilde;es mais Promissoras da Bolsa<\/div>\n<div class=\"text-body small lh-base mt-2\">Baixe uma lista de 10 a&ccedil;&otilde;es de Small Caps que, na opini&atilde;o dos especialistas, possuem potencial de valoriza&ccedil;&atilde;o para os pr&oacute;ximos meses e anos, e assista a uma aula gratuita<\/div>\n<\/div>\n<\/div>\n<div class=\"im-shortcode-forms-v2\" data-component-type=\"multiformBootstrapV2\" data-configuracao='{\"id\":\"2187038\",\"optimize_id\":\"\",\"nome\":false,\"titulo\":\"As A&ccedil;&otilde;es mais Promissoras da Bolsa\",\"icone\":\"course\",\"chapeu\":\"Masterclass\",\"email\":true,\"telefone\":false,\"cpf\":false,\"campanha\":\"MSC\",\"LancamentoID\":\"182\",\"thankYouUrl\":\"\",\"idJorney\":\"APIEvent-b49ef1f9-628f-fef4-c221-32b0cd5295f3\",\"idDE\":\"\",\"botaoLabel\":\"\",\"contextSegment\":\"Newsletter\",\"urlOrigem\":\"https:\\\/\\\/www.infomoney.com.br\\\/economia\\\/candidatos-a-presidencia-da-argentina-trocam-farpas-em-primeiro-debate\\\/?utm_medium=materia&#038;utm_source=infomoney&#038;utm_campaign=MSC&#038;utm_term=economia&#038;utm_content=serie-aquisicao\",\"openBlank\":true,\"gaPosition\":\"meio\",\"gaCategory\":\"cta_form\",\"useCaptacaoLead\":true,\"dataUTM\":{\"utmMedium\":\"materia\",\"utmSource\":\"infomoney\",\"utmCampaign\":\"MSC\",\"utmTerm\":\"economia\",\"utmContent\":\"serie-aquisicao\"}}'><\/div>\n<\/p><\/div>\n<\/div>\n<p>Sergio Massa, candidato do partido governista, pediu desculpas aos eleitores pelas recentes dificuldades econ&ocirc;micas, mas procurou se distanciar dos &ldquo;erros&rdquo; cometidos pelo governo antes de se tornar ministro da Economia.<\/p>\n<p>&ldquo;Estou ciente de que a infla&ccedil;&atilde;o &eacute; um grande problema na Argentina&rdquo;, disse Massa.<\/p>\n<p>A ordem das apresenta&ccedil;&otilde;es foi previamente sorteada.<\/p>\n<p>&ldquo;Todos n&oacute;s estamos clamando pelo fim da ang&uacute;stia em que estamos vivendo. Ningu&eacute;m na Argentina aguenta mais&rdquo;, afirmou a l&iacute;der de centro-direita Patricia Bullrich.<\/p>\n<p>&ldquo;Estou chegando para eliminar a infla&ccedil;&atilde;o&rdquo;, acrescentou ela, sem entrar em detalhes.<\/p>\n<p>Sobre educa&ccedil;&atilde;o, todos os candidatos apoiaram a educa&ccedil;&atilde;o p&uacute;blica e, em rela&ccedil;&atilde;o aos direitos humanos, mantiveram suas diferen&ccedil;as sobre a hist&oacute;ria recente da Argentina.<\/p>\n<p>O segundo debate, que vai abordar seguran&ccedil;a, trabalho e &ldquo;desenvolvimento humano, moradia e prote&ccedil;&atilde;o ambiental&rdquo;, ser&aacute; realizado no pr&oacute;ximo domingo em Buenos Aires.<\/p>\n<\/p>\n<div class=\"cta-end\">\n<div class=\"im-cta\" >\n<div class=\"im-shortcode-forms bg-light bg-opacity-25 border rounded-4 p-3 p-sm-4 p-md-3 p-lg-4 px-xxl-5 my-5\" data-configuration='{\"form_name\":false,\"form_hat\":\"Newsletter\",\"form_email\":true,\"form_icon\":\"newsletter\",\"form_phone\":false,\"form_campaign\":\"NIM\",\"form_thankyou\":\"\",\"form_journey\":\"APIEvent-26a5198d-8e09-06ef-5f80-cd9127757ad1\",\"form_button\":\"Quero receber\",\"form_context\":\"newsletter\",\"form_origin\":\"https:\\\/\\\/www.infomoney.com.br\\\/politica\\\/feed\\\/?utm_medium=materia&#038;utm_source=infomoney&#038;utm_campaign=NIM&#038;utm_term=economia&#038;utm_content=newsletter\",\"form_position\":\"final\",\"form_category\":\"cta_form\"}'>\n<div class=\"d-flex flex-column align-items-center align-items-lg-start mb-4 flex-lg-row\">\n<div class=\"rounded-circle mb-2 mb-lg-0 mr-lg-4 me-lg-4 p-3 p-lg-4 bg-blue-400\"><svg width=\"40\" height=\"40\" viewBox=\"0 0 40 40\" fill=\"none\" xmlns=\"http:\/\/www.w3.org\/2000\/svg\"><path d=\"M20 20.25 6.042 11.042v19.041c0 .167.048.299.146.396a.535.535 0 0 0 .395.146h15.792V32.5H6.583a2.328 2.328 0 0 1-1.708-.708 2.328 2.328 0 0 1-.708-1.709V9.917c0-.667.236-1.236.708-1.709A2.328 2.328 0 0 1 6.583 7.5h26.834c.666 0 1.236.236 1.708.708a2.33 2.33 0 0 1 .708 1.709v12.458h-1.875V11.042L20 20.25Zm0-2 13.667-8.875H6.333L20 18.25Zm11.75 18.958-1.292-1.333 3.334-3.375h-9v-1.875h9l-3.375-3.417 1.333-1.291 5.667 5.625-5.667 5.666ZM6.042 11.042v20.791-9.458.25-13.25 1.667Z\" fill=\"#fff\"\/><\/svg><\/div>\n<div class=\"flex-fill text-center text-lg-left\">\n<div class=\"h6 small text-orange-700 lh-base mb-1\">Newsletter<\/div>\n<div class=\"text-body h4 m-0\">Infomorning<\/div>\n<div class=\"text-body small lh-base mt-2\">Receba no seu e-mail logo pela manh&atilde; as not&iacute;cias que v&atilde;o mexer com os mercados, com os seus investimentos e o seu bolso durante o dia<\/div>\n<\/div>\n<\/div>\n<\/div>\n<\/div>\n<\/div>\n<p>The post <a rel=\"nofollow noopener\" href=\"https:\/\/www.infomoney.com.br\/economia\/candidatos-a-presidencia-da-argentina-trocam-farpas-em-primeiro-debate\/\" target=\"_blank\">Candidatos \u00e0 Presid\u00eancia da Argentina trocam farpas em primeiro debate<\/a> appeared first on <a rel=\"nofollow noopener\" href=\"https:\/\/www.infomoney.com.br\/\" target=\"_blank\">InfoMoney<\/a>.<\/p>\n","protected":false},"excerpt":{"rendered":"<p><img loading=\"lazy\" decoding=\"async\" width=\"300\" height=\"191\" src=\"https:\/\/www.infomoney.com.br\/wp-content\/uploads\/2023\/10\/Captura-de-tela-2023-10-02-094517.png?fit=300%2C191&amp;quality=70&amp;strip=all\" class=\"attachment-medium size-medium wp-post-image\" alt=\"\" data-attachment-id=\"2257494\" data-permalink=\"https:\/\/www.infomoney.com.br\/economia\/candidatos-a-presidencia-da-argentina-trocam-farpas-em-primeiro-debate\/attachment\/captura-de-tela-2023-10-02-094517\/\" data-orig-file=\"https:\/\/www.infomoney.com.br\/wp-content\/uploads\/2023\/10\/Captura-de-tela-2023-10-02-094517.png?fit=1313%2C837&amp;quality=70&amp;strip=all\" data-orig-size=\"1313,837\" data-comments-opened=\"0\" data-image-meta='{\"aperture\":\"0\",\"credit\":\"\",\"camera\":\"\",\"caption\":\"\",\"created_timestamp\":\"0\",\"copyright\":\"\",\"focal_length\":\"0\",\"iso\":\"0\",\"shutter_speed\":\"0\",\"title\":\"\",\"orientation\":\"0\"}' data-image-title=\"Sergio Massa e Javier Milei\" data-image-description=\"\" data-image-caption=\"&lt;p&gt;Sergio Massa e Javier Milei durante debate 1\/10\/2023 (Foto: Tomas Cuesta\/Pool via REUTERS)&lt;\/p&gt;\n\" data-medium-file=\"https:\/\/www.infomoney.com.br\/wp-content\/uploads\/2023\/10\/Captura-de-tela-2023-10-02-094517.png?fit=300%2C191&amp;quality=70&amp;strip=all\" data-large-file=\"https:\/\/www.infomoney.com.br\/wp-content\/uploads\/2023\/10\/Captura-de-tela-2023-10-02-094517.png?fit=1280%2C816&amp;quality=70&amp;strip=all\">De acordo com a lei argentina, dois debates obrigat\u00f3rios devem ser realizados antes da elei\u00e7\u00e3o presidencial de 22 de outubro<\/p>\n<p>The post <a rel=\"nofollow\" href=\"https:\/\/www.infomoney.com.br\/economia\/candidatos-a-presidencia-da-argentina-trocam-farpas-em-primeiro-debate\/\">Candidatos \u00e0 Presid\u00eancia da Argentina trocam farpas em primeiro debate<\/a> appeared first on <a rel=\"nofollow\" href=\"https:\/\/www.infomoney.com.br\/\">InfoMoney<\/a>.<\/p>\n","protected":false},"author":46,"featured_media":0,"comment_status":"closed","ping_status":"closed","sticky":false,"template":"","format":"standard","meta":{"advgb_blocks_editor_width":"","advgb_blocks_columns_visual_guide":"","footnotes":""},"categories":[1386,69,8149,34,7734,127,47,8037],"tags":[35],"class_list":["post-37009","post","type-post","status-publish","format-standard","hentry","category-argentina","category-economia","category-eleicoes-na-argentina","category-g1","category-javier-milei","category-mercados","category-politica","category-sergio-massa","tag-g1"],"author_meta":{"display_name":"Reuters","author_link":"https:\/\/sindaopcpb.org.br\/author\/reuters\/"},"featured_img":null,"coauthors":[],"tax_additional":{"categories":{"linked":["<a href=\"https:\/\/sindaopcpb.org.br\/argentina\/\" class=\"advgb-post-tax-term\">Argentina<\/a>","<a href=\"https:\/\/sindaopcpb.org.br\/economia\/\" class=\"advgb-post-tax-term\">Economia<\/a>","<a href=\"https:\/\/sindaopcpb.org.br\/eleicoes-na-argentina\/\" class=\"advgb-post-tax-term\">Elei\u00e7\u00f5es na Argentina<\/a>","<a href=\"https:\/\/sindaopcpb.org.br\/g1\/\" class=\"advgb-post-tax-term\">G1<\/a>","<a href=\"https:\/\/sindaopcpb.org.br\/javier-milei\/\" class=\"advgb-post-tax-term\">Javier Milei<\/a>","<a href=\"https:\/\/sindaopcpb.org.br\/mercados\/\" class=\"advgb-post-tax-term\">Mercados<\/a>","<a href=\"https:\/\/sindaopcpb.org.br\/politica\/\" class=\"advgb-post-tax-term\">POLITICA<\/a>","<a href=\"https:\/\/sindaopcpb.org.br\/sergio-massa\/\" class=\"advgb-post-tax-term\">Sergio Massa<\/a>"],"unlinked":["<span class=\"advgb-post-tax-term\">Argentina<\/span>","<span class=\"advgb-post-tax-term\">Economia<\/span>","<span class=\"advgb-post-tax-term\">Elei\u00e7\u00f5es na Argentina<\/span>","<span class=\"advgb-post-tax-term\">G1<\/span>","<span class=\"advgb-post-tax-term\">Javier Milei<\/span>","<span class=\"advgb-post-tax-term\">Mercados<\/span>","<span class=\"advgb-post-tax-term\">POLITICA<\/span>","<span class=\"advgb-post-tax-term\">Sergio Massa<\/span>"]},"tags":{"linked":["<a href=\"https:\/\/sindaopcpb.org.br\/sergio-massa\/\" class=\"advgb-post-tax-term\">g1<\/a>"],"unlinked":["<span class=\"advgb-post-tax-term\">g1<\/span>"]}},"comment_count":"0","relative_dates":{"created":"Publicado 3 anos atr\u00e1s","modified":"Atualizado 3 anos atr\u00e1s"},"absolute_dates":{"created":"Publicado em 2 de outubro de 2023","modified":"Atualizado em 2 de outubro de 2023"},"absolute_dates_time":{"created":"Publicado em 2 de outubro de 2023 09:49","modified":"Atualizado em 2 de outubro de 2023 09:49"},"featured_img_caption":"","series_order":"","_links":{"self":[{"href":"https:\/\/sindaopcpb.org.br\/index.php\/wp-json\/wp\/v2\/posts\/37009","targetHints":{"allow":["GET"]}}],"collection":[{"href":"https:\/\/sindaopcpb.org.br\/index.php\/wp-json\/wp\/v2\/posts"}],"about":[{"href":"https:\/\/sindaopcpb.org.br\/index.php\/wp-json\/wp\/v2\/types\/post"}],"author":[{"embeddable":true,"href":"https:\/\/sindaopcpb.org.br\/index.php\/wp-json\/wp\/v2\/users\/46"}],"replies":[{"embeddable":true,"href":"https:\/\/sindaopcpb.org.br\/index.php\/wp-json\/wp\/v2\/comments?post=37009"}],"version-history":[{"count":1,"href":"https:\/\/sindaopcpb.org.br\/index.php\/wp-json\/wp\/v2\/posts\/37009\/revisions"}],"predecessor-version":[{"id":37010,"href":"https:\/\/sindaopcpb.org.br\/index.php\/wp-json\/wp\/v2\/posts\/37009\/revisions\/37010"}],"wp:attachment":[{"href":"https:\/\/sindaopcpb.org.br\/index.php\/wp-json\/wp\/v2\/media?parent=37009"}],"wp:term":[{"taxonomy":"category","embeddable":true,"href":"https:\/\/sindaopcpb.org.br\/index.php\/wp-json\/wp\/v2\/categories?post=37009"},{"taxonomy":"post_tag","embeddable":true,"href":"https:\/\/sindaopcpb.org.br\/index.php\/wp-json\/wp\/v2\/tags?post=37009"}],"curies":[{"name":"wp","href":"https:\/\/api.w.org\/{rel}","templated":true}]}}