{"id":37001,"date":"2023-10-02T10:42:12","date_gmt":"2023-10-02T13:42:12","guid":{"rendered":"https:\/\/www.infomoney.com.br\/?p=2257591"},"modified":"2023-10-02T10:42:12","modified_gmt":"2023-10-02T13:42:12","slug":"senado-vota-desenrola-brasil-nesta-segunda","status":"publish","type":"post","link":"https:\/\/sindaopcpb.org.br\/index.php\/2023\/10\/02\/senado-vota-desenrola-brasil-nesta-segunda\/","title":{"rendered":"Senado vota Desenrola Brasil nesta segunda"},"content":{"rendered":"<p><img loading=\"lazy\" width=\"300\" height=\"225\" src=\"https:\/\/www.infomoney.com.br\/wp-content\/uploads\/2023\/08\/29082023-lula4144.jpg?fit=300%2C225&amp;quality=70&amp;strip=all\" class=\"attachment-medium size-medium wp-post-image\" alt=\"\" decoding=\"async\" style=\"float:right; margin:0 0 10px 10px;\" srcset=\"https:\/\/www.infomoney.com.br\/wp-content\/uploads\/2023\/08\/29082023-lula4144.jpg?w=1024&amp;quality=70&amp;strip=all 1024w, https:\/\/www.infomoney.com.br\/wp-content\/uploads\/2023\/08\/29082023-lula4144.jpg?w=300&amp;quality=70&amp;strip=all 300w, https:\/\/www.infomoney.com.br\/wp-content\/uploads\/2023\/08\/29082023-lula4144.jpg?w=768&amp;quality=70&amp;strip=all 768w, https:\/\/www.infomoney.com.br\/wp-content\/uploads\/2023\/08\/29082023-lula4144.jpg?w=150&amp;quality=70&amp;strip=all 150w\" sizes=\"auto, (max-width: 300px) 100vw, 300px\" data-attachment-id=\"2228625\" data-permalink=\"https:\/\/www.infomoney.com.br\/politica\/reforma-tributaria-governadores-do-norte-e-nordeste-querem-representacao-igualitaria-em-conselho-federativo\/attachment\/29082023-lula4144\/\" data-orig-file=\"https:\/\/www.infomoney.com.br\/wp-content\/uploads\/2023\/08\/29082023-lula4144.jpg?fit=1024%2C768&amp;quality=70&amp;strip=all\" data-orig-size=\"1024,768\" data-comments-opened=\"0\" data-image-meta=\"{&quot;aperture&quot;:&quot;4.5&quot;,&quot;credit&quot;:&quot;LULA MARQUES&quot;,&quot;camera&quot;:&quot;Canon EOS-1D X Mark II&quot;,&quot;caption&quot;:&quot;Bras\\u00edlia (DF) 29\\\/08\\\/2023  Sess\\u00e3o tem\\u00e1tica para debater a proposta de emenda \\u00e0 Constitui\\u00e7\\u00e3o (PEC 45\\\/2019) da reforma tribut\\u00e1ria. Foram convidados os 27 governadores dos estados e do Distrito Federal. Foto Lula Marques\\\/ Ag\\u00eancia Brasil&quot;,&quot;created_timestamp&quot;:&quot;1693305835&quot;,&quot;copyright&quot;:&quot;&quot;,&quot;focal_length&quot;:&quot;30&quot;,&quot;iso&quot;:&quot;3200&quot;,&quot;shutter_speed&quot;:&quot;0.005&quot;,&quot;title&quot;:&quot;&quot;,&quot;orientation&quot;:&quot;0&quot;}\" data-image-title=\"Plen\u00e1rio do Senado\" data-image-description=\"\" data-image-caption=\"&lt;p&gt;Plen\u00e1rio do Senado Federal em Bras\u00edlia (Lula Marques\/Ag\u00eancia Brasil)&lt;\/p&gt;\n\" data-medium-file=\"https:\/\/www.infomoney.com.br\/wp-content\/uploads\/2023\/08\/29082023-lula4144.jpg?fit=300%2C225&amp;quality=70&amp;strip=all\" data-large-file=\"https:\/\/www.infomoney.com.br\/wp-content\/uploads\/2023\/08\/29082023-lula4144.jpg?fit=1024%2C768&amp;quality=70&amp;strip=all\" title=\"\"><\/p>\n<p>Item &uacute;nico na pauta, o projeto&nbsp;que cria o Programa Emergencial Desenrola Brasil &mdash; destinado &agrave; renegocia&ccedil;&atilde;o de d&iacute;vidas pessoais para redu&ccedil;&atilde;o do endividamento &mdash; ser&aacute; votado nesta segunda-feira (2) em Plen&aacute;rio, a partir das 14h.<\/p>\n<p>A convoca&ccedil;&atilde;o para a sess&atilde;o plen&aacute;ria deliberativa foi feita pelo presidente do Senado, Rodrigo Pacheco, ap&oacute;s a mat&eacute;ria ter sido aprovada na Comiss&atilde;o de Assuntos Econ&ocirc;micos (CAE) na quinta-feira (28).&nbsp;O&nbsp;PL 2.685\/2022 precisa ser votado at&eacute; esta segunda-feira porque na ter&ccedil;a (3) perde a validade a Medida Provis&oacute;ria (MP) &nbsp;1.176\/2023, que criou o &nbsp;Programa Desenrola Brasil, em funcionamento desde 17 de julho deste ano.<\/p>\n<p>Relator do projeto, o senador Rodrigo Cunha (Podemos-AL) deu parecer favor&aacute;vel ao texto, proveniente da C&acirc;mara dos Deputados. O projeto estabelece normas para facilitar o acesso ao cr&eacute;dito e diminuir a inadimpl&ecirc;ncia e o superendividamento. Uma das medidas previstas &eacute; o limite para os juros do cart&atilde;o de cr&eacute;dito, que deve ser fixado pelo Conselho Monet&aacute;rio Nacional (CMN).<\/p>\n<p>Em defesa pela aprova&ccedil;&atilde;o da mat&eacute;ria na CAE, Rodrigo Cunha afirmou que &ldquo;o endividamento das fami&#769;lias brasileiras e&#769; um desafio cr&iacute;tico que afeta na&#771;o apenas as finan&ccedil;as pessoais, mas tambe&#769;m a estabilidade econ&ocirc;mica do pai&#769;s como um todo&rdquo;.<\/p>\n<p>V&aacute;lido at&eacute; 31 de dezembro de 2023, o programa dever&aacute; beneficiar at&eacute; 70 milh&otilde;es de pessoas, de acordo com a expectativa do Minist&eacute;rio da Fazenda. O intuito &eacute; incentivar a renegocia&ccedil;&atilde;o de d&iacute;vidas de pessoas inscritas em cadastros de inadimplentes para reduzir o endividamento e facilitar a retomada do acesso ao cr&eacute;dito.<\/p>\n<p>Para isso, o projeto estabelece dois tipos de&nbsp;empresas envolvidas na negocia&ccedil;&atilde;o com o devedor: o credor, que inscreveu a pessoa devedora no cadastro de inadimplentes; e os agentes financeiros, autorizados a realizar opera&ccedil;&otilde;es de cr&eacute;dito.<\/p>\n<\/p>\n<div class=\"cta-end\">\n<div class=\"im-cta\" >\n<div class=\"im-shortcode-forms bg-light bg-opacity-25 border rounded-4 p-3 p-sm-4 p-md-3 p-lg-4 px-xxl-5 my-5\" data-configuration='{\"form_name\":false,\"form_hat\":\"Newsletter\",\"form_email\":true,\"form_icon\":\"newsletter\",\"form_phone\":false,\"form_campaign\":\"NIM\",\"form_thankyou\":\"\",\"form_journey\":\"APIEvent-26a5198d-8e09-06ef-5f80-cd9127757ad1\",\"form_button\":\"Quero receber\",\"form_context\":\"newsletter\",\"form_origin\":\"https:\\\/\\\/www.infomoney.com.br\\\/politica\\\/feed\\\/?utm_medium=materia&#038;utm_source=infomoney&#038;utm_campaign=NIM&#038;utm_term=politica&#038;utm_content=newsletter\",\"form_position\":\"final\",\"form_category\":\"cta_form\"}'>\n<div class=\"d-flex flex-column align-items-center align-items-lg-start mb-4 flex-lg-row\">\n<div class=\"rounded-circle mb-2 mb-lg-0 mr-lg-4 me-lg-4 p-3 p-lg-4 bg-blue-400\"><svg width=\"40\" height=\"40\" viewBox=\"0 0 40 40\" fill=\"none\" xmlns=\"http:\/\/www.w3.org\/2000\/svg\"><path d=\"M20 20.25 6.042 11.042v19.041c0 .167.048.299.146.396a.535.535 0 0 0 .395.146h15.792V32.5H6.583a2.328 2.328 0 0 1-1.708-.708 2.328 2.328 0 0 1-.708-1.709V9.917c0-.667.236-1.236.708-1.709A2.328 2.328 0 0 1 6.583 7.5h26.834c.666 0 1.236.236 1.708.708a2.33 2.33 0 0 1 .708 1.709v12.458h-1.875V11.042L20 20.25Zm0-2 13.667-8.875H6.333L20 18.25Zm11.75 18.958-1.292-1.333 3.334-3.375h-9v-1.875h9l-3.375-3.417 1.333-1.291 5.667 5.625-5.667 5.666ZM6.042 11.042v20.791-9.458.25-13.25 1.667Z\" fill=\"#fff\"\/><\/svg><\/div>\n<div class=\"flex-fill text-center text-lg-left\">\n<div class=\"h6 small text-orange-700 lh-base mb-1\">Newsletter<\/div>\n<div class=\"text-body h4 m-0\">Infomorning<\/div>\n<div class=\"text-body small lh-base mt-2\">Receba no seu e-mail logo pela manh&atilde; as not&iacute;cias que v&atilde;o mexer com os mercados, com os seus investimentos e o seu bolso durante o dia<\/div>\n<\/div>\n<\/div>\n<\/div>\n<\/div>\n<\/div>\n<p>The post <a rel=\"nofollow noopener\" href=\"https:\/\/www.infomoney.com.br\/politica\/senado-vota-desenrola-brasil-nesta-segunda\/\" target=\"_blank\">Senado vota Desenrola Brasil nesta segunda<\/a> appeared first on <a rel=\"nofollow noopener\" href=\"https:\/\/www.infomoney.com.br\/\" target=\"_blank\">InfoMoney<\/a>.<\/p>\n","protected":false},"excerpt":{"rendered":"<p><img loading=\"lazy\" decoding=\"async\" width=\"300\" height=\"225\" src=\"https:\/\/www.infomoney.com.br\/wp-content\/uploads\/2023\/08\/29082023-lula4144.jpg?fit=300%2C225&amp;quality=70&amp;strip=all\" class=\"attachment-medium size-medium wp-post-image\" alt=\"\" data-attachment-id=\"2228625\" data-permalink=\"https:\/\/www.infomoney.com.br\/politica\/reforma-tributaria-governadores-do-norte-e-nordeste-querem-representacao-igualitaria-em-conselho-federativo\/attachment\/29082023-lula4144\/\" data-orig-file=\"https:\/\/www.infomoney.com.br\/wp-content\/uploads\/2023\/08\/29082023-lula4144.jpg?fit=1024%2C768&amp;quality=70&amp;strip=all\" data-orig-size=\"1024,768\" data-comments-opened=\"0\" data-image-meta='{\"aperture\":\"4.5\",\"credit\":\"LULA MARQUES\",\"camera\":\"Canon EOS-1D X Mark II\",\"caption\":\"Bras\\u00edlia (DF) 29\\\/08\\\/2023  Sess\\u00e3o tem\\u00e1tica para debater a proposta de emenda \\u00e0 Constitui\\u00e7\\u00e3o (PEC 45\\\/2019) da reforma tribut\\u00e1ria. Foram convidados os 27 governadores dos estados e do Distrito Federal. Foto Lula Marques\\\/ Ag\\u00eancia Brasil\",\"created_timestamp\":\"1693305835\",\"copyright\":\"\",\"focal_length\":\"30\",\"iso\":\"3200\",\"shutter_speed\":\"0.005\",\"title\":\"\",\"orientation\":\"0\"}' data-image-title=\"Plen\u00e1rio do Senado\" data-image-description=\"\" data-image-caption=\"&lt;p&gt;Plen\u00e1rio do Senado Federal em Bras\u00edlia (Lula Marques\/Ag\u00eancia Brasil)&lt;\/p&gt;\n\" data-medium-file=\"https:\/\/www.infomoney.com.br\/wp-content\/uploads\/2023\/08\/29082023-lula4144.jpg?fit=300%2C225&amp;quality=70&amp;strip=all\" data-large-file=\"https:\/\/www.infomoney.com.br\/wp-content\/uploads\/2023\/08\/29082023-lula4144.jpg?fit=1024%2C768&amp;quality=70&amp;strip=all\">Programa de renegocia\u00e7\u00e3o dever\u00e1 beneficiar at\u00e9 70 milh\u00f5es de pessoas, de acordo com a expectativa do Minist\u00e9rio da Fazenda<\/p>\n<p>The post <a rel=\"nofollow\" href=\"https:\/\/www.infomoney.com.br\/politica\/senado-vota-desenrola-brasil-nesta-segunda\/\">Senado vota Desenrola Brasil nesta segunda<\/a> appeared first on <a rel=\"nofollow\" href=\"https:\/\/www.infomoney.com.br\/\">InfoMoney<\/a>.<\/p>\n","protected":false},"author":47,"featured_media":0,"comment_status":"closed","ping_status":"closed","sticky":false,"template":"","format":"standard","meta":{"advgb_blocks_editor_width":"","advgb_blocks_columns_visual_guide":"","footnotes":""},"categories":[363,34,432,47,403],"tags":[35],"class_list":["post-37001","post","type-post","status-publish","format-standard","hentry","category-desenrola","category-g1","category-medida-provisoria","category-politica","category-senado","tag-g1"],"author_meta":{"display_name":"luispereira","author_link":"https:\/\/sindaopcpb.org.br\/author\/luispereira\/"},"featured_img":null,"coauthors":[],"tax_additional":{"categories":{"linked":["<a href=\"https:\/\/sindaopcpb.org.br\/desenrola\/\" class=\"advgb-post-tax-term\">Desenrola<\/a>","<a href=\"https:\/\/sindaopcpb.org.br\/g1\/\" class=\"advgb-post-tax-term\">G1<\/a>","<a href=\"https:\/\/sindaopcpb.org.br\/medida-provisoria\/\" class=\"advgb-post-tax-term\">Medida Provis\u00f3ria<\/a>","<a href=\"https:\/\/sindaopcpb.org.br\/politica\/\" class=\"advgb-post-tax-term\">POLITICA<\/a>","<a href=\"https:\/\/sindaopcpb.org.br\/senado\/\" class=\"advgb-post-tax-term\">Senado<\/a>"],"unlinked":["<span class=\"advgb-post-tax-term\">Desenrola<\/span>","<span class=\"advgb-post-tax-term\">G1<\/span>","<span class=\"advgb-post-tax-term\">Medida Provis\u00f3ria<\/span>","<span class=\"advgb-post-tax-term\">POLITICA<\/span>","<span class=\"advgb-post-tax-term\">Senado<\/span>"]},"tags":{"linked":["<a href=\"https:\/\/sindaopcpb.org.br\/senado\/\" class=\"advgb-post-tax-term\">g1<\/a>"],"unlinked":["<span class=\"advgb-post-tax-term\">g1<\/span>"]}},"comment_count":"0","relative_dates":{"created":"Publicado 3 anos atr\u00e1s","modified":"Atualizado 3 anos atr\u00e1s"},"absolute_dates":{"created":"Publicado em 2 de outubro de 2023","modified":"Atualizado em 2 de outubro de 2023"},"absolute_dates_time":{"created":"Publicado em 2 de outubro de 2023 10:42","modified":"Atualizado em 2 de outubro de 2023 10:42"},"featured_img_caption":"","series_order":"","_links":{"self":[{"href":"https:\/\/sindaopcpb.org.br\/index.php\/wp-json\/wp\/v2\/posts\/37001","targetHints":{"allow":["GET"]}}],"collection":[{"href":"https:\/\/sindaopcpb.org.br\/index.php\/wp-json\/wp\/v2\/posts"}],"about":[{"href":"https:\/\/sindaopcpb.org.br\/index.php\/wp-json\/wp\/v2\/types\/post"}],"author":[{"embeddable":true,"href":"https:\/\/sindaopcpb.org.br\/index.php\/wp-json\/wp\/v2\/users\/47"}],"replies":[{"embeddable":true,"href":"https:\/\/sindaopcpb.org.br\/index.php\/wp-json\/wp\/v2\/comments?post=37001"}],"version-history":[{"count":2,"href":"https:\/\/sindaopcpb.org.br\/index.php\/wp-json\/wp\/v2\/posts\/37001\/revisions"}],"predecessor-version":[{"id":37028,"href":"https:\/\/sindaopcpb.org.br\/index.php\/wp-json\/wp\/v2\/posts\/37001\/revisions\/37028"}],"wp:attachment":[{"href":"https:\/\/sindaopcpb.org.br\/index.php\/wp-json\/wp\/v2\/media?parent=37001"}],"wp:term":[{"taxonomy":"category","embeddable":true,"href":"https:\/\/sindaopcpb.org.br\/index.php\/wp-json\/wp\/v2\/categories?post=37001"},{"taxonomy":"post_tag","embeddable":true,"href":"https:\/\/sindaopcpb.org.br\/index.php\/wp-json\/wp\/v2\/tags?post=37001"}],"curies":[{"name":"wp","href":"https:\/\/api.w.org\/{rel}","templated":true}]}}