{"id":36979,"date":"2023-10-02T08:11:16","date_gmt":"2023-10-02T11:11:16","guid":{"rendered":"https:\/\/wpa.wscom.com.br\/?p=925547"},"modified":"2023-10-02T08:11:16","modified_gmt":"2023-10-02T11:11:16","slug":"candidatos-presidenciais-da-argentina-realizam-primeiro-debate-e-milei-nega-mortes-na-ditadura","status":"publish","type":"post","link":"https:\/\/sindaopcpb.org.br\/index.php\/2023\/10\/02\/candidatos-presidenciais-da-argentina-realizam-primeiro-debate-e-milei-nega-mortes-na-ditadura\/","title":{"rendered":"Candidatos presidenciais da Argentina realizam primeiro debate e Milei nega mortes na ditadura"},"content":{"rendered":"<p>&nbsp;<\/p>\n<p>&nbsp;<\/p>\n<p>N\u00e3o houve grandes surpresas no primeiro debate entre os candidatos \u00e0 Presid\u00eancia da Rep\u00fablica da Argentina. O ministro da Economia, Sergio Massa, polarizou com a proposta de &#8220;capitalismo libert\u00e1rio&#8221; do candidato da extrema direita, Javier Milei. Seu principal apelo foi no sentido da defesa das empresas p\u00fablicas e dos direitos conquistados. Por seu turno, a conservadora Patricia Bullrich e Milei criticaram a infla\u00e7\u00e3o e descreveram os seus planos de ajuste. Durante a discuss\u00e3o sobre direitos humanos, Milei negou que houve 30 mil desaparecidos.<\/p>\n<p>A jornalista\u00a0Melissa Molina\u00a0escreve no jornal P\u00e1gina 12 que o tom do debate foi &#8220;controlado e previs\u00edvel&#8221;, sem &#8220;grandes surpresas ou choques&#8221;. Sergio Massa foi o mais visado, seguido de Javier Milei.<\/p>\n<p>\u201cN\u00e3o v\u00e1 \u00e0s urnas com raiva ou medo, v\u00e1 com esperan\u00e7a\u201d, disse Massa. Ele foi s\u00f3lido, segundo a jornalista.<\/p>\n<p>Durante a discuss\u00e3o sobre economia, Milei afirmou: \u201cse continuarmos assim em 50 anos seremos a maior favela do mundo\u201d e prometeu \u201creduzir os gastos, reduzir os impostos, privatizar as desastrosas empresas estatais, desregulamentar a economia e fechar o banco central\u201d. Al\u00e9m disso, acrescentou que se lhe derem 20 anos o pa\u00eds ser\u00e1 como a Alemanha e 35 como os Estados Unidos. Ele foi criticado por Massa de pretender privatizar a empresa de petr\u00f3leo YPF e por querer &#8220;que cada filho de trabalhador pague a universidade e o ensino secund\u00e1rio e um modelo de dolariza\u00e7\u00e3o que foi aplicado no Zimb\u00e1bue, El Salvador e Equador&#8221;.<\/p>\n<p>Massa, no momento de explicar sua proposta econ\u00f4mica, aceitou que \u201chouve erros deste governo que prejudicam as pessoas e que a Argentina tira mais d\u00f3lares do pa\u00eds do que traz&#8221;. Ele prop\u00f4s uma moeda digital argentina que permita o com\u00e9rcio global junto com uma lei de lavagem que permita a quem tem dinheiro no exterior traz\u00ea-lo; disse que aumentar\u00e1 as penas para os evasores que fogem para n\u00e3o pagar impostos e promover um programa de desenvolvimento das exporta\u00e7\u00f5es. \u201cDevemos deixar de ser mendigos para sermos soberanos\u201d, observou. O ministro candidato lembrou ainda que a d\u00edvida com o FMI foi trazida pelo Macrismo, referindo-se ao ex-presidente conservador Maur\u00edcio Macri.<\/p>\n<p>Por sua vez, Patricia Bullrich prop\u00f4s \u201ccolocar ordem desde o primeiro dia com um programa claro e concreto que resolva os problemas subjacentes; uma equipe econ\u00f4mica coerente e honesta e a decis\u00e3o pol\u00edtica de fazer as mudan\u00e7as que a Argentina precisa e acabar com a infla\u00e7\u00e3o.<\/p>\n<p>Durante a discuss\u00e3o sobre Direitos Humanos, Milei leu uma nota: \u201cFomos classificados como fascistas, o que n\u00e3o tem nada a ver com isso. Valorizamos a vis\u00e3o da verdade e da justi\u00e7a, e a primeira verdade \u00e9 que n\u00e3o houve 30 mil desaparecidos. As for\u00e7as do Estado cometeram excessos, mas os terroristas de Montoneros e do ERP torturaram pessoas, mataram e cometeram crimes contra a humanidade. N\u00e3o concordamos com o trabalho dos Direitos Humanos&#8221;. Em uma \u00fanica frase resgatou os principais argumentos do pr\u00f3prio general ditador Jorge Rafael Videla para explicar os crimes contra a humanidade: que a repress\u00e3o ditatorial foi uma \u201cguerra\u201d e que as torturas, assassinatos e desaparecimentos foram simples \u201cexcessos\u201d de alguns soldados e n\u00e3o um plano de exterm\u00ednio conforme determinado pela justi\u00e7a.<\/p>\n<p>J\u00e1 Massa afirmou: \u201cO desafio h\u00e1 40 anos \u00e9 cuidar do legado da mem\u00f3ria, da verdade e da justi\u00e7a, um caminho que iniciamos com o julgamento da junta e terminamos com a condena\u00e7\u00e3o dos repressores\u201d. Ele destacou que as pol\u00edticas de direitos colocaram a Argentina em um lugar de refer\u00eancia para o mundo inteiro. Finalmente, insistiu mais uma vez em apelar a um governo de unidade nacional. &#8220;Ningu\u00e9m ficar\u00e1 surpreso se eu adicionar radicais, liberais e profissionais ao meu governo.&#8221; E fez um apelo no final: &#8220;N\u00e3o v\u00e1 \u00e0s urnas com raiva ou medo, v\u00e1 com esperan\u00e7a\u201d.<\/p>\n<p>O post <a rel=\"nofollow noopener\" href=\"https:\/\/wscom.com.br\/candidatos-presidenciais-da-argentina-realizam-primeiro-debate-e-milei-nega-mortes-na-ditadura\/\" target=\"_blank\">Candidatos presidenciais da Argentina realizam primeiro debate e Milei nega mortes na ditadura<\/a> apareceu primeiro em <a rel=\"nofollow noopener\" href=\"https:\/\/wscom.com.br\/\" target=\"_blank\">WSCOM<\/a>.<\/p>\n","protected":false},"excerpt":{"rendered":"<p>\u00a0 \u00a0 N\u00e3o houve grandes surpresas no primeiro debate entre os candidatos \u00e0 Presid\u00eancia da Rep\u00fablica da Argentina. O ministro da Economia, Sergio Massa, polarizou com a proposta de \u201ccapitalismo libert\u00e1rio\u201d do candidato da extrema direita, Javier Milei. Seu principal apelo foi no sentido da defesa das empresas p\u00fablicas e dos direitos conquistados. Por seu [\u2026]<\/p>\n<p>O post <a rel=\"nofollow\" href=\"https:\/\/wscom.com.br\/candidatos-presidenciais-da-argentina-realizam-primeiro-debate-e-milei-nega-mortes-na-ditadura\/\">Candidatos presidenciais da Argentina realizam primeiro debate e Milei nega mortes na ditadura<\/a> apareceu primeiro em <a rel=\"nofollow\" href=\"https:\/\/wscom.com.br\/\">WSCOM<\/a>.<\/p>\n","protected":false},"author":42,"featured_media":0,"comment_status":"closed","ping_status":"closed","sticky":false,"template":"","format":"standard","meta":{"advgb_blocks_editor_width":"","advgb_blocks_columns_visual_guide":"","footnotes":""},"categories":[1386,1926,4505,34,111,7734,9687],"tags":[35],"class_list":["post-36979","post","type-post","status-publish","format-standard","hentry","category-argentina","category-debate","category-ditadura","category-g1","category-internacional","category-javier-milei","category-presidenciaveis","tag-g1"],"author_meta":{"display_name":"Rafael Andrade","author_link":"https:\/\/sindaopcpb.org.br\/author\/rafael-andrade\/"},"featured_img":null,"coauthors":[],"tax_additional":{"categories":{"linked":["<a href=\"https:\/\/sindaopcpb.org.br\/argentina\/\" class=\"advgb-post-tax-term\">Argentina<\/a>","<a href=\"https:\/\/sindaopcpb.org.br\/debate\/\" class=\"advgb-post-tax-term\">Debate<\/a>","<a href=\"https:\/\/sindaopcpb.org.br\/ditadura\/\" class=\"advgb-post-tax-term\">ditadura<\/a>","<a href=\"https:\/\/sindaopcpb.org.br\/g1\/\" class=\"advgb-post-tax-term\">G1<\/a>","<a href=\"https:\/\/sindaopcpb.org.br\/internacional\/\" class=\"advgb-post-tax-term\">Internacional<\/a>","<a href=\"https:\/\/sindaopcpb.org.br\/javier-milei\/\" class=\"advgb-post-tax-term\">Javier Milei<\/a>","<a href=\"https:\/\/sindaopcpb.org.br\/presidenciaveis\/\" class=\"advgb-post-tax-term\">presidenci\u00e1veis<\/a>"],"unlinked":["<span class=\"advgb-post-tax-term\">Argentina<\/span>","<span class=\"advgb-post-tax-term\">Debate<\/span>","<span class=\"advgb-post-tax-term\">ditadura<\/span>","<span class=\"advgb-post-tax-term\">G1<\/span>","<span class=\"advgb-post-tax-term\">Internacional<\/span>","<span class=\"advgb-post-tax-term\">Javier Milei<\/span>","<span class=\"advgb-post-tax-term\">presidenci\u00e1veis<\/span>"]},"tags":{"linked":["<a href=\"https:\/\/sindaopcpb.org.br\/presidenciaveis\/\" class=\"advgb-post-tax-term\">g1<\/a>"],"unlinked":["<span class=\"advgb-post-tax-term\">g1<\/span>"]}},"comment_count":"0","relative_dates":{"created":"Publicado 3 anos atr\u00e1s","modified":"Atualizado 3 anos atr\u00e1s"},"absolute_dates":{"created":"Publicado em 2 de outubro de 2023","modified":"Atualizado em 2 de outubro de 2023"},"absolute_dates_time":{"created":"Publicado em 2 de outubro de 2023 08:11","modified":"Atualizado em 2 de outubro de 2023 08:11"},"featured_img_caption":"","series_order":"","_links":{"self":[{"href":"https:\/\/sindaopcpb.org.br\/index.php\/wp-json\/wp\/v2\/posts\/36979","targetHints":{"allow":["GET"]}}],"collection":[{"href":"https:\/\/sindaopcpb.org.br\/index.php\/wp-json\/wp\/v2\/posts"}],"about":[{"href":"https:\/\/sindaopcpb.org.br\/index.php\/wp-json\/wp\/v2\/types\/post"}],"author":[{"embeddable":true,"href":"https:\/\/sindaopcpb.org.br\/index.php\/wp-json\/wp\/v2\/users\/42"}],"replies":[{"embeddable":true,"href":"https:\/\/sindaopcpb.org.br\/index.php\/wp-json\/wp\/v2\/comments?post=36979"}],"version-history":[{"count":1,"href":"https:\/\/sindaopcpb.org.br\/index.php\/wp-json\/wp\/v2\/posts\/36979\/revisions"}],"predecessor-version":[{"id":36980,"href":"https:\/\/sindaopcpb.org.br\/index.php\/wp-json\/wp\/v2\/posts\/36979\/revisions\/36980"}],"wp:attachment":[{"href":"https:\/\/sindaopcpb.org.br\/index.php\/wp-json\/wp\/v2\/media?parent=36979"}],"wp:term":[{"taxonomy":"category","embeddable":true,"href":"https:\/\/sindaopcpb.org.br\/index.php\/wp-json\/wp\/v2\/categories?post=36979"},{"taxonomy":"post_tag","embeddable":true,"href":"https:\/\/sindaopcpb.org.br\/index.php\/wp-json\/wp\/v2\/tags?post=36979"}],"curies":[{"name":"wp","href":"https:\/\/api.w.org\/{rel}","templated":true}]}}