{"id":36977,"date":"2023-10-02T08:21:20","date_gmt":"2023-10-02T11:21:20","guid":{"rendered":"https:\/\/wpa.wscom.com.br\/?p=925550"},"modified":"2023-10-02T08:21:20","modified_gmt":"2023-10-02T11:21:20","slug":"bragantino-surpreende-o-palmeiras-e-ja-e-vice-lider-do-brasileirao","status":"publish","type":"post","link":"https:\/\/sindaopcpb.org.br\/index.php\/2023\/10\/02\/bragantino-surpreende-o-palmeiras-e-ja-e-vice-lider-do-brasileirao\/","title":{"rendered":"Bragantino surpreende o Palmeiras e j\u00e1 \u00e9 vice-l\u00edder do Brasileir\u00e3o"},"content":{"rendered":"<p>&nbsp;<\/p>\n<p>&nbsp;<\/p>\n<p>O Bragantino derrotou o Palmeiras por 2 a 1 para assumir a vice-lideran\u00e7a do Campeonato Brasileiro. A vit\u00f3ria de virada, alcan\u00e7ada na noite deste domingo (2) em Bragan\u00e7a Paulista, foi em partida v\u00e1lida pela 25\u00aa rodada da competi\u00e7\u00e3o.<img decoding=\"async\" src=\"https:\/\/agenciabrasil.ebc.com.br\/ebc.png?id=1558579&amp;o=node\" alt=\"\" title=\"\"><img decoding=\"async\" src=\"https:\/\/agenciabrasil.ebc.com.br\/ebc.gif?id=1558579&amp;o=node\" alt=\"\" title=\"\"><\/p>\n<p>Com o triunfo em casa o Massa Bruta chegou aos 45 pontos, ultrapassando justamente o Verd\u00e3o, que tem um ponto a menos. Agora o Bragantino torce contra o l\u00edder Botafogo, que mede for\u00e7as com o Goi\u00e1s a partir das 20h (hor\u00e1rio de Bras\u00edlia) da pr\u00f3xima segunda-feira (2) no est\u00e1dio Nilton Santos.<\/p>\n<blockquote class=\"twitter-tweet\" data-width=\"550\" data-dnt=\"true\">\n<p lang=\"pt\" dir=\"ltr\">A explos\u00e3o do gol da virada! Vibra meu 7&#x20e3;! <img decoding=\"async\" src=\"https:\/\/s.w.org\/images\/core\/emoji\/13.0.1\/72x72\/1f624.png\" alt=\"\ud83d\ude24\" class=\"wp-smiley\" style=\"height: 1em; max-height: 1em;\" title=\"\"><\/p>\n<p><img decoding=\"async\" src=\"https:\/\/s.w.org\/images\/core\/emoji\/13.0.1\/72x72\/1f4f8.png\" alt=\"\ud83d\udcf8\" class=\"wp-smiley\" style=\"height: 1em; max-height: 1em;\" title=\"\">: Ari Ferreira<a href=\"https:\/\/twitter.com\/hashtag\/RedBullBragantino?src=hash&amp;ref_src=twsrc%5Etfw\" rel=\"nofollow noopener\" target=\"_blank\">#RedBullBragantino<\/a> <a href=\"https:\/\/twitter.com\/hashtag\/VamosBraga?src=hash&amp;ref_src=twsrc%5Etfw\" rel=\"nofollow noopener\" target=\"_blank\">#VamosBraga<\/a> <a href=\"https:\/\/t.co\/kusFNkVzp2\" rel=\"nofollow\">pic.twitter.com\/kusFNkVzp2<\/a><\/p>\n<p>&mdash; Red Bull Bragantino (@RedBullBraga) <a href=\"https:\/\/twitter.com\/RedBullBraga\/status\/1708650896907788293?ref_src=twsrc%5Etfw\" rel=\"nofollow noopener\" target=\"_blank\">October 2, 2023<\/a><\/p>\n<\/blockquote>\n<p><script async src=\"https:\/\/platform.twitter.com\/widgets.js\" charset=\"utf-8\"><\/script><\/p>\n<p>Quem marcou primeiro foi o Palmeiras. Aos 14 minutos do primeiro tempo Jhon Jhon deu um passe em profundidade para Endrick, que avan\u00e7ou com liberdade, driblou Cleiton e chutou para o fundo do gol vazio. Por\u00e9m, na segunda etapa o panorama mudou completamente e o Massa Bruta conseguiu virar o marcador gra\u00e7as a gols de Eduardo Sasha, aos 15 minutos, e de Eric Ramires, aos 44.<\/p>\n<p><strong>Vit\u00f3ria no cl\u00e1ssico<\/strong><\/p>\n<p>No cl\u00e1ssico entre Coritiba e Athletico-PR, o Coxa Branca se deu melhor para encerrar uma sequencia de oito derrotas consecutivas. Gra\u00e7as a gols do lateral Victor Luis e do atacante argelino Slimani, a equipe comandada pelo t\u00e9cnico Thiago Kosloski triunfou por 2 a 0 para chegar aos 17 pontos, mas permanecendo na lanterna. J\u00e1 o Furac\u00e3o \u00e9 o 8\u00ba com 40 pontos ap\u00f3s o rev\u00e9s.<\/p>\n<p><strong>Outros resultados:<\/strong><\/p>\n<p>Santos 4 x 1 Vasco<br \/>\nCruzeiro 1 x 1 Am\u00e9rica-MG<\/p>\n<p>O post <a rel=\"nofollow noopener\" href=\"https:\/\/wscom.com.br\/bragantino-surpreende-o-palmeiras-e-ja-e-vice-lider-do-brasileirao\/\" target=\"_blank\">Bragantino surpreende o Palmeiras e j\u00e1 \u00e9 vice-l\u00edder do Brasileir\u00e3o<\/a> apareceu primeiro em <a rel=\"nofollow noopener\" href=\"https:\/\/wscom.com.br\/\" target=\"_blank\">WSCOM<\/a>.<\/p>\n","protected":false},"excerpt":{"rendered":"<p>\u00a0 \u00a0 O Bragantino derrotou o Palmeiras por 2 a 1 para assumir a vice-lideran\u00e7a do Campeonato Brasileiro. A vit\u00f3ria de virada, alcan\u00e7ada na noite deste domingo (2) em Bragan\u00e7a Paulista, foi em partida v\u00e1lida pela 25\u00aa rodada da competi\u00e7\u00e3o. Com o triunfo em casa o Massa Bruta chegou aos 45 pontos, ultrapassando justamente o [\u2026]<\/p>\n<p>O post <a rel=\"nofollow\" href=\"https:\/\/wscom.com.br\/bragantino-surpreende-o-palmeiras-e-ja-e-vice-lider-do-brasileirao\/\">Bragantino surpreende o Palmeiras e j\u00e1 \u00e9 vice-l\u00edder do Brasileir\u00e3o<\/a> apareceu primeiro em <a rel=\"nofollow\" href=\"https:\/\/wscom.com.br\/\">WSCOM<\/a>.<\/p>\n","protected":false},"author":42,"featured_media":0,"comment_status":"closed","ping_status":"closed","sticky":false,"template":"","format":"standard","meta":{"advgb_blocks_editor_width":"","advgb_blocks_columns_visual_guide":"","footnotes":""},"categories":[9686,962,1589,79,34,1485],"tags":[35],"class_list":["post-36977","post","type-post","status-publish","format-standard","hentry","category-bragantino","category-brasileirao","category-campeonato-brasileiro","category-futebol","category-g1","category-palmeiras","tag-g1"],"author_meta":{"display_name":"Rafael Andrade","author_link":"https:\/\/sindaopcpb.org.br\/author\/rafael-andrade\/"},"featured_img":null,"coauthors":[],"tax_additional":{"categories":{"linked":["<a href=\"https:\/\/sindaopcpb.org.br\/bragantino\/\" class=\"advgb-post-tax-term\">Bragantino<\/a>","<a href=\"https:\/\/sindaopcpb.org.br\/brasileirao\/\" class=\"advgb-post-tax-term\">brasileir\u00e3o<\/a>","<a href=\"https:\/\/sindaopcpb.org.br\/campeonato-brasileiro\/\" class=\"advgb-post-tax-term\">campeonato brasileiro<\/a>","<a href=\"https:\/\/sindaopcpb.org.br\/futebol\/\" class=\"advgb-post-tax-term\">Futebol<\/a>","<a href=\"https:\/\/sindaopcpb.org.br\/g1\/\" class=\"advgb-post-tax-term\">G1<\/a>","<a href=\"https:\/\/sindaopcpb.org.br\/palmeiras\/\" class=\"advgb-post-tax-term\">palmeiras<\/a>"],"unlinked":["<span class=\"advgb-post-tax-term\">Bragantino<\/span>","<span class=\"advgb-post-tax-term\">brasileir\u00e3o<\/span>","<span class=\"advgb-post-tax-term\">campeonato brasileiro<\/span>","<span class=\"advgb-post-tax-term\">Futebol<\/span>","<span class=\"advgb-post-tax-term\">G1<\/span>","<span class=\"advgb-post-tax-term\">palmeiras<\/span>"]},"tags":{"linked":["<a href=\"https:\/\/sindaopcpb.org.br\/palmeiras\/\" class=\"advgb-post-tax-term\">g1<\/a>"],"unlinked":["<span class=\"advgb-post-tax-term\">g1<\/span>"]}},"comment_count":"0","relative_dates":{"created":"Publicado 3 anos atr\u00e1s","modified":"Atualizado 3 anos atr\u00e1s"},"absolute_dates":{"created":"Publicado em 2 de outubro de 2023","modified":"Atualizado em 2 de outubro de 2023"},"absolute_dates_time":{"created":"Publicado em 2 de outubro de 2023 08:21","modified":"Atualizado em 2 de outubro de 2023 08:21"},"featured_img_caption":"","series_order":"","_links":{"self":[{"href":"https:\/\/sindaopcpb.org.br\/index.php\/wp-json\/wp\/v2\/posts\/36977","targetHints":{"allow":["GET"]}}],"collection":[{"href":"https:\/\/sindaopcpb.org.br\/index.php\/wp-json\/wp\/v2\/posts"}],"about":[{"href":"https:\/\/sindaopcpb.org.br\/index.php\/wp-json\/wp\/v2\/types\/post"}],"author":[{"embeddable":true,"href":"https:\/\/sindaopcpb.org.br\/index.php\/wp-json\/wp\/v2\/users\/42"}],"replies":[{"embeddable":true,"href":"https:\/\/sindaopcpb.org.br\/index.php\/wp-json\/wp\/v2\/comments?post=36977"}],"version-history":[{"count":1,"href":"https:\/\/sindaopcpb.org.br\/index.php\/wp-json\/wp\/v2\/posts\/36977\/revisions"}],"predecessor-version":[{"id":36978,"href":"https:\/\/sindaopcpb.org.br\/index.php\/wp-json\/wp\/v2\/posts\/36977\/revisions\/36978"}],"wp:attachment":[{"href":"https:\/\/sindaopcpb.org.br\/index.php\/wp-json\/wp\/v2\/media?parent=36977"}],"wp:term":[{"taxonomy":"category","embeddable":true,"href":"https:\/\/sindaopcpb.org.br\/index.php\/wp-json\/wp\/v2\/categories?post=36977"},{"taxonomy":"post_tag","embeddable":true,"href":"https:\/\/sindaopcpb.org.br\/index.php\/wp-json\/wp\/v2\/tags?post=36977"}],"curies":[{"name":"wp","href":"https:\/\/api.w.org\/{rel}","templated":true}]}}