{"id":36919,"date":"2023-10-01T15:56:26","date_gmt":"2023-10-01T18:56:26","guid":{"rendered":"https:\/\/wpa.wscom.com.br\/?p=925475"},"modified":"2023-10-01T15:56:26","modified_gmt":"2023-10-01T18:56:26","slug":"imeq-pb-deflagra-operacao-especial-dia-das-criancas-2023-nesta-segunda-feira-2","status":"publish","type":"post","link":"https:\/\/sindaopcpb.org.br\/index.php\/2023\/10\/01\/imeq-pb-deflagra-operacao-especial-dia-das-criancas-2023-nesta-segunda-feira-2\/","title":{"rendered":"Imeq-PB deflagra Opera\u00e7\u00e3o Especial Dia das Crian\u00e7as 2023 nesta segunda-feira (2)"},"content":{"rendered":"<p>Governo da Para\u00edba, por meio do Instituto de Metrologia e Qualidade Industrial (Imeq-PB), realiza nesta segunda-feira (2), \u00e0s 9h, a abertura da fiscaliza\u00e7\u00e3o especial relativa \u00e0 venda de brinquedos em todo o estado. Trata-se da Opera\u00e7\u00e3o Especial Dia das Crian\u00e7as 2023. A abertura ser\u00e1 comandada pelo superintendente do Imeq-PB, Arthur Galdino, na sede do \u00f3rg\u00e3o em Jo\u00e3o Pessoa.<\/p>\n<p>Durante os trabalhos, os fiscais do Imeq-PB v\u00e3o visitar estabelecimentos comerciais da Grande Jo\u00e3o Pessoa para verificar se as informa\u00e7\u00f5es que constam nos produtos est\u00e3o corretas, a data de fabrica\u00e7\u00e3o, indica\u00e7\u00e3o de faixa et\u00e1ria, se contam com o selo de certifica\u00e7\u00e3o do Inmetro com o objetivo de garantir a seguran\u00e7a do consumidor paraibano.<\/p>\n<p><b>Data:<\/b>\u00a02\/10\/2023 (segunda-feira)<br \/>\n<b>Hora:<\/b>\u00a09h<br \/>\n<b>Local:<\/b>\u00a0Sede do Imeq-PB &#8211; Avenida Hilton Souto Maior, n\u00ba 4180, Mangabeira VII<br \/>\n<b>Contato:<\/b>\u00a0Gerente do N\u00facleo de Verifica\u00e7\u00e3o da Qualidade do Imeq-PB, Andr\u00e9 Albuquerque, 83 99615-9210<\/p>\n<p>O post <a rel=\"nofollow noopener\" href=\"https:\/\/wscom.com.br\/imeq-pb-deflagra-operacao-especial-dia-das-criancas-2023-nesta-segunda-feira-2\/\" target=\"_blank\">Imeq-PB deflagra Opera\u00e7\u00e3o Especial Dia das Crian\u00e7as 2023 nesta segunda-feira (2)<\/a> apareceu primeiro em <a rel=\"nofollow noopener\" href=\"https:\/\/wscom.com.br\/\" target=\"_blank\">WSCOM<\/a>.<\/p>\n","protected":false},"excerpt":{"rendered":"<p>Governo da Para\u00edba, por meio do Instituto de Metrologia e Qualidade Industrial (Imeq-PB), realiza nesta segunda-feira (2), \u00e0s 9h, a abertura da fiscaliza\u00e7\u00e3o especial relativa \u00e0 venda de brinquedos em todo o estado. Trata-se da Opera\u00e7\u00e3o Especial Dia das Crian\u00e7as 2023. A abertura ser\u00e1 comandada pelo superintendente do Imeq-PB, Arthur Galdino, na sede do \u00f3rg\u00e3o [\u2026]<\/p>\n<p>O post <a rel=\"nofollow\" href=\"https:\/\/wscom.com.br\/imeq-pb-deflagra-operacao-especial-dia-das-criancas-2023-nesta-segunda-feira-2\/\">Imeq-PB deflagra Opera\u00e7\u00e3o Especial Dia das Crian\u00e7as 2023 nesta segunda-feira (2)<\/a> apareceu primeiro em <a rel=\"nofollow\" href=\"https:\/\/wscom.com.br\/\">WSCOM<\/a>.<\/p>\n","protected":false},"author":58,"featured_media":0,"comment_status":"closed","ping_status":"closed","sticky":false,"template":"","format":"standard","meta":{"advgb_blocks_editor_width":"","advgb_blocks_columns_visual_guide":"","footnotes":""},"categories":[9545,34,418,54],"tags":[35],"class_list":["post-36919","post","type-post","status-publish","format-standard","hentry","category-dia-das-criancas","category-g1","category-noticias","category-paraiba","tag-g1"],"author_meta":{"display_name":"Juliana Terra","author_link":"https:\/\/sindaopcpb.org.br\/author\/juliana-terra\/"},"featured_img":null,"coauthors":[],"tax_additional":{"categories":{"linked":["<a href=\"https:\/\/sindaopcpb.org.br\/dia-das-criancas\/\" class=\"advgb-post-tax-term\">dia das crian\u00e7as<\/a>","<a href=\"https:\/\/sindaopcpb.org.br\/g1\/\" class=\"advgb-post-tax-term\">G1<\/a>","<a href=\"https:\/\/sindaopcpb.org.br\/noticias\/\" class=\"advgb-post-tax-term\">Not\u00edcias<\/a>","<a href=\"https:\/\/sindaopcpb.org.br\/paraiba\/\" class=\"advgb-post-tax-term\">Para\u00edba<\/a>"],"unlinked":["<span class=\"advgb-post-tax-term\">dia das crian\u00e7as<\/span>","<span class=\"advgb-post-tax-term\">G1<\/span>","<span class=\"advgb-post-tax-term\">Not\u00edcias<\/span>","<span class=\"advgb-post-tax-term\">Para\u00edba<\/span>"]},"tags":{"linked":["<a href=\"https:\/\/sindaopcpb.org.br\/paraiba\/\" class=\"advgb-post-tax-term\">g1<\/a>"],"unlinked":["<span class=\"advgb-post-tax-term\">g1<\/span>"]}},"comment_count":"0","relative_dates":{"created":"Publicado 3 anos atr\u00e1s","modified":"Atualizado 3 anos atr\u00e1s"},"absolute_dates":{"created":"Publicado em 1 de outubro de 2023","modified":"Atualizado em 1 de outubro de 2023"},"absolute_dates_time":{"created":"Publicado em 1 de outubro de 2023 15:56","modified":"Atualizado em 1 de outubro de 2023 15:56"},"featured_img_caption":"","series_order":"","_links":{"self":[{"href":"https:\/\/sindaopcpb.org.br\/index.php\/wp-json\/wp\/v2\/posts\/36919","targetHints":{"allow":["GET"]}}],"collection":[{"href":"https:\/\/sindaopcpb.org.br\/index.php\/wp-json\/wp\/v2\/posts"}],"about":[{"href":"https:\/\/sindaopcpb.org.br\/index.php\/wp-json\/wp\/v2\/types\/post"}],"author":[{"embeddable":true,"href":"https:\/\/sindaopcpb.org.br\/index.php\/wp-json\/wp\/v2\/users\/58"}],"replies":[{"embeddable":true,"href":"https:\/\/sindaopcpb.org.br\/index.php\/wp-json\/wp\/v2\/comments?post=36919"}],"version-history":[{"count":1,"href":"https:\/\/sindaopcpb.org.br\/index.php\/wp-json\/wp\/v2\/posts\/36919\/revisions"}],"predecessor-version":[{"id":36920,"href":"https:\/\/sindaopcpb.org.br\/index.php\/wp-json\/wp\/v2\/posts\/36919\/revisions\/36920"}],"wp:attachment":[{"href":"https:\/\/sindaopcpb.org.br\/index.php\/wp-json\/wp\/v2\/media?parent=36919"}],"wp:term":[{"taxonomy":"category","embeddable":true,"href":"https:\/\/sindaopcpb.org.br\/index.php\/wp-json\/wp\/v2\/categories?post=36919"},{"taxonomy":"post_tag","embeddable":true,"href":"https:\/\/sindaopcpb.org.br\/index.php\/wp-json\/wp\/v2\/tags?post=36919"}],"curies":[{"name":"wp","href":"https:\/\/api.w.org\/{rel}","templated":true}]}}