{"id":36900,"date":"2023-10-01T11:50:24","date_gmt":"2023-10-01T14:50:24","guid":{"rendered":"https:\/\/wpa.wscom.com.br\/?p=925434"},"modified":"2023-10-01T11:50:24","modified_gmt":"2023-10-01T14:50:24","slug":"icmbio-vai-apurar-causas-da-morte-de-botos-no-amazonas","status":"publish","type":"post","link":"https:\/\/sindaopcpb.org.br\/index.php\/2023\/10\/01\/icmbio-vai-apurar-causas-da-morte-de-botos-no-amazonas\/","title":{"rendered":"ICMBio vai apurar causas da morte de botos no Amazonas"},"content":{"rendered":"<p>O Instituto Chico Mendes de Conserva\u00e7\u00e3o da Biodiversidade (ICMBio) informou hoje (30) que vai apurar as causas das mortes de botos em Tef\u00e9, no Amazonas.<img decoding=\"async\" src=\"https:\/\/agenciabrasil.ebc.com.br\/ebc.png?id=1558514&amp;o=node\" alt=\"\" title=\"\"><img decoding=\"async\" src=\"https:\/\/agenciabrasil.ebc.com.br\/ebc.gif?id=1558514&amp;o=node\" alt=\"\" title=\"\"><\/p>\n<p>Desde a \u00faltima segunda-feira (23) at\u00e9 ontem (29), o Instituto de Desenvolvimento Sustent\u00e1vel Mamirau\u00e1 registrou a morte de mais de 100 mam\u00edferos aqu\u00e1ticos como o boto vermelho e o tucuxi, que viviam no lago.<\/p>\n<p>At\u00e9 o momento, as causas n\u00e3o foram confirmadas, mas h\u00e1 ind\u00edcios de que o calor e a seca hist\u00f3rica dos rios estejam provocando as mortes de peixes e mam\u00edferos na regi\u00e3o. O ICMBio disse que j\u00e1 mobilizou para a regi\u00e3o equipes de veterin\u00e1rios e servidores do seu Centro de Mam\u00edferos Aqu\u00e1ticos (CMA) e da Divis\u00e3o de Emerg\u00eancia Ambiental, al\u00e9m de institui\u00e7\u00f5es parceiras para apurar as causas dessas mortes.<\/p>\n<p>\u201cProtocolos sanit\u00e1rios foram adotados para a destina\u00e7\u00e3o das carca\u00e7as. O ICMBio segue refor\u00e7ando as a\u00e7\u00f5es para identificar as causas e, com isso, adotar medidas para proteger as esp\u00e9cies\u201d, informou o ICMBio.<\/p>\n<p>Diante do cen\u00e1rio, ontem (29), o Instituto de Desenvolvimento Sustent\u00e1vel Mamirau\u00e1 lan\u00e7ou um alerta \u00e0 popula\u00e7\u00e3o que mora nas proximidades do Lago Tef\u00e9 para evitar o contato com as \u00e1guas do lago e o uso recreativo. Segundo o Mamirau\u00e1, em alguns pontos do lago a temperatura est\u00e1 ultrapassando a marca dos 39\u00b0.<\/p>\n<p>Neste s\u00e1bado (30), em entrevista \u00e0 jornalista Mara R\u00e9gia no\u00a0programa Viva Maria, da\u00a0<strong>R\u00e1dio Nacional da Amaz\u00f4nia<\/strong>, um dos ve\u00edculos da\u00a0<strong>Empresa Brasil de Comunica\u00e7\u00e3o (EBC)<\/strong>, a coordenadora do Grupo de Pesquisa em Mam\u00edferos Aqu\u00e1ticos Amaz\u00f4nicos do Mamirau\u00e1, Miriam Marmontel, disse que esses animais acabam atuando como sentinelas da qualidade da \u00e1gua e s\u00e3o os primeiros a ser afetados com mudan\u00e7as provocadas no ambiente.<\/p>\n<p>&#8220;Eles nos deram o alerta e agora a gente tem que ficar atento a isso. A tend\u00eancia, se n\u00e3o mudarmos os nossos h\u00e1bitos, esses eventos v\u00e3o continuar acontecendo, mais aquecimento global, mudan\u00e7a nos par\u00e2metros clim\u00e1ticos e eles est\u00e3o utilizando um ambiente que utilizamos muito, especialmente no Amazonas. A \u00e1gua para \u00e9 primordial para os amaz\u00f4nidas e essa \u00e1gua, que atualmente n\u00e3o est\u00e1 prop\u00edcia para o boto, tamb\u00e9m n\u00e3o \u00e9 prop\u00edcia para o humano. Tanto para nadar, como consumir. Ent\u00e3o, que a gente fique muito alerta quanto a isso\u201d, disse a pesquisadora.<\/p>\n<p><strong>&gt;&gt; Ou\u00e7a\u00a0<a href=\"https:\/\/radios.ebc.com.br\/viva-maria\/2023\/09\/sos-natureza-botos-e-golfinhos-do-lago-tefe-estao-morrendo\" rel=\"noopener nofollow\" target=\"_blank\">aqui<\/a>\u00a0a entrevista ao programa Viva Maria<\/strong><\/p>\n<p>\u201cO corpo [dos animais] sente, a fisiologia sente e, certamente, os animais est\u00e3o sofrendo com isso. \u00c9 parte do problema associado \u00e0 mortalidade deles\u201d, afirmou.<\/p>\n<p>\u201cA situa\u00e7\u00e3o \u00e9 muito cr\u00edtica, \u00e9 emergencial, \u00e9 uma coisa inusitada. Nunca t\u00ednhamos visto algo semelhante, embora j\u00e1 tenhamos passado por v\u00e1rias secas grandes aqui grandes na Amaz\u00f4nia, aqui na regi\u00e3o de Tef\u00e9, mas esse ano, al\u00e9m da seca, da diminui\u00e7\u00e3o da superf\u00edcie dos rios, da dificuldade dos ribeirinhos, conseguirem \u00e1gua, de se deslocarem de suas casa at\u00e9 o rio principal, n\u00f3s tivemos esse evento de uma mortalidade muito grande de golfinhos. Temos animais, o boto vermelho e o tucuxi perecendo aqui na nossa frente, em um lago que, normalmente, \u00e9 cheio de vida, cheio de \u00e1gua e os animais est\u00e3o encalhados na praia ou boiando ao longo do lago\u201d, completou.<\/p>\n<p>Em nota, o instituto, que atua na promo\u00e7\u00e3o do desenvolvimento sustent\u00e1vel e para a conserva\u00e7\u00e3o da biodiversidade, disse que vem trabalhando para identificar as causas da mortandade extrema desses animais, realizando a\u00e7\u00f5es de monitoramento dos animais ainda vivos, busca e recolhimento de carca\u00e7as, coletas de amostras para an\u00e1lises de doen\u00e7as e da \u00e1gua, e \u201cmonitoramento das \u00e1guas do lago, incluindo a temperatura da \u00e1gua e batimetria dos trechos cr\u00edticos.\u201d<\/p>\n<p>As a\u00e7\u00f5es s\u00e3o realizadas em parceria com\u00a0a prefeitura de Tef\u00e9, o Instituto Chico Mendes de Conserva\u00e7\u00e3o da Biodiversidade (ICMBio) e a Defesa Civil. Para tentar diminuir os danos, entre hoje (30) e domingo (1.\u00ba), ser\u00e1 realizada uma a\u00e7\u00e3o emergencial para a retirada dos animais ainda vivos.<\/p>\n<p>\u201cA partir desse final de semana v\u00e3o chegar equipes que v\u00e3o nos dar apoio e com experi\u00eancia em resgate de cet\u00e1ceos vivo para que n\u00f3s possamos capturar e resgatar alguns dos animais ainda com vida, analisar a sa\u00fade, o sangue, alguns par\u00e2metros vitais dos animais para entender melhor o que est\u00e1 acontecendo. E a partir da\u00ed tomarmos decis\u00f5es do que fazer com esses animais, como melhorar a situa\u00e7\u00e3o deles, se \u00e9 poss\u00edvel fazer alguma coisa para que eles n\u00e3o continuem perecendo aqui no lago\u201d, disse Miriam.<\/p>\n<p><span style=\"font-size: 10pt;\"><strong>Ag\u00eancia Brasil<\/strong><\/span><\/p>\n<p>O post <a rel=\"nofollow noopener\" href=\"https:\/\/wscom.com.br\/icmbio-vai-apurar-causas-da-morte-de-botos-no-amazonas\/\" target=\"_blank\">ICMBio vai apurar causas da morte de botos no Amazonas<\/a> apareceu primeiro em <a rel=\"nofollow noopener\" href=\"https:\/\/wscom.com.br\/\" target=\"_blank\">WSCOM<\/a>.<\/p>\n","protected":false},"excerpt":{"rendered":"<p>O Instituto Chico Mendes de Conserva\u00e7\u00e3o da Biodiversidade (ICMBio) informou hoje (30) que vai apurar as causas das mortes de botos em Tef\u00e9, no Amazonas. Desde a \u00faltima segunda-feira (23) at\u00e9 ontem (29), o Instituto de Desenvolvimento Sustent\u00e1vel Mamirau\u00e1 registrou a morte de mais de 100 mam\u00edferos aqu\u00e1ticos como o boto vermelho e o tucuxi, [\u2026]<\/p>\n<p>O post <a rel=\"nofollow\" href=\"https:\/\/wscom.com.br\/icmbio-vai-apurar-causas-da-morte-de-botos-no-amazonas\/\">ICMBio vai apurar causas da morte de botos no Amazonas<\/a> apareceu primeiro em <a rel=\"nofollow\" href=\"https:\/\/wscom.com.br\/\">WSCOM<\/a>.<\/p>\n","protected":false},"author":58,"featured_media":0,"comment_status":"closed","ping_status":"closed","sticky":false,"template":"","format":"standard","meta":{"advgb_blocks_editor_width":"","advgb_blocks_columns_visual_guide":"","footnotes":""},"categories":[9670,115,34,9671,950,418],"tags":[35],"class_list":["post-36900","post","type-post","status-publish","format-standard","hentry","category-boto","category-brasil","category-g1","category-icmbio","category-meio-ambiente","category-noticias","tag-g1"],"author_meta":{"display_name":"Juliana Terra","author_link":"https:\/\/sindaopcpb.org.br\/author\/juliana-terra\/"},"featured_img":null,"coauthors":[],"tax_additional":{"categories":{"linked":["<a href=\"https:\/\/sindaopcpb.org.br\/boto\/\" class=\"advgb-post-tax-term\">Boto<\/a>","<a href=\"https:\/\/sindaopcpb.org.br\/brasil\/\" class=\"advgb-post-tax-term\">Brasil<\/a>","<a href=\"https:\/\/sindaopcpb.org.br\/g1\/\" class=\"advgb-post-tax-term\">G1<\/a>","<a href=\"https:\/\/sindaopcpb.org.br\/icmbio\/\" class=\"advgb-post-tax-term\">ICMBio<\/a>","<a href=\"https:\/\/sindaopcpb.org.br\/meio-ambiente\/\" class=\"advgb-post-tax-term\">Meio Ambiente<\/a>","<a href=\"https:\/\/sindaopcpb.org.br\/noticias\/\" class=\"advgb-post-tax-term\">Not\u00edcias<\/a>"],"unlinked":["<span class=\"advgb-post-tax-term\">Boto<\/span>","<span class=\"advgb-post-tax-term\">Brasil<\/span>","<span class=\"advgb-post-tax-term\">G1<\/span>","<span class=\"advgb-post-tax-term\">ICMBio<\/span>","<span class=\"advgb-post-tax-term\">Meio Ambiente<\/span>","<span class=\"advgb-post-tax-term\">Not\u00edcias<\/span>"]},"tags":{"linked":["<a href=\"https:\/\/sindaopcpb.org.br\/noticias\/\" class=\"advgb-post-tax-term\">g1<\/a>"],"unlinked":["<span class=\"advgb-post-tax-term\">g1<\/span>"]}},"comment_count":"0","relative_dates":{"created":"Publicado 3 anos atr\u00e1s","modified":"Atualizado 3 anos atr\u00e1s"},"absolute_dates":{"created":"Publicado em 1 de outubro de 2023","modified":"Atualizado em 1 de outubro de 2023"},"absolute_dates_time":{"created":"Publicado em 1 de outubro de 2023 11:50","modified":"Atualizado em 1 de outubro de 2023 11:50"},"featured_img_caption":"","series_order":"","_links":{"self":[{"href":"https:\/\/sindaopcpb.org.br\/index.php\/wp-json\/wp\/v2\/posts\/36900","targetHints":{"allow":["GET"]}}],"collection":[{"href":"https:\/\/sindaopcpb.org.br\/index.php\/wp-json\/wp\/v2\/posts"}],"about":[{"href":"https:\/\/sindaopcpb.org.br\/index.php\/wp-json\/wp\/v2\/types\/post"}],"author":[{"embeddable":true,"href":"https:\/\/sindaopcpb.org.br\/index.php\/wp-json\/wp\/v2\/users\/58"}],"replies":[{"embeddable":true,"href":"https:\/\/sindaopcpb.org.br\/index.php\/wp-json\/wp\/v2\/comments?post=36900"}],"version-history":[{"count":1,"href":"https:\/\/sindaopcpb.org.br\/index.php\/wp-json\/wp\/v2\/posts\/36900\/revisions"}],"predecessor-version":[{"id":36901,"href":"https:\/\/sindaopcpb.org.br\/index.php\/wp-json\/wp\/v2\/posts\/36900\/revisions\/36901"}],"wp:attachment":[{"href":"https:\/\/sindaopcpb.org.br\/index.php\/wp-json\/wp\/v2\/media?parent=36900"}],"wp:term":[{"taxonomy":"category","embeddable":true,"href":"https:\/\/sindaopcpb.org.br\/index.php\/wp-json\/wp\/v2\/categories?post=36900"},{"taxonomy":"post_tag","embeddable":true,"href":"https:\/\/sindaopcpb.org.br\/index.php\/wp-json\/wp\/v2\/tags?post=36900"}],"curies":[{"name":"wp","href":"https:\/\/api.w.org\/{rel}","templated":true}]}}