{"id":36891,"date":"2023-10-01T11:33:40","date_gmt":"2023-10-01T14:33:40","guid":{"rendered":"https:\/\/www.infomoney.com.br\/?p=2257151"},"modified":"2023-10-01T11:33:40","modified_gmt":"2023-10-01T14:33:40","slug":"ministerio-na-turquia-e-alvo-de-ataque-com-bomba-no-dia-de-abertura-do-parlamento","status":"publish","type":"post","link":"https:\/\/sindaopcpb.org.br\/index.php\/2023\/10\/01\/ministerio-na-turquia-e-alvo-de-ataque-com-bomba-no-dia-de-abertura-do-parlamento\/","title":{"rendered":"Minist\u00e9rio na Turquia \u00e9 alvo de ataque com bomba no dia de abertura do Parlamento"},"content":{"rendered":"<p><img loading=\"lazy\" width=\"300\" height=\"199\" src=\"https:\/\/www.infomoney.com.br\/wp-content\/uploads\/2023\/10\/GettyImages-1711012458.jpg?fit=300%2C199&amp;quality=70&amp;strip=all\" class=\"attachment-medium size-medium wp-post-image\" alt=\"As consequ\u00eancias de uma tentativa de ataque a bomba ao Minist\u00e9rio do Interior em Ancara, Turquia. Um dos terroristas se explodiu e o outro foi morto pela pol\u00edcia. Dois policiais ficaram levemente feridos no ataque. (Yavuz Ozden\/Getty Images)\" decoding=\"async\" style=\"float:right; margin:0 0 10px 10px;\" srcset=\"https:\/\/www.infomoney.com.br\/wp-content\/uploads\/2023\/10\/GettyImages-1711012458.jpg?w=594&amp;quality=70&amp;strip=all 594w, https:\/\/www.infomoney.com.br\/wp-content\/uploads\/2023\/10\/GettyImages-1711012458.jpg?w=300&amp;quality=70&amp;strip=all 300w, https:\/\/www.infomoney.com.br\/wp-content\/uploads\/2023\/10\/GettyImages-1711012458.jpg?w=150&amp;quality=70&amp;strip=all 150w\" sizes=\"auto, (max-width: 300px) 100vw, 300px\" data-attachment-id=\"2257152\" data-permalink=\"https:\/\/www.infomoney.com.br\/politica\/ministerio-na-turquia-e-alvo-de-ataque-com-bomba-no-dia-de-abertura-do-parlamento\/attachment\/bomb-attack-in-ankara\/\" data-orig-file=\"https:\/\/www.infomoney.com.br\/wp-content\/uploads\/2023\/10\/GettyImages-1711012458.jpg?fit=594%2C395&amp;quality=70&amp;strip=all\" data-orig-size=\"594,395\" data-comments-opened=\"0\" data-image-meta=\"{&quot;aperture&quot;:&quot;4.5&quot;,&quot;credit&quot;:&quot;dia images via Getty Images&quot;,&quot;camera&quot;:&quot;Canon EOS 5D Mark IV&quot;,&quot;caption&quot;:&quot;ANKARA, TURKEY- OCTOBER 1: The aftermath of an attempted bomb attack on the Interior Ministry in Ankara on October 1, 2023 in Ankara, Turkey. One of the terrorists blew himself up and the other was killed by the police. Two police officers were slightly wounded in the attack. (Photo by Yavuz Ozden\\\/ dia images via Getty Images)&quot;,&quot;created_timestamp&quot;:&quot;1696156440&quot;,&quot;copyright&quot;:&quot;2023 dia images&quot;,&quot;focal_length&quot;:&quot;200&quot;,&quot;iso&quot;:&quot;2000&quot;,&quot;shutter_speed&quot;:&quot;0.001&quot;,&quot;title&quot;:&quot;Bomb attack in Ankara&quot;,&quot;orientation&quot;:&quot;1&quot;}\" data-image-title=\"As consequ\u00eancias de uma tentativa de ataque a bomba ao Minist\u00e9rio do Interior em Ancara, Turquia. Um dos terroristas se explodiu e o outro foi morto pela pol\u00edcia. Dois policiais ficaram levemente feridos no ataque. (Yavuz Ozden\/Getty Images)\" data-image-description=\"&lt;p&gt;As consequ\u00eancias de uma tentativa de ataque a bomba ao Minist\u00e9rio do Interior em Ancara, Turquia. Um dos terroristas se explodiu e o outro foi morto pela pol\u00edcia. Dois policiais ficaram levemente feridos no ataque. (Yavuz Ozden\/Getty Images)&lt;\/p&gt;\n\" data-image-caption=\"&lt;p&gt;As consequ\u00eancias de uma tentativa de ataque a bomba ao Minist\u00e9rio do Interior em Ancara, Turquia. Um dos terroristas se explodiu e o outro foi morto pela pol\u00edcia. Dois policiais ficaram levemente feridos no ataque. (Yavuz Ozden\/Getty Images)&lt;\/p&gt;\n\" data-medium-file=\"https:\/\/www.infomoney.com.br\/wp-content\/uploads\/2023\/10\/GettyImages-1711012458.jpg?fit=300%2C199&amp;quality=70&amp;strip=all\" data-large-file=\"https:\/\/www.infomoney.com.br\/wp-content\/uploads\/2023\/10\/GettyImages-1711012458.jpg?fit=594%2C395&amp;quality=70&amp;strip=all\" title=\"\"><\/p>\n<p>O pr&eacute;dio do Minist&eacute;rio do Interior da Turquia foi alvo de um ataque suicida com bomba no dia em que o Parlamento estava programado para iniciar seu novo ano legislativo.<\/p>\n<p>Duas pessoas em um ve&iacute;culo comercial leve se aproximaram da entrada do pr&eacute;dio no distrito de Kizilay, em Ancara, por volta das 9h30, hor&aacute;rio local, e uma delas realizou o ataque, disse o ministro do Interior, Ali Yerlikaya.<\/p>\n<p>Embora o incidente tenha sido descrito pela Turquia como um ato de terrorismo, n&atilde;o houve reivindica&ccedil;&atilde;o imediata de responsabilidade, e as autoridades n&atilde;o identificaram os perpetradores.<\/p>\n<p>&ldquo;Um dos terroristas se detonou, enquanto o outro foi neutralizado pelas for&ccedil;as de seguran&ccedil;a&rdquo;, disse o ministro em uma postagem no X, anteriormente conhecido como Twitter. Um tiroteio resultou em ferimentos em dois membros das for&ccedil;as de seguran&ccedil;a.<\/p>\n<p>O ataque tamb&eacute;m foi ouvido no pr&eacute;dio do Parlamento, onde o presidente Recep Tayyip Erdogan se preparava para falar na cerim&ocirc;nia de abertura do novo ano legislativo. O Parlamento foi isolado como precau&ccedil;&atilde;o, e uma busca por explosivos foi realizada.<\/p>\n<blockquote class=\"twitter-tweet\" data-width=\"500\" data-dnt=\"true\">\n<p lang=\"tr\" dir=\"ltr\">Bombal&#305; sald&#305;r&#305; sonras&#305; Bas&#305;n A&ccedil;&#305;klamam&#305;z&#305; ger&ccedil;ekle&#351;tiriyoruz.  &#128205;Ankara  <a href=\"https:\/\/twitter.com\/hashtag\/Canl%C4%B1Yay%C4%B1n?src=hash&amp;ref_src=twsrc%5Etfw\" rel=\"nofollow noopener\" target=\"_blank\">#Canl&#305;Yay&#305;n<\/a>&#128225;&#127909; <a href=\"https:\/\/t.co\/IgKYBqMHG8\" rel=\"nofollow\">https:\/\/t.co\/IgKYBqMHG8<\/a><\/p>\n<p>&mdash; Ali Yerlikaya (@AliYerlikaya) <a href=\"https:\/\/twitter.com\/AliYerlikaya\/status\/1708430002734195113?ref_src=twsrc%5Etfw\" rel=\"nofollow noopener\" target=\"_blank\">October 1, 2023<\/a><\/p>\n<\/blockquote>\n<p><script async src=\"https:\/\/platform.twitter.com\/widgets.js\" charset=\"utf-8\"><\/script><\/p>\n<p>A Avenida Ataturk na capital foi temporariamente fechada ao tr&acirc;nsito perto do port&atilde;o de Cankaya do Parlamento, informou a ag&ecirc;ncia estatal <em>Anadolu<\/em>.<\/p>\n<p>&ldquo;A a&ccedil;&atilde;o desta manh&atilde;, na qual dois agressores foram neutralizados como resultado da interven&ccedil;&atilde;o oportuna de nossas unidades de seguran&ccedil;a, &eacute; o &uacute;ltimo esfor&ccedil;o do terrorismo&rdquo;, disse Erdogan ao Parlamento. &ldquo;Os canalhas que visam a paz e a seguran&ccedil;a dos cidad&atilde;os n&atilde;o alcan&ccedil;aram suas ambi&ccedil;&otilde;es e nunca o far&atilde;o.&rdquo;<\/p>\n<p>A Turquia tem lutado contra m&uacute;ltiplos grupos terroristas e v&aacute;rias cidades foram alvo de ataques com bombas ao longo dos anos. Militantes de grupos separatistas curdos, bem como do Estado Isl&acirc;mico e organiza&ccedil;&otilde;es de esquerda, realizaram in&uacute;meros bombardeios na na&ccedil;&atilde;o membro da Otan. No ano passado, seis civis morreram em um ataque com bomba em Istambul, a maior cidade do pa&iacute;s.<\/p>\n<p>Erdogan afirmou que a Turquia mant&eacute;m seu compromisso de proteger uma zona segura que se estende pelo menos a 30 quil&ocirc;metros em sua fronteira sul com a S&iacute;ria, com controle total sobre as atividades al&eacute;m dela, e enfatizou que o pa&iacute;s est&aacute; preparado para lan&ccedil;ar opera&ccedil;&otilde;es transfronteiri&ccedil;as sempre que necess&aacute;rio, independentemente do momento.<\/p>\n<p><em>&copy; 2023 Bloomberg L.P.<\/em><\/p>\n<\/p>\n<div class=\"cta-end\">\n<div class=\"im-cta\" >\n<div class=\"im-shortcode-forms bg-light bg-opacity-25 border rounded-4 p-3 p-sm-4 p-md-3 p-lg-4 px-xxl-5 my-5\" data-configuration='{\"form_name\":false,\"form_hat\":\"Newsletter\",\"form_email\":true,\"form_icon\":\"newsletter\",\"form_phone\":false,\"form_campaign\":\"NIM\",\"form_thankyou\":\"\",\"form_journey\":\"APIEvent-26a5198d-8e09-06ef-5f80-cd9127757ad1\",\"form_button\":\"Quero receber\",\"form_context\":\"newsletter\",\"form_origin\":\"https:\\\/\\\/www.infomoney.com.br\\\/politica\\\/feed\\\/?utm_medium=materia&#038;utm_source=infomoney&#038;utm_campaign=NIM&#038;utm_term=politica&#038;utm_content=newsletter\",\"form_position\":\"final\",\"form_category\":\"cta_form\"}'>\n<div class=\"d-flex flex-column align-items-center align-items-lg-start mb-4 flex-lg-row\">\n<div class=\"rounded-circle mb-2 mb-lg-0 mr-lg-4 me-lg-4 p-3 p-lg-4 bg-blue-400\"><svg width=\"40\" height=\"40\" viewBox=\"0 0 40 40\" fill=\"none\" xmlns=\"http:\/\/www.w3.org\/2000\/svg\"><path d=\"M20 20.25 6.042 11.042v19.041c0 .167.048.299.146.396a.535.535 0 0 0 .395.146h15.792V32.5H6.583a2.328 2.328 0 0 1-1.708-.708 2.328 2.328 0 0 1-.708-1.709V9.917c0-.667.236-1.236.708-1.709A2.328 2.328 0 0 1 6.583 7.5h26.834c.666 0 1.236.236 1.708.708a2.33 2.33 0 0 1 .708 1.709v12.458h-1.875V11.042L20 20.25Zm0-2 13.667-8.875H6.333L20 18.25Zm11.75 18.958-1.292-1.333 3.334-3.375h-9v-1.875h9l-3.375-3.417 1.333-1.291 5.667 5.625-5.667 5.666ZM6.042 11.042v20.791-9.458.25-13.25 1.667Z\" fill=\"#fff\"\/><\/svg><\/div>\n<div class=\"flex-fill text-center text-lg-left\">\n<div class=\"h6 small text-orange-700 lh-base mb-1\">Newsletter<\/div>\n<div class=\"text-body h4 m-0\">Infomorning<\/div>\n<div class=\"text-body small lh-base mt-2\">Receba no seu e-mail logo pela manh&atilde; as not&iacute;cias que v&atilde;o mexer com os mercados, com os seus investimentos e o seu bolso durante o dia<\/div>\n<\/div>\n<\/div>\n<\/div>\n<\/div>\n<\/div>\n<p>The post <a rel=\"nofollow noopener\" href=\"https:\/\/www.infomoney.com.br\/politica\/ministerio-na-turquia-e-alvo-de-ataque-com-bomba-no-dia-de-abertura-do-parlamento\/\" target=\"_blank\">Minist\u00e9rio na Turquia \u00e9 alvo de ataque com bomba no dia de abertura do Parlamento<\/a> appeared first on <a rel=\"nofollow noopener\" href=\"https:\/\/www.infomoney.com.br\/\" target=\"_blank\">InfoMoney<\/a>.<\/p>\n","protected":false},"excerpt":{"rendered":"<p><img loading=\"lazy\" decoding=\"async\" width=\"300\" height=\"199\" src=\"https:\/\/www.infomoney.com.br\/wp-content\/uploads\/2023\/10\/GettyImages-1711012458.jpg?fit=300%2C199&amp;quality=70&amp;strip=all\" class=\"attachment-medium size-medium wp-post-image\" alt=\"As consequ\u00eancias de uma tentativa de ataque a bomba ao Minist\u00e9rio do Interior em Ancara, Turquia. Um dos terroristas se explodiu e o outro foi morto pela pol\u00edcia. Dois policiais ficaram levemente feridos no ataque. (Yavuz Ozden\/Getty Images)\" data-attachment-id=\"2257152\" data-permalink=\"https:\/\/www.infomoney.com.br\/politica\/ministerio-na-turquia-e-alvo-de-ataque-com-bomba-no-dia-de-abertura-do-parlamento\/attachment\/bomb-attack-in-ankara\/\" data-orig-file=\"https:\/\/www.infomoney.com.br\/wp-content\/uploads\/2023\/10\/GettyImages-1711012458.jpg?fit=594%2C395&amp;quality=70&amp;strip=all\" data-orig-size=\"594,395\" data-comments-opened=\"0\" data-image-meta='{\"aperture\":\"4.5\",\"credit\":\"dia images via Getty Images\",\"camera\":\"Canon EOS 5D Mark IV\",\"caption\":\"ANKARA, TURKEY- OCTOBER 1: The aftermath of an attempted bomb attack on the Interior Ministry in Ankara on October 1, 2023 in Ankara, Turkey. One of the terrorists blew himself up and the other was killed by the police. Two police officers were slightly wounded in the attack. (Photo by Yavuz Ozden\\\/ dia images via Getty Images)\",\"created_timestamp\":\"1696156440\",\"copyright\":\"2023 dia images\",\"focal_length\":\"200\",\"iso\":\"2000\",\"shutter_speed\":\"0.001\",\"title\":\"Bomb attack in Ankara\",\"orientation\":\"1\"}' data-image-title=\"As consequ\u00eancias de uma tentativa de ataque a bomba ao Minist\u00e9rio do Interior em Ancara, Turquia. Um dos terroristas se explodiu e o outro foi morto pela pol\u00edcia. Dois policiais ficaram levemente feridos no ataque. (Yavuz Ozden\/Getty Images)\" data-image-description=\"&lt;p&gt;As consequ\u00eancias de uma tentativa de ataque a bomba ao Minist\u00e9rio do Interior em Ancara, Turquia. Um dos terroristas se explodiu e o outro foi morto pela pol\u00edcia. Dois policiais ficaram levemente feridos no ataque. (Yavuz Ozden\/Getty Images)&lt;\/p&gt;\n\" data-image-caption=\"&lt;p&gt;As consequ\u00eancias de uma tentativa de ataque a bomba ao Minist\u00e9rio do Interior em Ancara, Turquia. Um dos terroristas se explodiu e o outro foi morto pela pol\u00edcia. Dois policiais ficaram levemente feridos no ataque. (Yavuz Ozden\/Getty Images)&lt;\/p&gt;\n\" data-medium-file=\"https:\/\/www.infomoney.com.br\/wp-content\/uploads\/2023\/10\/GettyImages-1711012458.jpg?fit=300%2C199&amp;quality=70&amp;strip=all\" data-large-file=\"https:\/\/www.infomoney.com.br\/wp-content\/uploads\/2023\/10\/GettyImages-1711012458.jpg?fit=594%2C395&amp;quality=70&amp;strip=all\">&#8220;Um dos terroristas se detonou, enquanto o outro foi neutralizado pelas for\u00e7as de seguran\u00e7a&#8221;, disse o ministro do Interior turco<\/p>\n<p>The post <a rel=\"nofollow\" href=\"https:\/\/www.infomoney.com.br\/politica\/ministerio-na-turquia-e-alvo-de-ataque-com-bomba-no-dia-de-abertura-do-parlamento\/\">Minist\u00e9rio na Turquia \u00e9 alvo de ataque com bomba no dia de abertura do Parlamento<\/a> appeared first on <a rel=\"nofollow\" href=\"https:\/\/www.infomoney.com.br\/\">InfoMoney<\/a>.<\/p>\n","protected":false},"author":61,"featured_media":0,"comment_status":"closed","ping_status":"closed","sticky":false,"template":"","format":"standard","meta":{"advgb_blocks_editor_width":"","advgb_blocks_columns_visual_guide":"","footnotes":""},"categories":[34,47,2673,3744],"tags":[35],"class_list":["post-36891","post","type-post","status-publish","format-standard","hentry","category-g1","category-politica","category-terrorismo","category-turquia","tag-g1"],"author_meta":{"display_name":"Bloomberg","author_link":"https:\/\/sindaopcpb.org.br\/author\/bloomberg\/"},"featured_img":null,"coauthors":[],"tax_additional":{"categories":{"linked":["<a href=\"https:\/\/sindaopcpb.org.br\/g1\/\" class=\"advgb-post-tax-term\">G1<\/a>","<a href=\"https:\/\/sindaopcpb.org.br\/politica\/\" class=\"advgb-post-tax-term\">POLITICA<\/a>","<a href=\"https:\/\/sindaopcpb.org.br\/terrorismo\/\" class=\"advgb-post-tax-term\">Terrorismo<\/a>","<a href=\"https:\/\/sindaopcpb.org.br\/turquia\/\" class=\"advgb-post-tax-term\">Turquia<\/a>"],"unlinked":["<span class=\"advgb-post-tax-term\">G1<\/span>","<span class=\"advgb-post-tax-term\">POLITICA<\/span>","<span class=\"advgb-post-tax-term\">Terrorismo<\/span>","<span class=\"advgb-post-tax-term\">Turquia<\/span>"]},"tags":{"linked":["<a href=\"https:\/\/sindaopcpb.org.br\/turquia\/\" class=\"advgb-post-tax-term\">g1<\/a>"],"unlinked":["<span class=\"advgb-post-tax-term\">g1<\/span>"]}},"comment_count":"0","relative_dates":{"created":"Publicado 3 anos atr\u00e1s","modified":"Atualizado 3 anos atr\u00e1s"},"absolute_dates":{"created":"Publicado em 1 de outubro de 2023","modified":"Atualizado em 1 de outubro de 2023"},"absolute_dates_time":{"created":"Publicado em 1 de outubro de 2023 11:33","modified":"Atualizado em 1 de outubro de 2023 11:33"},"featured_img_caption":"","series_order":"","_links":{"self":[{"href":"https:\/\/sindaopcpb.org.br\/index.php\/wp-json\/wp\/v2\/posts\/36891","targetHints":{"allow":["GET"]}}],"collection":[{"href":"https:\/\/sindaopcpb.org.br\/index.php\/wp-json\/wp\/v2\/posts"}],"about":[{"href":"https:\/\/sindaopcpb.org.br\/index.php\/wp-json\/wp\/v2\/types\/post"}],"author":[{"embeddable":true,"href":"https:\/\/sindaopcpb.org.br\/index.php\/wp-json\/wp\/v2\/users\/61"}],"replies":[{"embeddable":true,"href":"https:\/\/sindaopcpb.org.br\/index.php\/wp-json\/wp\/v2\/comments?post=36891"}],"version-history":[{"count":2,"href":"https:\/\/sindaopcpb.org.br\/index.php\/wp-json\/wp\/v2\/posts\/36891\/revisions"}],"predecessor-version":[{"id":36903,"href":"https:\/\/sindaopcpb.org.br\/index.php\/wp-json\/wp\/v2\/posts\/36891\/revisions\/36903"}],"wp:attachment":[{"href":"https:\/\/sindaopcpb.org.br\/index.php\/wp-json\/wp\/v2\/media?parent=36891"}],"wp:term":[{"taxonomy":"category","embeddable":true,"href":"https:\/\/sindaopcpb.org.br\/index.php\/wp-json\/wp\/v2\/categories?post=36891"},{"taxonomy":"post_tag","embeddable":true,"href":"https:\/\/sindaopcpb.org.br\/index.php\/wp-json\/wp\/v2\/tags?post=36891"}],"curies":[{"name":"wp","href":"https:\/\/api.w.org\/{rel}","templated":true}]}}