{"id":36863,"date":"2023-10-01T08:43:12","date_gmt":"2023-10-01T11:43:12","guid":{"rendered":"https:\/\/wpa.wscom.com.br\/?p=925363"},"modified":"2023-10-01T08:43:12","modified_gmt":"2023-10-01T11:43:12","slug":"governo-da-paraiba-oportuniza-aos-filhos-de-reeducandos-aprenderem-a-tocar-um-instrumento","status":"publish","type":"post","link":"https:\/\/sindaopcpb.org.br\/index.php\/2023\/10\/01\/governo-da-paraiba-oportuniza-aos-filhos-de-reeducandos-aprenderem-a-tocar-um-instrumento\/","title":{"rendered":"Governo da Para\u00edba oportuniza aos filhos de reeducandos aprenderem a tocar um instrumento"},"content":{"rendered":"<p>O primeiro concerto do Quinteto de Sopros do Programa de Inclus\u00e3o Social Atrav\u00e9s da M\u00fasica e das Artes (Prima) no pres\u00eddio S\u00edlvio Porto, realizado na manh\u00e3 deste s\u00e1bado (30) \u2013 dia de visita \u2013, teve uma boa receptividade e despertou o interesse dos familiares das pessoas em priva\u00e7\u00e3o de liberdade que buscaram logo matricular seus filhos para aprenderem a tocar um instrumento musical.<\/p>\n<p>A iniciativa faz parte da pol\u00edtica de inclus\u00e3o social do Governo da Para\u00edba, e resulta da parceria entre a Secretaria da Administra\u00e7\u00e3o Penitenci\u00e1ria e o Prima, com o objetivo de ofertar aulas de m\u00fasica a filhos de pessoas em priva\u00e7\u00e3o de liberdade. Podem ser matriculados gratuitamente no Prima filhos de reeducandos, com idade entre sete e 18 anos. O instrumento musical ficar\u00e1 com o aluno enquanto ele estiver estudando m\u00fasica.<\/p>\n<p>O secret\u00e1rio de Administra\u00e7\u00e3o Penitenci\u00e1ria, Jo\u00e3o Alves, avalia como positivo o interesse das m\u00e3es que durante a apresenta\u00e7\u00e3o do Quinteto de Sopros Prima j\u00e1 matricularam seus filhos e filhas. Ele agradeceu ao gestor do Prima, Milton Dornelas, pela sensibilidade, pela parceria neste projeto de inclus\u00e3o social.<\/p>\n<p>Isabele, m\u00e3e de uma adolescente, fez a matr\u00edcula da filha, que tem o dom de cantar. \u201cEssa \u00e9 uma boa oportunidade para minha filha praticar canto, para atuar em coral. Estudar m\u00fasica ocupa a mente de crian\u00e7as e jovens, al\u00e9m de, quem sabe, se tornar profissional\u201d.<\/p>\n<p>A senhora Claudenice, m\u00e3e de um jovem de 15 anos, falou que o filho quer aprender a tocar trompete, ent\u00e3o far\u00e1 sua matr\u00edcula no Prima.<\/p>\n<p>Madu Ay\u00e1, gerente executiva de A\u00e7\u00f5es Educacionais e Culturais do Prima, tamb\u00e9m prestigiou o concerto, fez contatos com m\u00e3es e filhos e observou que o projeto tem chances de significativa procura em todos os polos do Prima no estado.<\/p>\n<p>O bispo Miguel Soares, da Igreja Universal, esteve presente ao concerto do Prima, colaborou com o evento e elogiou a iniciativa da Seap. \u201cEsse projeto \u00e9 de suma import\u00e2ncia porque chega at\u00e9 a fam\u00edlia, e a m\u00fasica produz uma harmonia maior\u201d, comentou.<\/p>\n<p>As pr\u00f3ximas apresenta\u00e7\u00f5es do Prima em Jo\u00e3o Pessoa acontecer\u00e3o dia 7 de outubro na Penitenci\u00e1ria Maria J\u00falia Maranh\u00e3o, dia 14 na Penitenci\u00e1ria de Psiquiatria Forense e dia 28 na Penitenci\u00e1ria de Seguran\u00e7a M\u00e1xima Geraldo Beltr\u00e3o. Ap\u00f3s essa etapa, a parceria Seap\/Prima segue para Campina Grande e demais cidades polo. O Prima acontece em 17 Polos de Ensino distribu\u00eddos em 14 munic\u00edpios do Estado da Para\u00edba.<\/p>\n<p><b>O Programa<\/b>\u00a0&#8211; O Prima\u00a0\u00e9 um programa do Governo da Para\u00edba que\u00a0tem como objetivos fomentar o exerc\u00edcio da cidadania de seus integrantes; promover a inclus\u00e3o e democratiza\u00e7\u00e3o do acesso \u00e0 arte; difus\u00e3o da m\u00fasica em sua diversidade; e o desenvolvimento humano atrav\u00e9s do ensino coletivo de m\u00fasica. Tamb\u00e9m desenvolve a forma\u00e7\u00e3o de orquestras e outros grupos musicais.<\/p>\n<p>O post <a rel=\"nofollow noopener\" href=\"https:\/\/wscom.com.br\/governo-da-paraiba-oportuniza-aos-filhos-de-reeducandos-aprenderem-a-tocar-um-instrumento\/\" target=\"_blank\">Governo da Para\u00edba oportuniza aos filhos de reeducandos aprenderem a tocar um instrumento<\/a> apareceu primeiro em <a rel=\"nofollow noopener\" href=\"https:\/\/wscom.com.br\/\" target=\"_blank\">WSCOM<\/a>.<\/p>\n","protected":false},"excerpt":{"rendered":"<p>O primeiro concerto do Quinteto de Sopros do Programa de Inclus\u00e3o Social Atrav\u00e9s da M\u00fasica e das Artes (Prima) no pres\u00eddio S\u00edlvio Porto, realizado na manh\u00e3 deste s\u00e1bado (30) \u2013 dia de visita \u2013, teve uma boa receptividade e despertou o interesse dos familiares das pessoas em priva\u00e7\u00e3o de liberdade que buscaram logo matricular seus [\u2026]<\/p>\n<p>O post <a rel=\"nofollow\" href=\"https:\/\/wscom.com.br\/governo-da-paraiba-oportuniza-aos-filhos-de-reeducandos-aprenderem-a-tocar-um-instrumento\/\">Governo da Para\u00edba oportuniza aos filhos de reeducandos aprenderem a tocar um instrumento<\/a> apareceu primeiro em <a rel=\"nofollow\" href=\"https:\/\/wscom.com.br\/\">WSCOM<\/a>.<\/p>\n","protected":false},"author":58,"featured_media":0,"comment_status":"closed","ping_status":"closed","sticky":false,"template":"","format":"standard","meta":{"advgb_blocks_editor_width":"","advgb_blocks_columns_visual_guide":"","footnotes":""},"categories":[2054,76,170,34,418,54,9660],"tags":[35],"class_list":["post-36863","post","type-post","status-publish","format-standard","hentry","category-arte","category-artes","category-cultura","category-g1","category-noticias","category-paraiba","category-reeducando","tag-g1"],"author_meta":{"display_name":"Juliana Terra","author_link":"https:\/\/sindaopcpb.org.br\/author\/juliana-terra\/"},"featured_img":null,"coauthors":[],"tax_additional":{"categories":{"linked":["<a href=\"https:\/\/sindaopcpb.org.br\/arte\/\" class=\"advgb-post-tax-term\">arte<\/a>","<a href=\"https:\/\/sindaopcpb.org.br\/artes\/\" class=\"advgb-post-tax-term\">Artes<\/a>","<a href=\"https:\/\/sindaopcpb.org.br\/cultura\/\" class=\"advgb-post-tax-term\">Cultura<\/a>","<a href=\"https:\/\/sindaopcpb.org.br\/g1\/\" class=\"advgb-post-tax-term\">G1<\/a>","<a href=\"https:\/\/sindaopcpb.org.br\/noticias\/\" class=\"advgb-post-tax-term\">Not\u00edcias<\/a>","<a href=\"https:\/\/sindaopcpb.org.br\/paraiba\/\" class=\"advgb-post-tax-term\">Para\u00edba<\/a>","<a href=\"https:\/\/sindaopcpb.org.br\/reeducando\/\" class=\"advgb-post-tax-term\">reeducando<\/a>"],"unlinked":["<span class=\"advgb-post-tax-term\">arte<\/span>","<span class=\"advgb-post-tax-term\">Artes<\/span>","<span class=\"advgb-post-tax-term\">Cultura<\/span>","<span class=\"advgb-post-tax-term\">G1<\/span>","<span class=\"advgb-post-tax-term\">Not\u00edcias<\/span>","<span class=\"advgb-post-tax-term\">Para\u00edba<\/span>","<span class=\"advgb-post-tax-term\">reeducando<\/span>"]},"tags":{"linked":["<a href=\"https:\/\/sindaopcpb.org.br\/reeducando\/\" class=\"advgb-post-tax-term\">g1<\/a>"],"unlinked":["<span class=\"advgb-post-tax-term\">g1<\/span>"]}},"comment_count":"0","relative_dates":{"created":"Publicado 3 anos atr\u00e1s","modified":"Atualizado 3 anos atr\u00e1s"},"absolute_dates":{"created":"Publicado em 1 de outubro de 2023","modified":"Atualizado em 1 de outubro de 2023"},"absolute_dates_time":{"created":"Publicado em 1 de outubro de 2023 08:43","modified":"Atualizado em 1 de outubro de 2023 08:43"},"featured_img_caption":"","series_order":"","_links":{"self":[{"href":"https:\/\/sindaopcpb.org.br\/index.php\/wp-json\/wp\/v2\/posts\/36863","targetHints":{"allow":["GET"]}}],"collection":[{"href":"https:\/\/sindaopcpb.org.br\/index.php\/wp-json\/wp\/v2\/posts"}],"about":[{"href":"https:\/\/sindaopcpb.org.br\/index.php\/wp-json\/wp\/v2\/types\/post"}],"author":[{"embeddable":true,"href":"https:\/\/sindaopcpb.org.br\/index.php\/wp-json\/wp\/v2\/users\/58"}],"replies":[{"embeddable":true,"href":"https:\/\/sindaopcpb.org.br\/index.php\/wp-json\/wp\/v2\/comments?post=36863"}],"version-history":[{"count":1,"href":"https:\/\/sindaopcpb.org.br\/index.php\/wp-json\/wp\/v2\/posts\/36863\/revisions"}],"predecessor-version":[{"id":36864,"href":"https:\/\/sindaopcpb.org.br\/index.php\/wp-json\/wp\/v2\/posts\/36863\/revisions\/36864"}],"wp:attachment":[{"href":"https:\/\/sindaopcpb.org.br\/index.php\/wp-json\/wp\/v2\/media?parent=36863"}],"wp:term":[{"taxonomy":"category","embeddable":true,"href":"https:\/\/sindaopcpb.org.br\/index.php\/wp-json\/wp\/v2\/categories?post=36863"},{"taxonomy":"post_tag","embeddable":true,"href":"https:\/\/sindaopcpb.org.br\/index.php\/wp-json\/wp\/v2\/tags?post=36863"}],"curies":[{"name":"wp","href":"https:\/\/api.w.org\/{rel}","templated":true}]}}