{"id":36861,"date":"2023-10-01T08:51:34","date_gmt":"2023-10-01T11:51:34","guid":{"rendered":"https:\/\/wpa.wscom.com.br\/?p=925362"},"modified":"2023-10-01T08:51:34","modified_gmt":"2023-10-01T11:51:34","slug":"inscricoes-da-olimpiada-paraibana-de-matematica-seguem-ate-o-dia-15-de-outubro","status":"publish","type":"post","link":"https:\/\/sindaopcpb.org.br\/index.php\/2023\/10\/01\/inscricoes-da-olimpiada-paraibana-de-matematica-seguem-ate-o-dia-15-de-outubro\/","title":{"rendered":"Inscri\u00e7\u00f5es da Olimp\u00edada Paraibana de Matem\u00e1tica seguem at\u00e9 o dia 15 de outubro"},"content":{"rendered":"<p>As inscri\u00e7\u00f5es para a Olimp\u00edada Paraibana de Matem\u00e1tica (OPM) prosseguem at\u00e9 o dia 15 de outubro. A OPM \u00e9 uma das a\u00e7\u00f5es da 20\u00aa Semana Nacional de Ci\u00eancia e Tecnologia (SNCT), que acontecer\u00e1 em novembro, no Espa\u00e7o Cultural Jos\u00e9 Lins do Rego, em Jo\u00e3o Pessoa. A SNCT \u00e9 realizada pela Secretaria de Ci\u00eancia e Tecnologia (Secitec) da Prefeitura de Jo\u00e3o Pessoa, com apoio do Conselho Nacional de Desenvolvimento Cient\u00edfico e Tecnol\u00f3gico (CNPq) e Coordena\u00e7\u00e3o de Aperfei\u00e7oamento de Pessoal de N\u00edvel Superior (Capes).<\/p>\n<figure class=\"wp-block-gallery has-nested-images columns-default is-cropped wp-block-gallery-1 is-layout-flex wp-block-gallery-is-layout-flex\">\n<figure class=\"wp-block-image size-large\"><img decoding=\"async\" loading=\"lazy\" class=\"wp-image-328170\" src=\"https:\/\/www.joaopessoa.pb.gov.br\/wp-content\/uploads\/2023\/09\/Divulgacao-2.jpeg\" sizes=\"auto, (max-width: 863px) 100vw, 863px\" srcset=\"https:\/\/www.joaopessoa.pb.gov.br\/wp-content\/uploads\/2023\/09\/Divulgacao-2.jpeg 863w, https:\/\/www.joaopessoa.pb.gov.br\/wp-content\/uploads\/2023\/09\/Divulgacao-2-768x369.jpeg 768w\" alt=\"\" width=\"863\" height=\"415\" data-id=\"328170\" title=\"\"><\/figure>\n<figure class=\"wp-block-image size-large\"><\/figure>\n<\/figure>\n<p>O professor do Departamento de Matem\u00e1tica da Universidade Federal da Para\u00edba (UFPB), Felipe Chaves, comentou que desde o ano passado o Departamento participa da SNCT e que a Olimp\u00edada tem como objetivo promover a Matem\u00e1tica na Para\u00edba e despertar a juventude local para uma carreira em ci\u00eancia e tecnologia.<\/p>\n<p>A Olimp\u00edada Paraibana de Matem\u00e1tica (OPM) \u00e9 uma competi\u00e7\u00e3o regional dirigida aos alunos de escolas p\u00fablicas e privadas do Estado da Para\u00edba. Ela tamb\u00e9m \u00e9 fruto de uma parceria entre Universidade Federal da Para\u00edba, Instituto Federal da Para\u00edba (IFPB) e Universidade Estadual da Para\u00edba (UEPB). A competi\u00e7\u00e3o conta com o apoio das Secretarias Municipais de Ci\u00eancia e Tecnologia (Secitec) e Educa\u00e7\u00e3o e Cultura (Sedec). O Governo do Estado apoia a iniciativa atrav\u00e9s das Secretarias Estaduais de Ci\u00eancia, Tecnologia, Inova\u00e7\u00e3o e Ensino Superior e Educa\u00e7\u00e3o.<\/p>\n<p>A competi\u00e7\u00e3o acontecer\u00e1 no dia 25 de novembro de 2023, em Jo\u00e3o Pessoa, Campina Grande, Patos, Cajazeiras, Monteiro, Araruna e Mamanguape. Na Capital, ela acontecer\u00e1 durante a 20\u00aa SNCT, em tr\u00eas n\u00edveis de participa\u00e7\u00e3o: N\u00edvel 1- Para alunos matriculados no 6\u00b0 ou 7\u00b0 anos do Ensino Fundamental; N\u00edvel 2 \u2013 Para alunos matriculados no 8\u00b0 ou 9\u00b0 anos do Ensino Fundamental; e N\u00edvel 3 \u2013 Para alunos matriculados em qualquer s\u00e9rie do Ensino M\u00e9dio.<\/p>\n<p>Quanto as provas da OPM, segundo professor Felipe Chaves, ser\u00e3o abertas para os alunos do 6\u00ba ao 9\u00ba ano do Ensino Fundamental e M\u00e9dio das escolas p\u00fablicas e particulares do Estado. Os locais das provas ser\u00e3o divulgados ap\u00f3s o t\u00e9rmino das inscri\u00e7\u00f5es, pois a comiss\u00e3o ainda est\u00e1 verificando o melhor local para aplica\u00e7\u00e3o. Mais informa\u00e7\u00f5es sobre as inscri\u00e7\u00f5es e o regulamento da OPM \u00e9 s\u00f3 acessar o site\u00a0<a href=\"http:\/\/www.mat.ufpb.br\/opm\/\" rel=\"nofollow noopener\" target=\"_blank\">www.mat.ufpb.br\/opm\/<\/a>.<\/p>\n<p>O post <a rel=\"nofollow noopener\" href=\"https:\/\/wscom.com.br\/inscricoes-da-olimpiada-paraibana-de-matematica-seguem-ate-o-dia-15-de-outubro\/\" target=\"_blank\">Inscri\u00e7\u00f5es da Olimp\u00edada Paraibana de Matem\u00e1tica seguem at\u00e9 o dia 15 de outubro<\/a> apareceu primeiro em <a rel=\"nofollow noopener\" href=\"https:\/\/wscom.com.br\/\" target=\"_blank\">WSCOM<\/a>.<\/p>\n","protected":false},"excerpt":{"rendered":"<p>As inscri\u00e7\u00f5es para a Olimp\u00edada Paraibana de Matem\u00e1tica (OPM) prosseguem at\u00e9 o dia 15 de outubro. A OPM \u00e9 uma das a\u00e7\u00f5es da 20\u00aa Semana Nacional de Ci\u00eancia e Tecnologia (SNCT), que acontecer\u00e1 em novembro, no Espa\u00e7o Cultural Jos\u00e9 Lins do Rego, em Jo\u00e3o Pessoa. A SNCT \u00e9 realizada pela Secretaria de Ci\u00eancia e Tecnologia [\u2026]<\/p>\n<p>O post <a rel=\"nofollow\" href=\"https:\/\/wscom.com.br\/inscricoes-da-olimpiada-paraibana-de-matematica-seguem-ate-o-dia-15-de-outubro\/\">Inscri\u00e7\u00f5es da Olimp\u00edada Paraibana de Matem\u00e1tica seguem at\u00e9 o dia 15 de outubro<\/a> apareceu primeiro em <a rel=\"nofollow\" href=\"https:\/\/wscom.com.br\/\">WSCOM<\/a>.<\/p>\n","protected":false},"author":58,"featured_media":0,"comment_status":"closed","ping_status":"closed","sticky":false,"template":"","format":"standard","meta":{"advgb_blocks_editor_width":"","advgb_blocks_columns_visual_guide":"","footnotes":""},"categories":[229,984,3747,34,71,418,9215],"tags":[35],"class_list":["post-36861","post","type-post","status-publish","format-standard","hentry","category-educacao","category-evento","category-eventos","category-g1","category-joao-pessoa","category-noticias","category-olimpiadas","tag-g1"],"author_meta":{"display_name":"Juliana Terra","author_link":"https:\/\/sindaopcpb.org.br\/author\/juliana-terra\/"},"featured_img":null,"coauthors":[],"tax_additional":{"categories":{"linked":["<a href=\"https:\/\/sindaopcpb.org.br\/educacao\/\" class=\"advgb-post-tax-term\">Educa\u00e7\u00e3o<\/a>","<a href=\"https:\/\/sindaopcpb.org.br\/evento\/\" class=\"advgb-post-tax-term\">evento<\/a>","<a href=\"https:\/\/sindaopcpb.org.br\/eventos\/\" class=\"advgb-post-tax-term\">eventos<\/a>","<a href=\"https:\/\/sindaopcpb.org.br\/g1\/\" class=\"advgb-post-tax-term\">G1<\/a>","<a href=\"https:\/\/sindaopcpb.org.br\/joao-pessoa\/\" class=\"advgb-post-tax-term\">Jo\u00e3o Pessoa<\/a>","<a href=\"https:\/\/sindaopcpb.org.br\/noticias\/\" class=\"advgb-post-tax-term\">Not\u00edcias<\/a>","<a href=\"https:\/\/sindaopcpb.org.br\/olimpiadas\/\" class=\"advgb-post-tax-term\">Olimp\u00edadas<\/a>"],"unlinked":["<span class=\"advgb-post-tax-term\">Educa\u00e7\u00e3o<\/span>","<span class=\"advgb-post-tax-term\">evento<\/span>","<span class=\"advgb-post-tax-term\">eventos<\/span>","<span class=\"advgb-post-tax-term\">G1<\/span>","<span class=\"advgb-post-tax-term\">Jo\u00e3o Pessoa<\/span>","<span class=\"advgb-post-tax-term\">Not\u00edcias<\/span>","<span class=\"advgb-post-tax-term\">Olimp\u00edadas<\/span>"]},"tags":{"linked":["<a href=\"https:\/\/sindaopcpb.org.br\/olimpiadas\/\" class=\"advgb-post-tax-term\">g1<\/a>"],"unlinked":["<span class=\"advgb-post-tax-term\">g1<\/span>"]}},"comment_count":"0","relative_dates":{"created":"Publicado 3 anos atr\u00e1s","modified":"Atualizado 3 anos atr\u00e1s"},"absolute_dates":{"created":"Publicado em 1 de outubro de 2023","modified":"Atualizado em 1 de outubro de 2023"},"absolute_dates_time":{"created":"Publicado em 1 de outubro de 2023 08:51","modified":"Atualizado em 1 de outubro de 2023 08:51"},"featured_img_caption":"","series_order":"","_links":{"self":[{"href":"https:\/\/sindaopcpb.org.br\/index.php\/wp-json\/wp\/v2\/posts\/36861","targetHints":{"allow":["GET"]}}],"collection":[{"href":"https:\/\/sindaopcpb.org.br\/index.php\/wp-json\/wp\/v2\/posts"}],"about":[{"href":"https:\/\/sindaopcpb.org.br\/index.php\/wp-json\/wp\/v2\/types\/post"}],"author":[{"embeddable":true,"href":"https:\/\/sindaopcpb.org.br\/index.php\/wp-json\/wp\/v2\/users\/58"}],"replies":[{"embeddable":true,"href":"https:\/\/sindaopcpb.org.br\/index.php\/wp-json\/wp\/v2\/comments?post=36861"}],"version-history":[{"count":1,"href":"https:\/\/sindaopcpb.org.br\/index.php\/wp-json\/wp\/v2\/posts\/36861\/revisions"}],"predecessor-version":[{"id":36862,"href":"https:\/\/sindaopcpb.org.br\/index.php\/wp-json\/wp\/v2\/posts\/36861\/revisions\/36862"}],"wp:attachment":[{"href":"https:\/\/sindaopcpb.org.br\/index.php\/wp-json\/wp\/v2\/media?parent=36861"}],"wp:term":[{"taxonomy":"category","embeddable":true,"href":"https:\/\/sindaopcpb.org.br\/index.php\/wp-json\/wp\/v2\/categories?post=36861"},{"taxonomy":"post_tag","embeddable":true,"href":"https:\/\/sindaopcpb.org.br\/index.php\/wp-json\/wp\/v2\/tags?post=36861"}],"curies":[{"name":"wp","href":"https:\/\/api.w.org\/{rel}","templated":true}]}}