{"id":36820,"date":"2023-09-30T12:01:43","date_gmt":"2023-09-30T15:01:43","guid":{"rendered":"https:\/\/wpa.wscom.com.br\/?p=925256"},"modified":"2023-09-30T12:01:43","modified_gmt":"2023-09-30T15:01:43","slug":"camara-de-santo-andre-afasta-presidente-sob-acusacoes-irregularidades-vereadora-diz-ser-vitima-de-golpe-da-situacao","status":"publish","type":"post","link":"https:\/\/sindaopcpb.org.br\/index.php\/2023\/09\/30\/camara-de-santo-andre-afasta-presidente-sob-acusacoes-irregularidades-vereadora-diz-ser-vitima-de-golpe-da-situacao\/","title":{"rendered":"C\u00e2mara de Santo Andr\u00e9 afasta presidente sob acusa\u00e7\u00f5es irregularidades; vereadora diz ser v\u00edtima de \u201cgolpe\u201d da situa\u00e7\u00e3o"},"content":{"rendered":"<p>A presidente da C\u00e2mara de Vereadores de Santo Andr\u00e9, localizada no Cariri da Para\u00edba, Cristiane Alves (Republicanos), foi afastada do cargo sob acusa\u00e7\u00f5es de supostas irregularidades. A den\u00fancia contra a parlamentar foi apresentada durante a sess\u00e3o ordin\u00e1ria realizada na noite de sexta-feira, que deferiu o pedido por uma margem de 7 votos a 1.<\/p>\n<p>Os vereadores que votaram pelo afastamento da presidente incluem Adim Figueiredo e Jo\u00e3o Batista, ambos dos Republicanos, al\u00e9m de Denys Cavalcante, Socorro Messias e Rodrigo Camilo, do Progressistas, e Felipe de Evandi, do PDT. Apenas o vereador Ch\u00e9ia (PDT) votou a favor de Cristiane.<\/p>\n<p>O afastamento foi motivado por uma den\u00fancia protocolada na \u00faltima quarta-feira (27) no legislativo, que alega a ocorr\u00eancia de diversas irregularidades cometidas por Cristiane durante seu mandato. Entre as acusa\u00e7\u00f5es feitas constam a contrata\u00e7\u00e3o e pagamento de um prestador de servi\u00e7os fantasma, bem como a falta de pagamento das contribui\u00e7\u00f5es previdenci\u00e1rias ao INSS, mesmo tendo recursos dispon\u00edveis.<\/p>\n<p>Com o afastamento de Cristiane do comando do legislativo para se defender das acusa\u00e7\u00f5es, o vice-presidente da C\u00e2mara de Santo Andr\u00e9, o vereador Rodrigo Camilo (Progressistas), assumiu a presid\u00eancia da casa.<\/p>\n<p><strong>Comiss\u00e3o processante<\/strong><\/p>\n<p>Uma comiss\u00e3o processante ser\u00e1 instaurada para apurar as den\u00fancias contra Cristiane. Ela ser\u00e1 composta pelos vereadores, Adim, Felipe e Socorro. Na pr\u00f3xima segunda-feira (2), eles ir\u00e3o se reunir para definirem presidente e relator da comiss\u00e3o processante.<\/p>\n<p>Ap\u00f3s o tr\u00e2mite legal da comiss\u00e3o processante, o caso vai a plen\u00e1rio para vota\u00e7\u00e3o final. Por enquanto, Rodrigo, na condi\u00e7\u00e3o de vice-presidente, assume a chefia do legislativo interinamente.<\/p>\n<p><strong>Vereadora fala em golpe<\/strong><\/p>\n<p>Ainda durante a sess\u00e3o, ap\u00f3s a aprova\u00e7\u00e3o do afastamento, Cristiane Alves fez um desabafo a popula\u00e7\u00e3o onde declarou que ir\u00e1 levar o caso \u00e0 justi\u00e7a para que essa tentativa de &#8220;golpe&#8221; seja reparada. A parlamentar desafiou os vereadores a provar qualquer irregularidade, disse que pelo fato de ser mulher n\u00e3o baixar\u00e1 a cabe\u00e7a contra as injusti\u00e7as que vem sofrendo e afirmou que \u201cos sete vereadores s\u00e3o golpistas\u201d.<\/p>\n<p>O advogado de defesa da parlamentar, Jos\u00e9 Maviael, acompanhou a sess\u00e3o de forma remota e disse que todo\u00a0 processo \u00e9 uma clara tentativa de derrubar uma vereadora eleita pelo povo e presidente elevada ao cargo pelos mesmos vereadores que hoje votaram para afast\u00e1-la. \u201cEssa a\u00e7\u00e3o montada n\u00e3o passar\u00e1 pela apura\u00e7\u00e3o firma e minuciosa da justi\u00e7a. Essa clara tentativa de golpe ser\u00e1 derrubada em breve\u201d, afirmou.<\/p>\n<p>\u201cUm dia antes da sess\u00e3o, a Presidente Cristiane Alves j\u00e1 tinha feito um pronunciando demonstrando as provas que refutam cada uma das den\u00fancias apresentadas no processo que pediu seu afastamento da presid\u00eancia.\u00a0Enquanto a batalha pol\u00edtica continua na c\u00e2mara, a destitui\u00e7\u00e3o de Cristiane Alves permanece envolta em controv\u00e9rsias, com muitos questionando a legitimidade do processo. A investiga\u00e7\u00e3o das den\u00fancias claramente infundadas ser\u00e1 um fator determinante para o desfecho desse tumultuado e triste cap\u00edtulo na pol\u00edtica de Santo Andr\u00e9\u201d, acrescentou.<\/p>\n<p>&nbsp;<\/p>\n<p>O post <a rel=\"nofollow noopener\" href=\"https:\/\/wscom.com.br\/camara-de-santo-andre-afasta-presidente-sob-acusacoes-irregularidades-vereadora-diz-ser-vitima-de-golpe-da-situacao\/\" target=\"_blank\">C\u00e2mara de Santo Andr\u00e9 afasta presidente sob acusa\u00e7\u00f5es irregularidades; vereadora diz ser v\u00edtima de \u201cgolpe\u201d da situa\u00e7\u00e3o<\/a> apareceu primeiro em <a rel=\"nofollow noopener\" href=\"https:\/\/wscom.com.br\/\" target=\"_blank\">WSCOM<\/a>.<\/p>\n","protected":false},"excerpt":{"rendered":"<p>A presidente da C\u00e2mara de Vereadores de Santo Andr\u00e9, localizada no Cariri da Para\u00edba, Cristiane Alves (Republicanos), foi afastada do cargo sob acusa\u00e7\u00f5es de supostas irregularidades. A den\u00fancia contra a parlamentar foi apresentada durante a sess\u00e3o ordin\u00e1ria realizada na noite de sexta-feira, que deferiu o pedido por uma margem de 7 votos a 1. Os [\u2026]<\/p>\n<p>O post <a rel=\"nofollow\" href=\"https:\/\/wscom.com.br\/camara-de-santo-andre-afasta-presidente-sob-acusacoes-irregularidades-vereadora-diz-ser-vitima-de-golpe-da-situacao\/\">C\u00e2mara de Santo Andr\u00e9 afasta presidente sob acusa\u00e7\u00f5es irregularidades; vereadora diz ser v\u00edtima de \u201cgolpe\u201d da situa\u00e7\u00e3o<\/a> apareceu primeiro em <a rel=\"nofollow\" href=\"https:\/\/wscom.com.br\/\">WSCOM<\/a>.<\/p>\n","protected":false},"author":49,"featured_media":0,"comment_status":"closed","ping_status":"closed","sticky":false,"template":"","format":"standard","meta":{"advgb_blocks_editor_width":"","advgb_blocks_columns_visual_guide":"","footnotes":""},"categories":[9637,9638,34,47,9639],"tags":[35],"class_list":["post-36820","post","type-post","status-publish","format-standard","hentry","category-camara-de-santo-andre","category-cariri-da-paraiba","category-g1","category-politica","category-vereadora-cristiane-alves","tag-g1"],"author_meta":{"display_name":"Cristiane Cavalcante","author_link":"https:\/\/sindaopcpb.org.br\/author\/cristiane-cavalcante\/"},"featured_img":null,"coauthors":[],"tax_additional":{"categories":{"linked":["<a href=\"https:\/\/sindaopcpb.org.br\/camara-de-santo-andre\/\" class=\"advgb-post-tax-term\">C\u00e2mara de Santo Andr\u00e9<\/a>","<a href=\"https:\/\/sindaopcpb.org.br\/cariri-da-paraiba\/\" class=\"advgb-post-tax-term\">cariri da para\u00edba<\/a>","<a href=\"https:\/\/sindaopcpb.org.br\/g1\/\" class=\"advgb-post-tax-term\">G1<\/a>","<a href=\"https:\/\/sindaopcpb.org.br\/politica\/\" class=\"advgb-post-tax-term\">POLITICA<\/a>","<a href=\"https:\/\/sindaopcpb.org.br\/vereadora-cristiane-alves\/\" class=\"advgb-post-tax-term\">vereadora Cristiane Alves<\/a>"],"unlinked":["<span class=\"advgb-post-tax-term\">C\u00e2mara de Santo Andr\u00e9<\/span>","<span class=\"advgb-post-tax-term\">cariri da para\u00edba<\/span>","<span class=\"advgb-post-tax-term\">G1<\/span>","<span class=\"advgb-post-tax-term\">POLITICA<\/span>","<span class=\"advgb-post-tax-term\">vereadora Cristiane Alves<\/span>"]},"tags":{"linked":["<a href=\"https:\/\/sindaopcpb.org.br\/vereadora-cristiane-alves\/\" class=\"advgb-post-tax-term\">g1<\/a>"],"unlinked":["<span class=\"advgb-post-tax-term\">g1<\/span>"]}},"comment_count":"0","relative_dates":{"created":"Publicado 3 anos atr\u00e1s","modified":"Atualizado 3 anos atr\u00e1s"},"absolute_dates":{"created":"Publicado em 30 de setembro de 2023","modified":"Atualizado em 30 de setembro de 2023"},"absolute_dates_time":{"created":"Publicado em 30 de setembro de 2023 12:01","modified":"Atualizado em 30 de setembro de 2023 12:01"},"featured_img_caption":"","series_order":"","_links":{"self":[{"href":"https:\/\/sindaopcpb.org.br\/index.php\/wp-json\/wp\/v2\/posts\/36820","targetHints":{"allow":["GET"]}}],"collection":[{"href":"https:\/\/sindaopcpb.org.br\/index.php\/wp-json\/wp\/v2\/posts"}],"about":[{"href":"https:\/\/sindaopcpb.org.br\/index.php\/wp-json\/wp\/v2\/types\/post"}],"author":[{"embeddable":true,"href":"https:\/\/sindaopcpb.org.br\/index.php\/wp-json\/wp\/v2\/users\/49"}],"replies":[{"embeddable":true,"href":"https:\/\/sindaopcpb.org.br\/index.php\/wp-json\/wp\/v2\/comments?post=36820"}],"version-history":[{"count":1,"href":"https:\/\/sindaopcpb.org.br\/index.php\/wp-json\/wp\/v2\/posts\/36820\/revisions"}],"predecessor-version":[{"id":36821,"href":"https:\/\/sindaopcpb.org.br\/index.php\/wp-json\/wp\/v2\/posts\/36820\/revisions\/36821"}],"wp:attachment":[{"href":"https:\/\/sindaopcpb.org.br\/index.php\/wp-json\/wp\/v2\/media?parent=36820"}],"wp:term":[{"taxonomy":"category","embeddable":true,"href":"https:\/\/sindaopcpb.org.br\/index.php\/wp-json\/wp\/v2\/categories?post=36820"},{"taxonomy":"post_tag","embeddable":true,"href":"https:\/\/sindaopcpb.org.br\/index.php\/wp-json\/wp\/v2\/tags?post=36820"}],"curies":[{"name":"wp","href":"https:\/\/api.w.org\/{rel}","templated":true}]}}