{"id":36818,"date":"2023-09-30T12:18:57","date_gmt":"2023-09-30T15:18:57","guid":{"rendered":"https:\/\/wpa.wscom.com.br\/?p=925269"},"modified":"2023-09-30T12:18:57","modified_gmt":"2023-09-30T15:18:57","slug":"luciano-cartaxo-anuncia-apoio-a-marcus-tulio-na-eleicao-do-diretorio-municipal-do-pt","status":"publish","type":"post","link":"https:\/\/sindaopcpb.org.br\/index.php\/2023\/09\/30\/luciano-cartaxo-anuncia-apoio-a-marcus-tulio-na-eleicao-do-diretorio-municipal-do-pt\/","title":{"rendered":"Luciano Cartaxo anuncia apoio a Marcus Tulio na elei\u00e7\u00e3o do diret\u00f3rio municipal do PT"},"content":{"rendered":"<p>Na manh\u00e3 deste s\u00e1bado (30) o deputado estadual Luciano Cartaxo, da tend\u00eancia Movimento PT, anunciou o apoio a Marcus Tulio, da tend\u00eancia Democracia Socialista, para a presid\u00eancia do diret\u00f3rio do Partido dos Trabalhadores em Jo\u00e3o Pessoa. Durante o an\u00fancio, Luciano destacou o compromisso irrevog\u00e1vel de Marcus Tulio com a candidatura pr\u00f3pria do PT nas elei\u00e7\u00f5es municipais, com uma candidatura forte e competitiva, que vai vencer a disputa e voltar a governar a Capital, trazendo qualidade de vida para a popula\u00e7\u00e3o que hoje est\u00e1 sofrida diante da aus\u00eancia de a\u00e7\u00f5es e investimentos da atual gest\u00e3o municipal.<\/p>\n<p>\u201cA direita e a extrema direita ter\u00e3o candidaturas pr\u00f3prias, assim como o centro tamb\u00e9m ter\u00e1. O PT n\u00e3o pode jamais se ausentar dessa disputa. Estamos apoiando Tulio devido ao seu compromisso p\u00fablico e irrevog\u00e1vel com a candidatura pr\u00f3pria do partido na nossa cidade. Nosso partido vai voltar a governar a cidade, e garantir uma administra\u00e7\u00e3o que trabalhe para que Jo\u00e3o Pessoa volte a investir na melhoria da qualidade de vida do povo, com mais sa\u00fade, educa\u00e7\u00e3o, seguran\u00e7a, espa\u00e7os de lazer e cultura\u201d, destacou Luciano.<\/p>\n<p>Marcus Tulio concorre pelo comando do Diret\u00f3rio Municipal do PT de Jo\u00e3o Pessoa com o atual presidente do partido, o advogado Ant\u00f4nio Barbosa, superintendente do Incra na Para\u00edba. O Processo extraordin\u00e1rio de Elei\u00e7\u00f5es Diretas (PEDEX) da legenda acontece neste m\u00eas de outubro. O novo dirigente eleito ser\u00e1 respons\u00e1vel por comandar as defini\u00e7\u00f5es do partido em rela\u00e7\u00e3o \u00e0 candidatura pr\u00f3pria para disputa pela Prefeitura de Jo\u00e3o Pessoa em 2024.<\/p>\n<p>O post <a rel=\"nofollow noopener\" href=\"https:\/\/wscom.com.br\/luciano-cartaxo-anuncia-apoio-a-marcus-tulio-na-eleicao-do-diretorio-municipal-do-pt\/\" target=\"_blank\">Luciano Cartaxo anuncia apoio a Marcus Tulio na elei\u00e7\u00e3o do diret\u00f3rio municipal do PT<\/a> apareceu primeiro em <a rel=\"nofollow noopener\" href=\"https:\/\/wscom.com.br\/\" target=\"_blank\">WSCOM<\/a>.<\/p>\n","protected":false},"excerpt":{"rendered":"<p>Na manh\u00e3 deste s\u00e1bado (30) o deputado estadual Luciano Cartaxo, da tend\u00eancia Movimento PT, anunciou o apoio a Marcus Tulio, da tend\u00eancia Democracia Socialista, para a presid\u00eancia do diret\u00f3rio do Partido dos Trabalhadores em Jo\u00e3o Pessoa. Durante o an\u00fancio, Luciano destacou o compromisso irrevog\u00e1vel de Marcus Tulio com a candidatura pr\u00f3pria do PT nas elei\u00e7\u00f5es [\u2026]<\/p>\n<p>O post <a rel=\"nofollow\" href=\"https:\/\/wscom.com.br\/luciano-cartaxo-anuncia-apoio-a-marcus-tulio-na-eleicao-do-diretorio-municipal-do-pt\/\">Luciano Cartaxo anuncia apoio a Marcus Tulio na elei\u00e7\u00e3o do diret\u00f3rio municipal do PT<\/a> apareceu primeiro em <a rel=\"nofollow\" href=\"https:\/\/wscom.com.br\/\">WSCOM<\/a>.<\/p>\n","protected":false},"author":49,"featured_media":0,"comment_status":"closed","ping_status":"closed","sticky":false,"template":"","format":"standard","meta":{"advgb_blocks_editor_width":"","advgb_blocks_columns_visual_guide":"","footnotes":""},"categories":[34,908,47],"tags":[35],"class_list":["post-36818","post","type-post","status-publish","format-standard","hentry","category-g1","category-luciano-cartaxo","category-politica","tag-g1"],"author_meta":{"display_name":"Cristiane Cavalcante","author_link":"https:\/\/sindaopcpb.org.br\/author\/cristiane-cavalcante\/"},"featured_img":null,"coauthors":[],"tax_additional":{"categories":{"linked":["<a href=\"https:\/\/sindaopcpb.org.br\/g1\/\" class=\"advgb-post-tax-term\">G1<\/a>","<a href=\"https:\/\/sindaopcpb.org.br\/luciano-cartaxo\/\" class=\"advgb-post-tax-term\">Luciano Cartaxo<\/a>","<a href=\"https:\/\/sindaopcpb.org.br\/politica\/\" class=\"advgb-post-tax-term\">POLITICA<\/a>"],"unlinked":["<span class=\"advgb-post-tax-term\">G1<\/span>","<span class=\"advgb-post-tax-term\">Luciano Cartaxo<\/span>","<span class=\"advgb-post-tax-term\">POLITICA<\/span>"]},"tags":{"linked":["<a href=\"https:\/\/sindaopcpb.org.br\/politica\/\" class=\"advgb-post-tax-term\">g1<\/a>"],"unlinked":["<span class=\"advgb-post-tax-term\">g1<\/span>"]}},"comment_count":"0","relative_dates":{"created":"Publicado 3 anos atr\u00e1s","modified":"Atualizado 3 anos atr\u00e1s"},"absolute_dates":{"created":"Publicado em 30 de setembro de 2023","modified":"Atualizado em 30 de setembro de 2023"},"absolute_dates_time":{"created":"Publicado em 30 de setembro de 2023 12:18","modified":"Atualizado em 30 de setembro de 2023 12:18"},"featured_img_caption":"","series_order":"","_links":{"self":[{"href":"https:\/\/sindaopcpb.org.br\/index.php\/wp-json\/wp\/v2\/posts\/36818","targetHints":{"allow":["GET"]}}],"collection":[{"href":"https:\/\/sindaopcpb.org.br\/index.php\/wp-json\/wp\/v2\/posts"}],"about":[{"href":"https:\/\/sindaopcpb.org.br\/index.php\/wp-json\/wp\/v2\/types\/post"}],"author":[{"embeddable":true,"href":"https:\/\/sindaopcpb.org.br\/index.php\/wp-json\/wp\/v2\/users\/49"}],"replies":[{"embeddable":true,"href":"https:\/\/sindaopcpb.org.br\/index.php\/wp-json\/wp\/v2\/comments?post=36818"}],"version-history":[{"count":1,"href":"https:\/\/sindaopcpb.org.br\/index.php\/wp-json\/wp\/v2\/posts\/36818\/revisions"}],"predecessor-version":[{"id":36819,"href":"https:\/\/sindaopcpb.org.br\/index.php\/wp-json\/wp\/v2\/posts\/36818\/revisions\/36819"}],"wp:attachment":[{"href":"https:\/\/sindaopcpb.org.br\/index.php\/wp-json\/wp\/v2\/media?parent=36818"}],"wp:term":[{"taxonomy":"category","embeddable":true,"href":"https:\/\/sindaopcpb.org.br\/index.php\/wp-json\/wp\/v2\/categories?post=36818"},{"taxonomy":"post_tag","embeddable":true,"href":"https:\/\/sindaopcpb.org.br\/index.php\/wp-json\/wp\/v2\/tags?post=36818"}],"curies":[{"name":"wp","href":"https:\/\/api.w.org\/{rel}","templated":true}]}}