{"id":36806,"date":"2023-09-30T09:33:40","date_gmt":"2023-09-30T12:33:40","guid":{"rendered":"https:\/\/wpa.wscom.com.br\/?p=925252"},"modified":"2023-09-30T09:33:40","modified_gmt":"2023-09-30T12:33:40","slug":"doze-trechos-de-praia-no-litoral-da-paraiba-estao-improprios-para-banho-confira","status":"publish","type":"post","link":"https:\/\/sindaopcpb.org.br\/index.php\/2023\/09\/30\/doze-trechos-de-praia-no-litoral-da-paraiba-estao-improprios-para-banho-confira\/","title":{"rendered":"Doze trechos de praia no Litoral da Para\u00edba est\u00e3o impr\u00f3prios para banho; confira"},"content":{"rendered":"<p>Doze trechos de praias no Litoral da Para\u00edba foram identificados como impr\u00f3prios para banho, de acordo com o relat\u00f3rio de balneabilidade recentemente publicado pela Superintend\u00eancia de Administra\u00e7\u00e3o do Meio Ambiente (Sudema). Destes trechos, oito est\u00e3o localizados em Jo\u00e3o Pessoa, dois em Cabedelo e dois em Pitimbu.<\/p>\n<p>Os demais pontos monitorados, situados em Mataraca, Lucena, Ba\u00eda da Trai\u00e7\u00e3o, Rio Tinto e Conde, apresentaram \u00e1gua com qualidade considerada pr\u00f3pria para banho.<\/p>\n<p>Essa avalia\u00e7\u00e3o da balneabilidade da \u00e1gua foi realizada durante o per\u00edodo de 25 a 29 de setembro e ter\u00e1 validade at\u00e9 6 de outubro, quando um novo relat\u00f3rio ser\u00e1 divulgado.<\/p>\n<p>\u00c9 importante destacar que as demais praias s\u00e3o continuamente monitoradas pela Sudema e permanecem liberadas para o banho.<\/p>\n<p class=\"bodytext\"><strong>Confira os trechos de praias impr\u00f3prios para banho:<\/strong><\/p>\n<p class=\"bodytext\"><strong>Jo\u00e3o Pessoa<\/strong><\/p>\n<ul>\n<li>Bessa, no final da Rua Dr. Abel Beltr\u00e3o;<\/li>\n<li>Mana\u00edra, em frente a quadra de Mana\u00edra;<\/li>\n<li>Mana\u00edra, em frente ao N\u00b0 315 da Av. Jo\u00e3o Maur\u00edcio;<\/li>\n<li>Cabo Branco, em frente a rotat\u00f3ria do Cabo Branco;<\/li>\n<li>Seixas, no final da Av. das Fal\u00e9sias;<\/li>\n<li>Penha, em frente \u00e0 desembocadura do Rio Cabelo;<\/li>\n<li>Jacarap\u00e9, em frente a rua do Centro de Conven\u00e7\u00f5es;<\/li>\n<li>Arraial, em frente a desembocadura do Rio Cui\u00e1.<\/li>\n<\/ul>\n<p class=\"bodytext\"><strong>Cabedelo<\/strong><\/p>\n<ul>\n<li>Jacar\u00e9, na margem direita do estu\u00e1rio do Rio Para\u00edba;<\/li>\n<li>Intermares, em frente ao Macei\u00f3 de Intermares.<\/li>\n<\/ul>\n<p class=\"bodytext\"><strong>Pitimbu<\/strong><\/p>\n<ul>\n<li>Macei\u00f3, em frente \u00e0 desembocadura do riacho Engenho Velho;<\/li>\n<li>Aca\u00fa\/Pontinha, em frente \u00e0 desembocadura do Rio Goiana.<\/li>\n<\/ul>\n<p>O post <a rel=\"nofollow noopener\" href=\"https:\/\/wscom.com.br\/doze-trechos-de-praia-no-litoral-da-paraiba-estao-improprios-para-banho-confira\/\" target=\"_blank\">Doze trechos de praia no Litoral da Para\u00edba est\u00e3o impr\u00f3prios para banho; confira<\/a> apareceu primeiro em <a rel=\"nofollow noopener\" href=\"https:\/\/wscom.com.br\/\" target=\"_blank\">WSCOM<\/a>.<\/p>\n","protected":false},"excerpt":{"rendered":"<p>Doze trechos de praias no Litoral da Para\u00edba foram identificados como impr\u00f3prios para banho, de acordo com o relat\u00f3rio de balneabilidade recentemente publicado pela Superintend\u00eancia de Administra\u00e7\u00e3o do Meio Ambiente (Sudema). Destes trechos, oito est\u00e3o localizados em Jo\u00e3o Pessoa, dois em Cabedelo e dois em Pitimbu. Os demais pontos monitorados, situados em Mataraca, Lucena, Ba\u00eda [\u2026]<\/p>\n<p>O post <a rel=\"nofollow\" href=\"https:\/\/wscom.com.br\/doze-trechos-de-praia-no-litoral-da-paraiba-estao-improprios-para-banho-confira\/\">Doze trechos de praia no Litoral da Para\u00edba est\u00e3o impr\u00f3prios para banho; confira<\/a> apareceu primeiro em <a rel=\"nofollow\" href=\"https:\/\/wscom.com.br\/\">WSCOM<\/a>.<\/p>\n","protected":false},"author":49,"featured_media":0,"comment_status":"closed","ping_status":"closed","sticky":false,"template":"","format":"standard","meta":{"advgb_blocks_editor_width":"","advgb_blocks_columns_visual_guide":"","footnotes":""},"categories":[103,34,2821,54,105],"tags":[35],"class_list":["post-36806","post","type-post","status-publish","format-standard","hentry","category-balneabilidade","category-g1","category-litoral-paraibano","category-paraiba","category-sudema","tag-g1"],"author_meta":{"display_name":"Cristiane Cavalcante","author_link":"https:\/\/sindaopcpb.org.br\/author\/cristiane-cavalcante\/"},"featured_img":null,"coauthors":[],"tax_additional":{"categories":{"linked":["<a href=\"https:\/\/sindaopcpb.org.br\/balneabilidade\/\" class=\"advgb-post-tax-term\">balneabilidade<\/a>","<a href=\"https:\/\/sindaopcpb.org.br\/g1\/\" class=\"advgb-post-tax-term\">G1<\/a>","<a href=\"https:\/\/sindaopcpb.org.br\/litoral-paraibano\/\" class=\"advgb-post-tax-term\">litoral paraibano<\/a>","<a href=\"https:\/\/sindaopcpb.org.br\/paraiba\/\" class=\"advgb-post-tax-term\">Para\u00edba<\/a>","<a href=\"https:\/\/sindaopcpb.org.br\/sudema\/\" class=\"advgb-post-tax-term\">Sudema<\/a>"],"unlinked":["<span class=\"advgb-post-tax-term\">balneabilidade<\/span>","<span class=\"advgb-post-tax-term\">G1<\/span>","<span class=\"advgb-post-tax-term\">litoral paraibano<\/span>","<span class=\"advgb-post-tax-term\">Para\u00edba<\/span>","<span class=\"advgb-post-tax-term\">Sudema<\/span>"]},"tags":{"linked":["<a href=\"https:\/\/sindaopcpb.org.br\/sudema\/\" class=\"advgb-post-tax-term\">g1<\/a>"],"unlinked":["<span class=\"advgb-post-tax-term\">g1<\/span>"]}},"comment_count":"0","relative_dates":{"created":"Publicado 3 anos atr\u00e1s","modified":"Atualizado 3 anos atr\u00e1s"},"absolute_dates":{"created":"Publicado em 30 de setembro de 2023","modified":"Atualizado em 30 de setembro de 2023"},"absolute_dates_time":{"created":"Publicado em 30 de setembro de 2023 09:33","modified":"Atualizado em 30 de setembro de 2023 09:33"},"featured_img_caption":"","series_order":"","_links":{"self":[{"href":"https:\/\/sindaopcpb.org.br\/index.php\/wp-json\/wp\/v2\/posts\/36806","targetHints":{"allow":["GET"]}}],"collection":[{"href":"https:\/\/sindaopcpb.org.br\/index.php\/wp-json\/wp\/v2\/posts"}],"about":[{"href":"https:\/\/sindaopcpb.org.br\/index.php\/wp-json\/wp\/v2\/types\/post"}],"author":[{"embeddable":true,"href":"https:\/\/sindaopcpb.org.br\/index.php\/wp-json\/wp\/v2\/users\/49"}],"replies":[{"embeddable":true,"href":"https:\/\/sindaopcpb.org.br\/index.php\/wp-json\/wp\/v2\/comments?post=36806"}],"version-history":[{"count":1,"href":"https:\/\/sindaopcpb.org.br\/index.php\/wp-json\/wp\/v2\/posts\/36806\/revisions"}],"predecessor-version":[{"id":36807,"href":"https:\/\/sindaopcpb.org.br\/index.php\/wp-json\/wp\/v2\/posts\/36806\/revisions\/36807"}],"wp:attachment":[{"href":"https:\/\/sindaopcpb.org.br\/index.php\/wp-json\/wp\/v2\/media?parent=36806"}],"wp:term":[{"taxonomy":"category","embeddable":true,"href":"https:\/\/sindaopcpb.org.br\/index.php\/wp-json\/wp\/v2\/categories?post=36806"},{"taxonomy":"post_tag","embeddable":true,"href":"https:\/\/sindaopcpb.org.br\/index.php\/wp-json\/wp\/v2\/tags?post=36806"}],"curies":[{"name":"wp","href":"https:\/\/api.w.org\/{rel}","templated":true}]}}