{"id":36802,"date":"2023-09-30T08:45:08","date_gmt":"2023-09-30T11:45:08","guid":{"rendered":"https:\/\/wpa.wscom.com.br\/?p=925246"},"modified":"2023-09-30T08:45:08","modified_gmt":"2023-09-30T11:45:08","slug":"ibama-envia-reforcos-para-conter-o-fogo-na-area-em-torno-do-parque-estadual-serra-da-santa-catarina-no-sertao-da-paraiba","status":"publish","type":"post","link":"https:\/\/sindaopcpb.org.br\/index.php\/2023\/09\/30\/ibama-envia-reforcos-para-conter-o-fogo-na-area-em-torno-do-parque-estadual-serra-da-santa-catarina-no-sertao-da-paraiba\/","title":{"rendered":"Ibama envia refor\u00e7os para conter o fogo na \u00e1rea em torno do Parque Estadual Serra da Santa Catarina, no Sert\u00e3o da Para\u00edba"},"content":{"rendered":"<p>A Secretaria de Estado do Meio Ambiente e Sustentabilidade (Semas) est\u00e1 recebendo apoio do Instituto Brasileiro do Meio Ambiente e dos Recursos Naturais Renov\u00e1veis (Ibama), para ajudar a conter os focos de inc\u00eandio na zona de amortecimento (\u00e1rea em torno) do Parque Estadual Serra da Santa Catarina, localizado Sert\u00e3o do estado. A institui\u00e7\u00e3o enviou 10 brigadistas do Centro Nacional de Preven\u00e7\u00e3o e Combate aos Inc\u00eandios Florestais (PrevFogo), sediado em Pernambuco, para trabalhar na for\u00e7a-tarefa, que acontece em parceria com o Corpo de Bombeiros Militar da Para\u00edba e j\u00e1 entra em seu terceiro dia.<\/p>\n<p>Durante a manh\u00e3 dessa sexta-feira (29), a equipe t\u00e9cnica da Semas e o efetivo do Corpo de Bombeiros Militar da Para\u00edba se reuniram para elaborar o plano estrat\u00e9gico da for\u00e7a-tarefa, que j\u00e1 iniciou com o trabalho do helic\u00f3ptero Acau\u00e3. No munic\u00edpio de Carrapateira, a Prefeitura montou uma Central de Comando no Gin\u00e1sio Poliesportivo, onde as autoridades est\u00e3o concentrando as informa\u00e7\u00f5es.<\/p>\n<p>A opera\u00e7\u00e3o ainda conta com a ajuda das Prefeituras e da popula\u00e7\u00e3o, por meio da divulga\u00e7\u00e3o em r\u00e1dios difusoras de Aguiar, Carrapateira, Nazarezinho e Lagoa Tapada, munic\u00edpios cujos territ\u00f3rios abrigam o parque. O objetivo \u00e9 evitar novos focos de inc\u00eandio.<\/p>\n<p>A secret\u00e1ria de estado e Meio Ambiente, Rafaela Camaraense, destaca o monitoramento via sat\u00e9lite e o Patrulhamento via terrestre que a equipe t\u00e9cnica vem realizando. Para ela, essa \u00e9 uma a\u00e7\u00e3o fundamental para elaborar uma estrat\u00e9gia assertiva no combate \u00e0s chamas.<\/p>\n<p>&nbsp;<\/p>\n<p><img decoding=\"async\" src=\"https:\/\/paraiba.pb.gov.br\/noticias\/forca-tarefa-recebe-reforco-do-ibama-para-conter-o-fogo-na-area-em-torno-do-parque-estadual-serra-da-santa-catarina\/whatsapp-image-2023-09-29-at-18-10-40-1.jpeg\/@@images\/cb45fe8c-6884-4d24-98be-e242eb8394fa.jpeg\" alt=\"WhatsApp Image 2023-09-29 at 18.10.40 (1).jpeg\" title=\"\"><\/p>\n<p>\u201cOs t\u00e9cnicos da Secretaria est\u00e3o trabalhando no monitoramento do inc\u00eandio via sat\u00e9lite e terrestre, o que tem contribu\u00eddo bastante para encontrar onde est\u00e3o os focos do fogo. Aqui em Jo\u00e3o Pessoa montamos uma central de monitoramento, que \u00e9 atualizada a cada 30 minutos. O inc\u00eandio teve in\u00edcio com dois focos de fogo e hoje apresenta 11. Estamos contando ainda com apoio muito importante do Ibama, que disponibilizou 10 brigadistas do PrevFogo, a Prefeitura de Nazarezinho tamb\u00e9m tem nos ajudado bastante\u201d, afirmou a secret\u00e1ria.<\/p>\n<p>O gerente executivo de Mudan\u00e7a e Adapta\u00e7\u00f5es Clim\u00e1ticas, Jancerlan Gomes, afirmou que o per\u00edodo enfrentado pede aten\u00e7\u00e3o e cuidado. \u201cEstamos em um per\u00edodo de estiagem e at\u00e9 o in\u00edcio de janeiro de 2024 estaremos em alerta, quanto \u00e0s condi\u00e7\u00f5es meteorol\u00f3gicas. Baixa umidade do ar, onda de calor e potencial risco de inc\u00eandios deve acontecer nesse per\u00edodo. Estamos trabalhando monitorando todo o Sert\u00e3o para que os inc\u00eandios sejam combatidos de forma incessante\u201d, declarou Jancerlan.<\/p>\n<p>O comandante regional, coronel Saulo Alves Laurentino, que est\u00e1 \u00e0 frente da for\u00e7a-tarefa, ressaltou que o Corpo de Bombeiros est\u00e1 desde o in\u00edcio da opera\u00e7\u00e3o trabalhando para que o fogo seja contido. \u201cHoje tivemos uma reuni\u00e3o para conseguir montar o nosso planejamento t\u00e1tico e acreditamos que a partir disso a situa\u00e7\u00e3o n\u00e3o sair\u00e1 do nosso controle. Estamos recebendo ajuda do pessoal do PrevFogo e estaremos trabalhando durante todo o final de semana para tentar o quanto mais r\u00e1pido poss\u00edvel resolver essa situa\u00e7\u00e3o, por\u00e9m o clima n\u00e3o tem ajudado\u201d, afirmou o comandante.<\/p>\n<p><strong>Opera\u00e7\u00e3o &#8211;<\/strong> A opera\u00e7\u00e3o para conter o fogo \u00e9 constitu\u00edda em tr\u00eas etapas: preven\u00e7\u00e3o, infraestrutura log\u00edstica e patrulhamento e combate ao fogo. Para isso conta com uma infraestrutura f\u00edsica de:<br \/>\n1 \u00d4nibus, 3 vans, 1 ambul\u00e2ncia<br \/>\n2 Carros minivans<br \/>\n4 Picapes \u2013 3 equipadas com \u00e1gua<br \/>\n31 Bombas costais (20 litros de \u00e1gua)<br \/>\n1 Centro de comando em instala\u00e7\u00e3o, em Carrapateira<br \/>\n1 Helic\u00f3ptero (Acau\u00e3) e 1 drone para patrulhamento a\u00e9reo, com o intuito de verifica\u00e7\u00e3o precisa do tamanho, extens\u00e3o e velocidade de propaga\u00e7\u00e3o e intensidade dos focos de calor.<br \/>\n10 Brigadistas do Prevfogo, do Ibama de Pernambuco<br \/>\nO Corpo de Bombeiros est\u00e1 atuando com: 72 alunos (CFO e CHO), 4 Instrutores e 14 Efetivos (Pra\u00e7a e Oficiais)<\/p>\n<p>Parque \u2013 O Parque Estadual Serra da Santa Catarina est\u00e1 localizado no oeste da Para\u00edba, no Bioma Caatinga. Com mais de 4.500 hectares de terra, sua biodiversidade completa apresenta 614 esp\u00e9cies de fauna e flora e abriga 32 nascentes que abastecem os principais reservat\u00f3rios de \u00e1gua no Sert\u00e3o da Para\u00edba. A serra encontra-se entre as cidades de Aguiar, Nazarezinho, S\u00e3o Jos\u00e9 da Lagoa Tapada e Carrapateira.<\/p>\n<p>O post <a rel=\"nofollow noopener\" href=\"https:\/\/wscom.com.br\/ibama-envia-reforcos-para-conter-o-fogo-na-area-em-torno-do-parque-estadual-serra-da-santa-catarina-no-sertao-da-paraiba\/\" target=\"_blank\">Ibama envia refor\u00e7os para conter o fogo na \u00e1rea em torno do Parque Estadual Serra da Santa Catarina, no Sert\u00e3o da Para\u00edba<\/a> apareceu primeiro em <a rel=\"nofollow noopener\" href=\"https:\/\/wscom.com.br\/\" target=\"_blank\">WSCOM<\/a>.<\/p>\n","protected":false},"excerpt":{"rendered":"<p>A Secretaria de Estado do Meio Ambiente e Sustentabilidade (Semas) est\u00e1 recebendo apoio do Instituto Brasileiro do Meio Ambiente e dos Recursos Naturais Renov\u00e1veis (Ibama), para ajudar a conter os focos de inc\u00eandio na zona de amortecimento (\u00e1rea em torno) do Parque Estadual Serra da Santa Catarina, localizado Sert\u00e3o do estado. A institui\u00e7\u00e3o enviou 10 [\u2026]<\/p>\n<p>O post <a rel=\"nofollow\" href=\"https:\/\/wscom.com.br\/ibama-envia-reforcos-para-conter-o-fogo-na-area-em-torno-do-parque-estadual-serra-da-santa-catarina-no-sertao-da-paraiba\/\">Ibama envia refor\u00e7os para conter o fogo na \u00e1rea em torno do Parque Estadual Serra da Santa Catarina, no Sert\u00e3o da Para\u00edba<\/a> apareceu primeiro em <a rel=\"nofollow\" href=\"https:\/\/wscom.com.br\/\">WSCOM<\/a>.<\/p>\n","protected":false},"author":49,"featured_media":0,"comment_status":"closed","ping_status":"closed","sticky":false,"template":"","format":"standard","meta":{"advgb_blocks_editor_width":"","advgb_blocks_columns_visual_guide":"","footnotes":""},"categories":[34,645,54],"tags":[35],"class_list":["post-36802","post","type-post","status-publish","format-standard","hentry","category-g1","category-ibama","category-paraiba","tag-g1"],"author_meta":{"display_name":"Cristiane Cavalcante","author_link":"https:\/\/sindaopcpb.org.br\/author\/cristiane-cavalcante\/"},"featured_img":null,"coauthors":[],"tax_additional":{"categories":{"linked":["<a href=\"https:\/\/sindaopcpb.org.br\/g1\/\" class=\"advgb-post-tax-term\">G1<\/a>","<a href=\"https:\/\/sindaopcpb.org.br\/ibama\/\" class=\"advgb-post-tax-term\">Ibama<\/a>","<a href=\"https:\/\/sindaopcpb.org.br\/paraiba\/\" class=\"advgb-post-tax-term\">Para\u00edba<\/a>"],"unlinked":["<span class=\"advgb-post-tax-term\">G1<\/span>","<span class=\"advgb-post-tax-term\">Ibama<\/span>","<span class=\"advgb-post-tax-term\">Para\u00edba<\/span>"]},"tags":{"linked":["<a href=\"https:\/\/sindaopcpb.org.br\/paraiba\/\" class=\"advgb-post-tax-term\">g1<\/a>"],"unlinked":["<span class=\"advgb-post-tax-term\">g1<\/span>"]}},"comment_count":"0","relative_dates":{"created":"Publicado 3 anos atr\u00e1s","modified":"Atualizado 3 anos atr\u00e1s"},"absolute_dates":{"created":"Publicado em 30 de setembro de 2023","modified":"Atualizado em 30 de setembro de 2023"},"absolute_dates_time":{"created":"Publicado em 30 de setembro de 2023 08:45","modified":"Atualizado em 30 de setembro de 2023 08:45"},"featured_img_caption":"","series_order":"","_links":{"self":[{"href":"https:\/\/sindaopcpb.org.br\/index.php\/wp-json\/wp\/v2\/posts\/36802","targetHints":{"allow":["GET"]}}],"collection":[{"href":"https:\/\/sindaopcpb.org.br\/index.php\/wp-json\/wp\/v2\/posts"}],"about":[{"href":"https:\/\/sindaopcpb.org.br\/index.php\/wp-json\/wp\/v2\/types\/post"}],"author":[{"embeddable":true,"href":"https:\/\/sindaopcpb.org.br\/index.php\/wp-json\/wp\/v2\/users\/49"}],"replies":[{"embeddable":true,"href":"https:\/\/sindaopcpb.org.br\/index.php\/wp-json\/wp\/v2\/comments?post=36802"}],"version-history":[{"count":1,"href":"https:\/\/sindaopcpb.org.br\/index.php\/wp-json\/wp\/v2\/posts\/36802\/revisions"}],"predecessor-version":[{"id":36803,"href":"https:\/\/sindaopcpb.org.br\/index.php\/wp-json\/wp\/v2\/posts\/36802\/revisions\/36803"}],"wp:attachment":[{"href":"https:\/\/sindaopcpb.org.br\/index.php\/wp-json\/wp\/v2\/media?parent=36802"}],"wp:term":[{"taxonomy":"category","embeddable":true,"href":"https:\/\/sindaopcpb.org.br\/index.php\/wp-json\/wp\/v2\/categories?post=36802"},{"taxonomy":"post_tag","embeddable":true,"href":"https:\/\/sindaopcpb.org.br\/index.php\/wp-json\/wp\/v2\/tags?post=36802"}],"curies":[{"name":"wp","href":"https:\/\/api.w.org\/{rel}","templated":true}]}}