{"id":36760,"date":"2023-09-29T17:36:52","date_gmt":"2023-09-29T20:36:52","guid":{"rendered":"https:\/\/wpa.wscom.com.br\/?p=925180"},"modified":"2023-09-29T17:36:52","modified_gmt":"2023-09-29T20:36:52","slug":"trecho-da-br-230-tera-interdicao-parcial-no-sentido-campina-grande-a-joao-pessoa-a-partir-de-outubro","status":"publish","type":"post","link":"https:\/\/sindaopcpb.org.br\/index.php\/2023\/09\/29\/trecho-da-br-230-tera-interdicao-parcial-no-sentido-campina-grande-a-joao-pessoa-a-partir-de-outubro\/","title":{"rendered":"Trecho da BR-230 ter\u00e1 interdi\u00e7\u00e3o parcial no sentido Campina Grande a Jo\u00e3o Pessoa a partir de outubro"},"content":{"rendered":"<p>O Departamento Nacional de Infraestrutura de Transportes (DNIT) anunciou hoje (29) o in\u00edcio dos trabalhos de recupera\u00e7\u00e3o do pavimento na BR-230\/PB, pr\u00f3ximo \u00e0 PRF UOP-Caf\u00e9 do Vento, na entrada para Pilar. Essa a\u00e7\u00e3o de manuten\u00e7\u00e3o exigir\u00e1 uma interrup\u00e7\u00e3o tempor\u00e1ria e parcial do tr\u00e1fego no sentido Campina Grande \u2013 Jo\u00e3o Pessoa, no trecho que se estende do Km 71 ao Km 69. Os servi\u00e7os est\u00e3o programados para ocorrer de 2 de outubro de 2023 a 1\u00ba de dezembro de 2023.<\/p>\n<p>De acordo com \u00f3rg\u00e3o, \u00e9 importante destacar que o prazo para a conclus\u00e3o dos trabalhos est\u00e1 sujeito \u00e0s condi\u00e7\u00f5es clim\u00e1ticas locais, e eventuais modifica\u00e7\u00f5es no cronograma ser\u00e3o comunicadas \u00e0 comunidade local e aos usu\u00e1rios da BR-230\/PB.<\/p>\n<p>O DNIT solicita a compreens\u00e3o e colabora\u00e7\u00e3o dos motoristas envolvidos e pede a todos aqueles que estejam atentos \u00e0s sinaliza\u00e7\u00f5es e sigam as orienta\u00e7\u00f5es das equipes de tr\u00e2nsito durante o per\u00edodo de interrup\u00e7\u00e3o tempor\u00e1ria do tr\u00e1fego.<\/p>\n<p>O post <a rel=\"nofollow noopener\" href=\"https:\/\/wscom.com.br\/trecho-da-br-230-tera-interdicao-parcial-no-sentido-campina-grande-a-joao-pessoa-a-partir-de-outubro\/\" target=\"_blank\">Trecho da BR-230 ter\u00e1 interdi\u00e7\u00e3o parcial no sentido Campina Grande a Jo\u00e3o Pessoa a partir de outubro<\/a> apareceu primeiro em <a rel=\"nofollow noopener\" href=\"https:\/\/wscom.com.br\/\" target=\"_blank\">WSCOM<\/a>.<\/p>\n","protected":false},"excerpt":{"rendered":"<p>O Departamento Nacional de Infraestrutura de Transportes (DNIT) anunciou hoje (29) o in\u00edcio dos trabalhos de recupera\u00e7\u00e3o do pavimento na BR-230\/PB, pr\u00f3ximo \u00e0 PRF UOP-Caf\u00e9 do Vento, na entrada para Pilar. Essa a\u00e7\u00e3o de manuten\u00e7\u00e3o exigir\u00e1 uma interrup\u00e7\u00e3o tempor\u00e1ria e parcial do tr\u00e1fego no sentido Campina Grande \u2013 Jo\u00e3o Pessoa, no trecho que se estende [\u2026]<\/p>\n<p>O post <a rel=\"nofollow\" href=\"https:\/\/wscom.com.br\/trecho-da-br-230-tera-interdicao-parcial-no-sentido-campina-grande-a-joao-pessoa-a-partir-de-outubro\/\">Trecho da BR-230 ter\u00e1 interdi\u00e7\u00e3o parcial no sentido Campina Grande a Jo\u00e3o Pessoa a partir de outubro<\/a> apareceu primeiro em <a rel=\"nofollow\" href=\"https:\/\/wscom.com.br\/\">WSCOM<\/a>.<\/p>\n","protected":false},"author":49,"featured_media":0,"comment_status":"closed","ping_status":"closed","sticky":false,"template":"","format":"standard","meta":{"advgb_blocks_editor_width":"","advgb_blocks_columns_visual_guide":"","footnotes":""},"categories":[1365,1524,34,54,9616],"tags":[35],"class_list":["post-36760","post","type-post","status-publish","format-standard","hentry","category-br-230","category-dnit","category-g1","category-paraiba","category-rodovia-na-pb","tag-g1"],"author_meta":{"display_name":"Cristiane Cavalcante","author_link":"https:\/\/sindaopcpb.org.br\/author\/cristiane-cavalcante\/"},"featured_img":null,"coauthors":[],"tax_additional":{"categories":{"linked":["<a href=\"https:\/\/sindaopcpb.org.br\/br-230\/\" class=\"advgb-post-tax-term\">br 230<\/a>","<a href=\"https:\/\/sindaopcpb.org.br\/dnit\/\" class=\"advgb-post-tax-term\">dnit<\/a>","<a href=\"https:\/\/sindaopcpb.org.br\/g1\/\" class=\"advgb-post-tax-term\">G1<\/a>","<a href=\"https:\/\/sindaopcpb.org.br\/paraiba\/\" class=\"advgb-post-tax-term\">Para\u00edba<\/a>","<a href=\"https:\/\/sindaopcpb.org.br\/rodovia-na-pb\/\" class=\"advgb-post-tax-term\">rodovia na PB<\/a>"],"unlinked":["<span class=\"advgb-post-tax-term\">br 230<\/span>","<span class=\"advgb-post-tax-term\">dnit<\/span>","<span class=\"advgb-post-tax-term\">G1<\/span>","<span class=\"advgb-post-tax-term\">Para\u00edba<\/span>","<span class=\"advgb-post-tax-term\">rodovia na PB<\/span>"]},"tags":{"linked":["<a href=\"https:\/\/sindaopcpb.org.br\/rodovia-na-pb\/\" class=\"advgb-post-tax-term\">g1<\/a>"],"unlinked":["<span class=\"advgb-post-tax-term\">g1<\/span>"]}},"comment_count":"0","relative_dates":{"created":"Publicado 3 anos atr\u00e1s","modified":"Atualizado 3 anos atr\u00e1s"},"absolute_dates":{"created":"Publicado em 29 de setembro de 2023","modified":"Atualizado em 29 de setembro de 2023"},"absolute_dates_time":{"created":"Publicado em 29 de setembro de 2023 17:36","modified":"Atualizado em 29 de setembro de 2023 17:36"},"featured_img_caption":"","series_order":"","_links":{"self":[{"href":"https:\/\/sindaopcpb.org.br\/index.php\/wp-json\/wp\/v2\/posts\/36760","targetHints":{"allow":["GET"]}}],"collection":[{"href":"https:\/\/sindaopcpb.org.br\/index.php\/wp-json\/wp\/v2\/posts"}],"about":[{"href":"https:\/\/sindaopcpb.org.br\/index.php\/wp-json\/wp\/v2\/types\/post"}],"author":[{"embeddable":true,"href":"https:\/\/sindaopcpb.org.br\/index.php\/wp-json\/wp\/v2\/users\/49"}],"replies":[{"embeddable":true,"href":"https:\/\/sindaopcpb.org.br\/index.php\/wp-json\/wp\/v2\/comments?post=36760"}],"version-history":[{"count":1,"href":"https:\/\/sindaopcpb.org.br\/index.php\/wp-json\/wp\/v2\/posts\/36760\/revisions"}],"predecessor-version":[{"id":36761,"href":"https:\/\/sindaopcpb.org.br\/index.php\/wp-json\/wp\/v2\/posts\/36760\/revisions\/36761"}],"wp:attachment":[{"href":"https:\/\/sindaopcpb.org.br\/index.php\/wp-json\/wp\/v2\/media?parent=36760"}],"wp:term":[{"taxonomy":"category","embeddable":true,"href":"https:\/\/sindaopcpb.org.br\/index.php\/wp-json\/wp\/v2\/categories?post=36760"},{"taxonomy":"post_tag","embeddable":true,"href":"https:\/\/sindaopcpb.org.br\/index.php\/wp-json\/wp\/v2\/tags?post=36760"}],"curies":[{"name":"wp","href":"https:\/\/api.w.org\/{rel}","templated":true}]}}