{"id":36737,"date":"2023-09-29T16:46:09","date_gmt":"2023-09-29T19:46:09","guid":{"rendered":"https:\/\/wpa.wscom.com.br\/?p=925174"},"modified":"2023-09-29T16:46:09","modified_gmt":"2023-09-29T19:46:09","slug":"alpb-lanca-campanha-outubro-rosa-em-sessao-especial-na-proxima-segunda-feira","status":"publish","type":"post","link":"https:\/\/sindaopcpb.org.br\/index.php\/2023\/09\/29\/alpb-lanca-campanha-outubro-rosa-em-sessao-especial-na-proxima-segunda-feira\/","title":{"rendered":"ALPB lan\u00e7a campanha Outubro Rosa em sess\u00e3o especial na pr\u00f3xima segunda-feira"},"content":{"rendered":"<p>Chamar a aten\u00e7\u00e3o da popula\u00e7\u00e3o e alertar para a import\u00e2ncia da preven\u00e7\u00e3o e diagn\u00f3stico precoce de c\u00e2ncer de mama. Essa \u00e9 a miss\u00e3o da campanha de mobiliza\u00e7\u00e3o Outubro Rosa, da Assembleia Legislativa da Para\u00edba, que ser\u00e1 lan\u00e7ada \u00e0s 14h da pr\u00f3xima segunda-feira (2), em Sess\u00e3o Especial no plen\u00e1rio.<\/p>\n<p>Durante todo o m\u00eas, ser\u00e3o realizadas diversas atividades educativas, realizadas pela Casa de Epit\u00e1cio Pessoa em parceria com o projeto \u201cAmigos do Peito\u201d e Minist\u00e9rio P\u00fablico da Para\u00edba. As iniciativas contar\u00e3o tamb\u00e9m com o envolvimento de toda a ALPB, especialmente das seis deputadas no exerc\u00edcio do mandato: Camila Toscano, Cida Ramos, Danielle do Vale, Francisca Motta, Jane Panta e Silvia Benjamin.<\/p>\n<p>S\u00f3 de janeiro a junho deste ano, 145 paraibanas morreram em decorr\u00eancia do c\u00e2ncer da mama. Por isso, a Campanha Outubro Rosa na Assembleia Legislativa da Para\u00edba demonstra o compromisso da institui\u00e7\u00e3o com a sa\u00fade e o bem-estar de seus servidores e da comunidade em geral. Ao elevar a conscientiza\u00e7\u00e3o sobre a import\u00e2ncia do diagn\u00f3stico precoce do c\u00e2ncer de mama, a Assembleia Legislativa busca fazer a diferen\u00e7a na vida das mulheres e ajudar a salvar vidas.<\/p>\n<p><strong>Entenda<\/strong><\/p>\n<p>O movimento Outubro Rosa surgiu nos Estados Unidos na d\u00e9cada de 1990 e \u00e9 celebrado no Brasil h\u00e1 cinco anos. Cerca de 50 mil mulheres por ano s\u00e3o diagnosticadas com c\u00e2ncer de mama no Brasil. A cada ano v\u00e1rias cidades do pa\u00eds colorem de rosa alguns de seus principais monumentos, como por exemplo, a catedral e o Congresso Nacional em Bras\u00edlia, o Cristo Redentor no Rio de Janeiro e o Viaduto do Ch\u00e1 em S\u00e3o Paulo para incentivar as atividades\u00a0da\u00a0campanha.<\/p>\n<p>O post <a rel=\"nofollow noopener\" href=\"https:\/\/wscom.com.br\/alpb-lanca-campanha-outubro-rosa-em-sessao-especial-na-proxima-segunda-feira\/\" target=\"_blank\">ALPB lan\u00e7a campanha Outubro Rosa em sess\u00e3o especial na pr\u00f3xima segunda-feira<\/a> apareceu primeiro em <a rel=\"nofollow noopener\" href=\"https:\/\/wscom.com.br\/\" target=\"_blank\">WSCOM<\/a>.<\/p>\n","protected":false},"excerpt":{"rendered":"<p>Chamar a aten\u00e7\u00e3o da popula\u00e7\u00e3o e alertar para a import\u00e2ncia da preven\u00e7\u00e3o e diagn\u00f3stico precoce de c\u00e2ncer de mama. Essa \u00e9 a miss\u00e3o da campanha de mobiliza\u00e7\u00e3o Outubro Rosa, da Assembleia Legislativa da Para\u00edba, que ser\u00e1 lan\u00e7ada \u00e0s 14h da pr\u00f3xima segunda-feira (2), em Sess\u00e3o Especial no plen\u00e1rio. Durante todo o m\u00eas, ser\u00e3o realizadas diversas [\u2026]<\/p>\n<p>O post <a rel=\"nofollow\" href=\"https:\/\/wscom.com.br\/alpb-lanca-campanha-outubro-rosa-em-sessao-especial-na-proxima-segunda-feira\/\">ALPB lan\u00e7a campanha Outubro Rosa em sess\u00e3o especial na pr\u00f3xima segunda-feira<\/a> apareceu primeiro em <a rel=\"nofollow\" href=\"https:\/\/wscom.com.br\/\">WSCOM<\/a>.<\/p>\n","protected":false},"author":49,"featured_media":0,"comment_status":"closed","ping_status":"closed","sticky":false,"template":"","format":"standard","meta":{"advgb_blocks_editor_width":"","advgb_blocks_columns_visual_guide":"","footnotes":""},"categories":[546,381,34,8430,9608,47],"tags":[35],"class_list":["post-36737","post","type-post","status-publish","format-standard","hentry","category-alpb","category-cancer-de-mama","category-g1","category-mobilizacao","category-outubro-rosa","category-politica","tag-g1"],"author_meta":{"display_name":"Cristiane Cavalcante","author_link":"https:\/\/sindaopcpb.org.br\/author\/cristiane-cavalcante\/"},"featured_img":null,"coauthors":[],"tax_additional":{"categories":{"linked":["<a href=\"https:\/\/sindaopcpb.org.br\/alpb\/\" class=\"advgb-post-tax-term\">ALPB<\/a>","<a href=\"https:\/\/sindaopcpb.org.br\/cancer-de-mama\/\" class=\"advgb-post-tax-term\">c\u00e2ncer de mama<\/a>","<a href=\"https:\/\/sindaopcpb.org.br\/g1\/\" class=\"advgb-post-tax-term\">G1<\/a>","<a href=\"https:\/\/sindaopcpb.org.br\/mobilizacao\/\" class=\"advgb-post-tax-term\">Mobiliza\u00e7\u00e3o<\/a>","<a href=\"https:\/\/sindaopcpb.org.br\/outubro-rosa\/\" class=\"advgb-post-tax-term\">Outubro Rosa<\/a>","<a href=\"https:\/\/sindaopcpb.org.br\/politica\/\" class=\"advgb-post-tax-term\">POLITICA<\/a>"],"unlinked":["<span class=\"advgb-post-tax-term\">ALPB<\/span>","<span class=\"advgb-post-tax-term\">c\u00e2ncer de mama<\/span>","<span class=\"advgb-post-tax-term\">G1<\/span>","<span class=\"advgb-post-tax-term\">Mobiliza\u00e7\u00e3o<\/span>","<span class=\"advgb-post-tax-term\">Outubro Rosa<\/span>","<span class=\"advgb-post-tax-term\">POLITICA<\/span>"]},"tags":{"linked":["<a href=\"https:\/\/sindaopcpb.org.br\/politica\/\" class=\"advgb-post-tax-term\">g1<\/a>"],"unlinked":["<span class=\"advgb-post-tax-term\">g1<\/span>"]}},"comment_count":"0","relative_dates":{"created":"Publicado 3 anos atr\u00e1s","modified":"Atualizado 3 anos atr\u00e1s"},"absolute_dates":{"created":"Publicado em 29 de setembro de 2023","modified":"Atualizado em 29 de setembro de 2023"},"absolute_dates_time":{"created":"Publicado em 29 de setembro de 2023 16:46","modified":"Atualizado em 29 de setembro de 2023 16:46"},"featured_img_caption":"","series_order":"","_links":{"self":[{"href":"https:\/\/sindaopcpb.org.br\/index.php\/wp-json\/wp\/v2\/posts\/36737","targetHints":{"allow":["GET"]}}],"collection":[{"href":"https:\/\/sindaopcpb.org.br\/index.php\/wp-json\/wp\/v2\/posts"}],"about":[{"href":"https:\/\/sindaopcpb.org.br\/index.php\/wp-json\/wp\/v2\/types\/post"}],"author":[{"embeddable":true,"href":"https:\/\/sindaopcpb.org.br\/index.php\/wp-json\/wp\/v2\/users\/49"}],"replies":[{"embeddable":true,"href":"https:\/\/sindaopcpb.org.br\/index.php\/wp-json\/wp\/v2\/comments?post=36737"}],"version-history":[{"count":1,"href":"https:\/\/sindaopcpb.org.br\/index.php\/wp-json\/wp\/v2\/posts\/36737\/revisions"}],"predecessor-version":[{"id":36738,"href":"https:\/\/sindaopcpb.org.br\/index.php\/wp-json\/wp\/v2\/posts\/36737\/revisions\/36738"}],"wp:attachment":[{"href":"https:\/\/sindaopcpb.org.br\/index.php\/wp-json\/wp\/v2\/media?parent=36737"}],"wp:term":[{"taxonomy":"category","embeddable":true,"href":"https:\/\/sindaopcpb.org.br\/index.php\/wp-json\/wp\/v2\/categories?post=36737"},{"taxonomy":"post_tag","embeddable":true,"href":"https:\/\/sindaopcpb.org.br\/index.php\/wp-json\/wp\/v2\/tags?post=36737"}],"curies":[{"name":"wp","href":"https:\/\/api.w.org\/{rel}","templated":true}]}}