{"id":36721,"date":"2023-09-29T15:34:10","date_gmt":"2023-09-29T18:34:10","guid":{"rendered":"https:\/\/wpa.wscom.com.br\/?p=925155"},"modified":"2023-09-29T15:34:10","modified_gmt":"2023-09-29T18:34:10","slug":"pdt-deve-resolver-imbroglio-da-direcao-ate-fim-de-outubro-e-esposa-de-cicero-pode-assumir-ate-diretorio-estadual-diz-atual-presidente","status":"publish","type":"post","link":"https:\/\/sindaopcpb.org.br\/index.php\/2023\/09\/29\/pdt-deve-resolver-imbroglio-da-direcao-ate-fim-de-outubro-e-esposa-de-cicero-pode-assumir-ate-diretorio-estadual-diz-atual-presidente\/","title":{"rendered":"PDT deve resolver imbr\u00f3glio da dire\u00e7\u00e3o at\u00e9 fim de outubro, e esposa de C\u00edcero pode assumir at\u00e9 diret\u00f3rio estadual, diz atual\u00a0presidente"},"content":{"rendered":"<p>O atual presidente estadual do PDT, Marcos Ribeiro, falou nesta sexta-feira (29) sobre as tratativas para a mudan\u00e7a no comando dos diret\u00f3rios do partido a partir do pr\u00f3ximo m\u00eas, quando encerra a vig\u00eancia da comiss\u00e3o provis\u00f3ria. Segundo Ribeiro, a tend\u00eancia \u00e9 que haja uma recomposi\u00e7\u00e3o de nomes para ocupar as vagas, mas que todas as decis\u00f5es s\u00f3 ser\u00e3o tomadas ap\u00f3s 15 de outubro.<\/p>\n<p>\u201cNossa comiss\u00e3o provis\u00f3ria ainda est\u00e1 vigente, vai at\u00e9 a segunda quinzena, mais ou menos, de outubro. Depois disso, a nacional evidentemente vai se reunir e vai avaliar que nome seria, se continuo eu conduzindo, se a tend\u00eancia \u00e9 que haja uma recomposi\u00e7\u00e3o de nomes\u201d, disse o presidente \u00e0 r\u00e1dio Arapuan FM.<\/p>\n<p>Questionado sobre a indica\u00e7\u00e3o ministro Carlos Lupi, presidente nacional da sigla, que confirmou a sugest\u00e3o da primeira-dama de Jo\u00e3o Pessoa, a ex-vice-governadora Laurem\u00edlia Lucena, para comandar o partido no estado, Ribeiro ressaltou a import\u00e2ncia pol\u00edtica da esposa de C\u00edcero Lucena, mas disse que a indica\u00e7\u00e3o passar\u00e1 pelo crivo da dire\u00e7\u00e3o nacional.<\/p>\n<p>\u201cPessoalmente eu fico muito feliz com essa sinaliza\u00e7\u00e3o da vinda da senhora Lucena pelo pela carreira pol\u00edtica dela, pela import\u00e2ncia na pol\u00edtica na pol\u00edtica estadual. Quanto a essa quest\u00e3o, n\u00e3o h\u00e1 veto nenhum \u00e9 certamente passar\u00e1 pela avalia\u00e7\u00e3o da nacional\u201d, declarou.<\/p>\n<p>Ainda de acordo com o atual presidente, ap\u00f3s a prov\u00e1vel filia\u00e7\u00e3o de Laurem\u00edlia, a primeira-dama poder\u00e1 assumir o comando do diret\u00f3rio municipal do partido, ou at\u00e9 mesmo do estadual.<\/p>\n<p>\u201cEla depois de filiada tem, como qualquer outro filiado, tem possibilidade de exercer qualquer cargo. Eu gostaria muito de te-la na dire\u00e7\u00e3o estadual junto comigo. Nosso compromisso \u00e9 com o desenvolvimento do partido, e evidentemente dando prefer\u00eancia as personalidades que t\u00eam atua\u00e7\u00e3o pol\u00edtica, como \u00e9 o caso da primeira-dama Laurem\u00edlia Lucena\u201d, disse o atual dirigente.<\/p>\n<p>Marcos Ribeiro ainda descartou o nome do prefeito de Cabedelo, Vitor Hugo (Uni\u00e3o Brasil), no novo cen\u00e1rio do PDT da Para\u00edba e disse que a escolha da nova dire\u00e7\u00e3o est\u00e1 sendo alvo de muitas especula\u00e7\u00f5es.<\/p>\n<p>\u201cN\u00e3o ouvi falar, n\u00e3o ouvi falar, ele [Vitor Hugo] n\u00e3o est\u00e1 no partido, portanto n\u00e3o posso cogitar coisas. O restante s\u00e3o especula\u00e7\u00f5es que qualquer um pode fazer\u201d, concluiu.<\/p>\n<p>&nbsp;<\/p>\n<p>O post <a rel=\"nofollow noopener\" href=\"https:\/\/wscom.com.br\/pdt-deve-resolver-imbroglio-da-direcao-ate-fim-de-outubro-e-esposa-de-cicero-pode-assumir-ate-diretorio-estadual-diz-atual-presidente\/\" target=\"_blank\">PDT deve resolver imbr\u00f3glio da dire\u00e7\u00e3o at\u00e9 fim de outubro, e esposa de C\u00edcero pode assumir at\u00e9 diret\u00f3rio estadual, diz atual\u00a0presidente<\/a> apareceu primeiro em <a rel=\"nofollow noopener\" href=\"https:\/\/wscom.com.br\/\" target=\"_blank\">WSCOM<\/a>.<\/p>\n","protected":false},"excerpt":{"rendered":"<p>O atual presidente estadual do PDT, Marcos Ribeiro, falou nesta sexta-feira (29) sobre as tratativas para a mudan\u00e7a no comando dos diret\u00f3rios do partido a partir do pr\u00f3ximo m\u00eas, quando encerra a vig\u00eancia da comiss\u00e3o provis\u00f3ria. Segundo Ribeiro, a tend\u00eancia \u00e9 que haja uma recomposi\u00e7\u00e3o de nomes para ocupar as vagas, mas que todas as [\u2026]<\/p>\n<p>O post <a rel=\"nofollow\" href=\"https:\/\/wscom.com.br\/pdt-deve-resolver-imbroglio-da-direcao-ate-fim-de-outubro-e-esposa-de-cicero-pode-assumir-ate-diretorio-estadual-diz-atual-presidente\/\">PDT deve resolver imbr\u00f3glio da dire\u00e7\u00e3o at\u00e9 fim de outubro, e esposa de C\u00edcero pode assumir at\u00e9 diret\u00f3rio estadual, diz atual\u00a0presidente<\/a> apareceu primeiro em <a rel=\"nofollow\" href=\"https:\/\/wscom.com.br\/\">WSCOM<\/a>.<\/p>\n","protected":false},"author":49,"featured_media":0,"comment_status":"closed","ping_status":"closed","sticky":false,"template":"","format":"standard","meta":{"advgb_blocks_editor_width":"","advgb_blocks_columns_visual_guide":"","footnotes":""},"categories":[9605,34,228,9606,4093,47],"tags":[35],"class_list":["post-36721","post","type-post","status-publish","format-standard","hentry","category-comando-do-diretorio","category-g1","category-lauremilia-lucena","category-marcos-ribeiro","category-pdt","category-politica","tag-g1"],"author_meta":{"display_name":"Cristiane Cavalcante","author_link":"https:\/\/sindaopcpb.org.br\/author\/cristiane-cavalcante\/"},"featured_img":null,"coauthors":[],"tax_additional":{"categories":{"linked":["<a href=\"https:\/\/sindaopcpb.org.br\/comando-do-diretorio\/\" class=\"advgb-post-tax-term\">comando do diret\u00f3rio<\/a>","<a href=\"https:\/\/sindaopcpb.org.br\/g1\/\" class=\"advgb-post-tax-term\">G1<\/a>","<a href=\"https:\/\/sindaopcpb.org.br\/lauremilia-lucena\/\" class=\"advgb-post-tax-term\">Laurem\u00edlia Lucena<\/a>","<a href=\"https:\/\/sindaopcpb.org.br\/marcos-ribeiro\/\" class=\"advgb-post-tax-term\">Marcos Ribeiro<\/a>","<a href=\"https:\/\/sindaopcpb.org.br\/pdt\/\" class=\"advgb-post-tax-term\">PDT<\/a>","<a href=\"https:\/\/sindaopcpb.org.br\/politica\/\" class=\"advgb-post-tax-term\">POLITICA<\/a>"],"unlinked":["<span class=\"advgb-post-tax-term\">comando do diret\u00f3rio<\/span>","<span class=\"advgb-post-tax-term\">G1<\/span>","<span class=\"advgb-post-tax-term\">Laurem\u00edlia Lucena<\/span>","<span class=\"advgb-post-tax-term\">Marcos Ribeiro<\/span>","<span class=\"advgb-post-tax-term\">PDT<\/span>","<span class=\"advgb-post-tax-term\">POLITICA<\/span>"]},"tags":{"linked":["<a href=\"https:\/\/sindaopcpb.org.br\/politica\/\" class=\"advgb-post-tax-term\">g1<\/a>"],"unlinked":["<span class=\"advgb-post-tax-term\">g1<\/span>"]}},"comment_count":"0","relative_dates":{"created":"Publicado 3 anos atr\u00e1s","modified":"Atualizado 3 anos atr\u00e1s"},"absolute_dates":{"created":"Publicado em 29 de setembro de 2023","modified":"Atualizado em 29 de setembro de 2023"},"absolute_dates_time":{"created":"Publicado em 29 de setembro de 2023 15:34","modified":"Atualizado em 29 de setembro de 2023 15:34"},"featured_img_caption":"","series_order":"","_links":{"self":[{"href":"https:\/\/sindaopcpb.org.br\/index.php\/wp-json\/wp\/v2\/posts\/36721","targetHints":{"allow":["GET"]}}],"collection":[{"href":"https:\/\/sindaopcpb.org.br\/index.php\/wp-json\/wp\/v2\/posts"}],"about":[{"href":"https:\/\/sindaopcpb.org.br\/index.php\/wp-json\/wp\/v2\/types\/post"}],"author":[{"embeddable":true,"href":"https:\/\/sindaopcpb.org.br\/index.php\/wp-json\/wp\/v2\/users\/49"}],"replies":[{"embeddable":true,"href":"https:\/\/sindaopcpb.org.br\/index.php\/wp-json\/wp\/v2\/comments?post=36721"}],"version-history":[{"count":1,"href":"https:\/\/sindaopcpb.org.br\/index.php\/wp-json\/wp\/v2\/posts\/36721\/revisions"}],"predecessor-version":[{"id":36722,"href":"https:\/\/sindaopcpb.org.br\/index.php\/wp-json\/wp\/v2\/posts\/36721\/revisions\/36722"}],"wp:attachment":[{"href":"https:\/\/sindaopcpb.org.br\/index.php\/wp-json\/wp\/v2\/media?parent=36721"}],"wp:term":[{"taxonomy":"category","embeddable":true,"href":"https:\/\/sindaopcpb.org.br\/index.php\/wp-json\/wp\/v2\/categories?post=36721"},{"taxonomy":"post_tag","embeddable":true,"href":"https:\/\/sindaopcpb.org.br\/index.php\/wp-json\/wp\/v2\/tags?post=36721"}],"curies":[{"name":"wp","href":"https:\/\/api.w.org\/{rel}","templated":true}]}}