{"id":36714,"date":"2023-09-29T15:25:34","date_gmt":"2023-09-29T18:25:34","guid":{"rendered":"https:\/\/g1.globo.com\/pb\/paraiba\/noticia\/2023\/09\/29\/ufpb-abre-432-vagas-para-transferencia-voluntaria-ingresso-de-graduados-e-reopcao-de-curso.ghtml"},"modified":"2023-09-29T15:25:34","modified_gmt":"2023-09-29T18:25:34","slug":"ufpb-abre-432-vagas-para-transferencia-voluntaria-ingresso-de-graduados-e-reopcao-de-curso","status":"publish","type":"post","link":"https:\/\/sindaopcpb.org.br\/index.php\/2023\/09\/29\/ufpb-abre-432-vagas-para-transferencia-voluntaria-ingresso-de-graduados-e-reopcao-de-curso\/","title":{"rendered":"UFPB abre 432 vagas para transfer\u00eancia volunt\u00e1ria, ingresso de graduados e reop\u00e7\u00e3o de curso"},"content":{"rendered":"   <img src=\"https:\/\/s2.glbimg.com\/ISfLZ_MXdm007SQ5itpuVj2L-qs=\/s.glbimg.com\/jo\/g1\/f\/original\/2017\/03\/09\/ufpb_reitoria.jpg\" \/><br \/>     S\u00e3o 250 para transfer\u00eancia volunt\u00e1ria e ingressos de graduados, e 182 vagas para reop\u00e7\u00e3o de curso, para modalidade presencial e ingresso no per\u00edodo letivo de 2023.2.  Reitoria da Universidade Federal da Para\u00edba (UFPB)\nKrystine Carneiro\/G1\nA Universidade Federal da Para\u00edba (UFPB) publicou 3 editais, na quinta-feira (28), com 432 vagas para ingresso de alunos por transfer\u00eancia volunt\u00e1ria, ingresso de graduados e para alunos da UFPB que desejam a reop\u00e7\u00e3o de curso. S\u00e3o 250 para transfer\u00eancia volunt\u00e1ria e ingressos de graduados, e 182 vagas para reop\u00e7\u00e3o de curso, divididas entre os quatro campi da institui\u00e7\u00e3o.\nAs inscri\u00e7\u00f5es para as sele\u00e7\u00f5es ser\u00e3o realizadas exclusivamente pelo Sistema Integrado de Gest\u00e3o das Atividades Acad\u00eamicas (Sigaa), no per\u00edodo de 02 a 06 de outubro.\nOs editais s\u00e3o para modalidade de ensino presencial e para ingresso no per\u00edodo letivo de 2023.2. \nApenas os candidatos para os cursos de M\u00fasica (Bacharelado e Licenciatura) dever\u00e3o realizar prova pr\u00e1tica de conhecimento espec\u00edfico. Para os outros cursos n\u00e3o ser\u00e1 necess\u00e1rio.\nTransfer\u00eancia volunt\u00e1ria \nO edital de transfer\u00eancia volunt\u00e1ria oferece 138 vagas para 44 cursos para estudantes de outras institui\u00e7\u00f5es que desejem mudar de universidade e ingressar em um dos cursos da UFPB. \nPara se candidatar, o estudante precisa:\nTer cursado e integralizado, na institui\u00e7\u00e3o de origem, um m\u00ednimo de 25% e no m\u00e1ximo 50% da carga hor\u00e1ria total do curso ao qual se encontra vinculado na data da inscri\u00e7\u00e3o;\nTer realizado ao menos uma edi\u00e7\u00e3o do Exame Nacional do Ensino M\u00e9dio (ENEM) nos \u00faltimos tr\u00eas anos (2021, 2021 ou 2022);\nApresentar hist\u00f3rico acad\u00eamico com CRA igual ou superior a 5;\nEfetuar o pagamento da taxa de inscri\u00e7\u00e3o via Guia de Recolhimento da Uni\u00e3o, at\u00e9 o dia 09 de outubro.\nReop\u00e7\u00e3o de curso \nO edital de reop\u00e7\u00e3o de curso oferece 182 vagas divididas entre 66 cursos dos quatro campi da institui\u00e7\u00e3o. Os estudantes selecionados poder\u00e3o mudar de curso de gradua\u00e7\u00e3o ao qual est\u00e3o vinculados na universidade. \nA reop\u00e7\u00e3o s\u00f3 pode ser realizada entre cursos da mesma \u00e1rea de conhecimento do curso de origem do candidato.\nOs candidatos n\u00e3o precisaram fazer provas, exceto para aqueles que desejarem concorrer aos cursos de M\u00fasica (Bacharelado e Licenciatura). \nPara se candidatar:\nTer no m\u00ednimo 12% e no m\u00e1ximo 50% do curso conclu\u00eddo;\nPossuir Coeficiente de Rendimento Acad\u00eamico (CRA) igual ou superior a 5.\nEntrada de graduados\nO edital de entrada de graduados oferta 112 vagas para 55 cursos para candidatos portadores de diplomas de n\u00edvel superior que desejem ingressar nos cursos regulares de gradua\u00e7\u00e3o da UFPB.\nPara se candidatar:\nApresentar Hist\u00f3rico Acad\u00eamico com Coeficiente de Rendimento Acad\u00eamico (CRA) igual ou superior a 7,0;\nRealizar pagamento da taxa de inscri\u00e7\u00e3o via Guia de Recolhimento da Uni\u00e3o (GRU), at\u00e9 o dia 09 de outubro.\nV\u00eddeos mais assistidos do g1 Para\u00edba  ","protected":false},"excerpt":{"rendered":"<p>        S\u00e3o 250 para transfer\u00eancia volunt\u00e1ria e ingressos de graduados, e 182 vagas para reop\u00e7\u00e3o de curso, para modalidade presencial e ingresso no per\u00edodo letivo de 2023.2.  Reitoria da Universidade Federal da Para\u00edba (UFPB)<br \/>\nKrystine Carneiro\/G1<br \/>\nA Uni&#8230;<\/p>\n","protected":false},"author":2,"featured_media":0,"comment_status":"closed","ping_status":"closed","sticky":false,"template":"","format":"standard","meta":{"advgb_blocks_editor_width":"","advgb_blocks_columns_visual_guide":"","footnotes":""},"categories":[34],"tags":[35],"class_list":["post-36714","post","type-post","status-publish","format-standard","hentry","category-g1","tag-g1"],"author_meta":{"display_name":"g1 &gt; Para\u00edba","author_link":"https:\/\/sindaopcpb.org.br\/author\/g1-paraiba\/"},"featured_img":null,"coauthors":[],"tax_additional":{"categories":{"linked":["<a href=\"https:\/\/sindaopcpb.org.br\/g1\/\" class=\"advgb-post-tax-term\">G1<\/a>"],"unlinked":["<span class=\"advgb-post-tax-term\">G1<\/span>"]},"tags":{"linked":["<a href=\"https:\/\/sindaopcpb.org.br\/g1\/\" class=\"advgb-post-tax-term\">g1<\/a>"],"unlinked":["<span class=\"advgb-post-tax-term\">g1<\/span>"]}},"comment_count":"0","relative_dates":{"created":"Publicado 3 anos atr\u00e1s","modified":"Atualizado 3 anos atr\u00e1s"},"absolute_dates":{"created":"Publicado em 29 de setembro de 2023","modified":"Atualizado em 29 de setembro de 2023"},"absolute_dates_time":{"created":"Publicado em 29 de setembro de 2023 15:25","modified":"Atualizado em 29 de setembro de 2023 15:25"},"featured_img_caption":"","series_order":"","_links":{"self":[{"href":"https:\/\/sindaopcpb.org.br\/index.php\/wp-json\/wp\/v2\/posts\/36714","targetHints":{"allow":["GET"]}}],"collection":[{"href":"https:\/\/sindaopcpb.org.br\/index.php\/wp-json\/wp\/v2\/posts"}],"about":[{"href":"https:\/\/sindaopcpb.org.br\/index.php\/wp-json\/wp\/v2\/types\/post"}],"author":[{"embeddable":true,"href":"https:\/\/sindaopcpb.org.br\/index.php\/wp-json\/wp\/v2\/users\/2"}],"replies":[{"embeddable":true,"href":"https:\/\/sindaopcpb.org.br\/index.php\/wp-json\/wp\/v2\/comments?post=36714"}],"version-history":[{"count":1,"href":"https:\/\/sindaopcpb.org.br\/index.php\/wp-json\/wp\/v2\/posts\/36714\/revisions"}],"predecessor-version":[{"id":36715,"href":"https:\/\/sindaopcpb.org.br\/index.php\/wp-json\/wp\/v2\/posts\/36714\/revisions\/36715"}],"wp:attachment":[{"href":"https:\/\/sindaopcpb.org.br\/index.php\/wp-json\/wp\/v2\/media?parent=36714"}],"wp:term":[{"taxonomy":"category","embeddable":true,"href":"https:\/\/sindaopcpb.org.br\/index.php\/wp-json\/wp\/v2\/categories?post=36714"},{"taxonomy":"post_tag","embeddable":true,"href":"https:\/\/sindaopcpb.org.br\/index.php\/wp-json\/wp\/v2\/tags?post=36714"}],"curies":[{"name":"wp","href":"https:\/\/api.w.org\/{rel}","templated":true}]}}